{"id":345182,"date":"2025-08-26T12:52:10","date_gmt":"2025-08-26T12:52:10","guid":{"rendered":"https:\/\/www.europesays.com\/fr\/345182\/"},"modified":"2025-08-26T12:52:10","modified_gmt":"2025-08-26T12:52:10","slug":"colonel-reyel-debarque-dans-cette-boite-de-nuit-de-rennes","status":"publish","type":"post","link":"https:\/\/www.europesays.com\/fr\/345182\/","title":{"rendered":"Colonel Reyel d\u00e9barque dans cette bo\u00eete de nuit de Rennes"},"content":{"rendered":"<p>            Par<br \/>\n        <strong><br \/>\n            <a href=\"https:\/\/actu.fr\/auteur\/lou-batteux\" title=\"Consulter tous les articles de Lou Batteux\" target=\"_blank\" rel=\"noopener\">Lou Batteux<\/a><br \/>\n        <\/strong><\/p>\n<p>        Publi\u00e9 le<\/p>\n<p>            26 ao\u00fbt 2025 \u00e0 14h03        <\/p>\n<p>C\u2019est <strong>\u00ab\u2009LA soir\u00e9e de l\u2019\u00e9t\u00e9\u2009\u00bb<\/strong> pour l\u2019Espace Club. <strong>Vendredi 29\u00a0ao\u00fbt 2025<\/strong>, la discoth\u00e8que rennaise, qui ouvrira ses portes <strong>\u00e0 partir de minuit<\/strong>, accueille \u00ab\u2009une l\u00e9gende du dancehall fran\u00e7ais\u2009\u00bb pour clore la saison estivale en beaut\u00e9.<\/p>\n<p class=\" wall-content\"><strong>Colonel Reyel<\/strong> prendra les rennes de la soir\u00e9e qu\u2019il garantit \u00ab\u2009exceptionnelle\u2009\u00bb jusqu\u2019au bout de la nuit. \u00ab\u2009Laissez-moi \u00eatre celui qui partage votre nuit\u2009\u00bb, annonce-t-il dans la story Instagram du r\u00e9seau social.<\/p>\n<p class=\" wall-content\"><a href=\"https:\/\/www.instagram.com\/p\/DNOP8mosABd\/embed\" title=\"Ouvrir le lien sur Instagram\" target=\"_blank\" rel=\"noopener\">Visualiser le contenu sur Instagram<\/a><\/p>\n<p class=\" wall-content\"><strong>\u00ab\u00a0Celui\u00a0\u00bb, \u00ab\u00a0Toutes les nuits\u00a0\u00bb, \u00ab\u00a0Aur\u00e9lie\u00a0\u00bb\u2026<\/strong> L\u2019auteur-compositeur-interpr\u00e8te originaire des Antilles reprendra ses hits qui ont \u00ab\u2009fait vibrer toute une g\u00e9n\u00e9ration\u2009\u00bb. L\u2019occasion de venir chanter, danser et s\u2019ambiancer toute la nuit.<\/p>\n<p>R\u00e9serve ta place<\/p>\n<p class=\" wall-content\">Si vous ne voulez pas rater cet \u00e9v\u00e8nement unique \u00e0 Rennes, rendez-vous rapidement sur <a href=\"https:\/\/shotgun.live\/fr\/events\/colonel-reyel-x-l-espace-club\" target=\"_blank\" rel=\"noopener\">la billetterie en ligne<\/a> (15\u00a0euros +\u00a041 centimes de frais de r\u00e9servation) avant qu\u2019il ne reste plus aucune place. L\u2019entr\u00e9e est <strong>interdite aux mineurs<\/strong>, une preuve d\u2019identit\u00e9 avec photo obligatoire sera exig\u00e9e \u00e0 l\u2019entr\u00e9e de la bo\u00eete.<\/p>\n<p class=\" wall-content\">L\u2019Espace se r\u00e9serve le droit de <strong>refuser l\u2019acc\u00e8s aux personnes en \u00e9tat d\u2019ivresse<\/strong>, m\u00eame si elles poss\u00e8dent un billet.<\/p>\n<p class=\" wall-content\">Personnalisez votre actualit\u00e9 en ajoutant vos villes et m\u00e9dias en favori avec <a href=\"https:\/\/moncompte.actu.fr\" title=\"D\u00e9couvez Mon Actu\" rel=\"nofollow noopener\" data-trk=\"{&quot;cta&quot;:{&quot;action&quot;:&quot;https:\\\/\\\/moncompte.actu.fr&quot;,&quot;category&quot;:&quot;mon compte&quot;,&quot;from&quot;:&quot;article footer&quot;,&quot;name&quot;:&quot;Mon actu&quot;,&quot;type&quot;:&quot;cta&quot;}}\" target=\"_blank\">Mon Actu<\/a>.<\/p>\n<p>                    <script async src=\"\/\/www.instagram.com\/embed.js\"><\/script><\/p>\n","protected":false},"excerpt":{"rendered":"Par Lou Batteux Publi\u00e9 le 26 ao\u00fbt 2025 \u00e0 14h03 C\u2019est \u00ab\u2009LA soir\u00e9e de l\u2019\u00e9t\u00e9\u2009\u00bb pour l\u2019Espace Club.&hellip;\n","protected":false},"author":2,"featured_media":345183,"comment_status":"","ping_status":"","sticky":false,"template":"","format":"standard","meta":{"footnotes":""},"categories":[2821],"tags":[1111,11,829,5972,1777,674,1011,27,1652,873,12,584,25],"class_list":{"0":"post-345182","1":"post","2":"type-post","3":"status-publish","4":"format-standard","5":"has-post-thumbnail","7":"category-rennes","8":"tag-actu","9":"tag-actualites","10":"tag-bretagne","11":"tag-danse","12":"tag-eu","13":"tag-europe","14":"tag-fr","15":"tag-france","16":"tag-loisirs-culture","17":"tag-musique","18":"tag-news","19":"tag-rennes","20":"tag-republique-francaise"},"share_on_mastodon":{"url":"https:\/\/pubeurope.com\/@fr\/115095164911163097","error":""},"_links":{"self":[{"href":"https:\/\/www.europesays.com\/fr\/wp-json\/wp\/v2\/posts\/345182","targetHints":{"allow":["GET"]}}],"collection":[{"href":"https:\/\/www.europesays.com\/fr\/wp-json\/wp\/v2\/posts"}],"about":[{"href":"https:\/\/www.europesays.com\/fr\/wp-json\/wp\/v2\/types\/post"}],"author":[{"embeddable":true,"href":"https:\/\/www.europesays.com\/fr\/wp-json\/wp\/v2\/users\/2"}],"replies":[{"embeddable":true,"href":"https:\/\/www.europesays.com\/fr\/wp-json\/wp\/v2\/comments?post=345182"}],"version-history":[{"count":0,"href":"https:\/\/www.europesays.com\/fr\/wp-json\/wp\/v2\/posts\/345182\/revisions"}],"wp:featuredmedia":[{"embeddable":true,"href":"https:\/\/www.europesays.com\/fr\/wp-json\/wp\/v2\/media\/345183"}],"wp:attachment":[{"href":"https:\/\/www.europesays.com\/fr\/wp-json\/wp\/v2\/media?parent=345182"}],"wp:term":[{"taxonomy":"category","embeddable":true,"href":"https:\/\/www.europesays.com\/fr\/wp-json\/wp\/v2\/categories?post=345182"},{"taxonomy":"post_tag","embeddable":true,"href":"https:\/\/www.europesays.com\/fr\/wp-json\/wp\/v2\/tags?post=345182"}],"curies":[{"name":"wp","href":"https:\/\/api.w.org\/{rel}","templated":true}]}}