{"id":345184,"date":"2025-08-26T12:53:15","date_gmt":"2025-08-26T12:53:15","guid":{"rendered":"https:\/\/www.europesays.com\/fr\/345184\/"},"modified":"2025-08-26T12:53:15","modified_gmt":"2025-08-26T12:53:15","slug":"des-actes-de-barbarie-deux-hommes-mis-en-examen-pour-le-meurtre-dun-homme-dont-le-corps-a-ete-retrouve-calcine-pres-de-rennes","status":"publish","type":"post","link":"https:\/\/www.europesays.com\/fr\/345184\/","title":{"rendered":"\u00ab\u00a0Des actes de barbarie\u00a0\u00bb\u00a0: deux hommes mis en examen pour le meurtre d\u2019un homme, dont le corps a \u00e9t\u00e9 retrouv\u00e9 calcin\u00e9 pr\u00e8s de Rennes"},"content":{"rendered":"<p class=\"paragraph text_align_left lp-f-body-02\">Trois jours apr\u00e8s la d\u00e9couverte <a href=\"https:\/\/www.leparisien.fr\/faits-divers\/le-corps-partiellement-calcine-dun-homme-decouvert-sur-un-parking-en-bretagne-23-08-2025-PZSTU6EMEFE2HAH5PDRBRY3OTU.php\" rel=\"nofollow noopener\" target=\"_blank\">du corps d\u2019un homme, retrouv\u00e9 en partie calcin\u00e9<\/a>, \u00e0 La Chapelle-Erbr\u00e9e (<a href=\"https:\/\/www.leparisien.fr\/ille-et-vilaine-35\/\" rel=\"nofollow noopener\" target=\"_blank\">Ille-et-Vilaine<\/a>), \u00e0 proximit\u00e9 de Vitr\u00e9, l\u2019enqu\u00eate progresse. <a href=\"https:\/\/www.leparisien.fr\/faits-divers\/deux-hommes-places-en-garde-a-vue-apres-la-decouverte-du-corps-dun-homme-pres-de-rennes-calcine-et-frappe-a-coups-de-marteau-25-08-2025-NZG44K656FB6PGE2KNRGDHVZOQ.php\" target=\"_blank\" rel=\"noreferrer nofollow noopener\">Les deux hommes, plac\u00e9s en garde \u00e0 vue ce week-end<\/a>, ont \u00e9t\u00e9 mis en examen pour \u00ab actes de torture et de barbarie \u00bb et \u00ab meurtre aggrav\u00e9 \u00bb, a fait savoir avoir au Parisien le procureur de la R\u00e9publique de Rennes, Fr\u00e9d\u00e9ric Teillet, ce mardi.<\/p>\n<p class=\"paragraph text_align_left lp-f-body-02\">Samedi 23 ao\u00fbt, vers 7 heures du matin, une joggeuse et un p\u00eacheur ont pr\u00e9venu les gendarmes, apr\u00e8s avoir d\u00e9couvert le corps d\u2019un homme, \u00ab en partie calcin\u00e9e \u00bb, \u00e0 hauteur du barrage de la Haute Vilaine sur la commune de La Chapelle d\u2019Erbr\u00e9e.<\/p>\n<p>Deux hommes identifi\u00e9s quelques heures apr\u00e8s les faits<\/p>\n<p class=\"paragraph text_align_left lp-f-body-02\">Selon les premi\u00e8res constatations r\u00e9alis\u00e9es par le m\u00e9decin l\u00e9giste, sur les lieux de d\u00e9couverte du corps, la victime pr\u00e9sente de nombreuses blessures, \u00ab une fracture de la m\u00e2choire \u00bb, \u00ab divers coups sur le visage port\u00e9s \u00e0 l\u2019aide d\u2019un objet contondant \u00bb, ainsi \u00ab que de multiples plaies \u00e0 l\u2019arri\u00e8re du cr\u00e2ne ayant probablement \u00e9t\u00e9 caus\u00e9es par un objet du type marteau \u00bb, avait d\u00e9taill\u00e9 le magistrat lundi.<\/p>\n<p class=\"paragraph text_align_left lp-f-body-02\">Une enqu\u00eate a \u00e9t\u00e9 ouverte dans la foul\u00e9e par le parquet de Rennes pour \u00ab homicide volontaire aggrav\u00e9 \u00bb. Les investigations ont \u00e9t\u00e9 confi\u00e9es \u00e0 la brigade des recherches de Vitr\u00e9 et \u00e0 la section de recherche de Rennes.<\/p>\n<p class=\"lp-card-podcast-highlighting__title  lp-f-subtitle-05\">[4\/4] C\u00e9cile Vallin, les secrets d\u2019une disparition<\/p>\n<p class=\"lp-card-podcast-highlighting__description lp-f-ui-05\">Crime story raconte chaque semaine les grandes affaires criminelles.<\/p>\n<p><a class=\"lp-card-podcast-highlighting__call-to-action\" data-page-type=\"HP\" data-block-name=\"podcast-highlight\">\u00c9couter<\/a><\/p>\n<p class=\"paragraph text_align_left lp-f-body-02\">La victime, \u00ab un homme de 46 ans demeurant Argentr\u00e9-du-Plessis \u00bb, a \u00e9t\u00e9 identifi\u00e9e \u00ab gr\u00e2ce \u00e0 son t\u00e9l\u00e9phone portable retrouv\u00e9 sur le lieu \u00bb, qui n\u2019avait pas totalement br\u00fbl\u00e9, \u00ab ainsi que par ses tatouages \u00bb, avait pr\u00e9cis\u00e9 Fr\u00e9d\u00e9ric Teillet ce lundi.<\/p>\n<p class=\"paragraph text_align_left lp-f-body-02\">Gr\u00e2ce aux investigations, les enqu\u00eateurs ont r\u00e9ussi \u00e0 identifier deux hommes. Un premier individu, \u00e2g\u00e9 de 37 ans, a \u00e9t\u00e9 interpell\u00e9 samedi en d\u00e9but d\u2019apr\u00e8s-midi. Un deuxi\u00e8me homme de 30 ans, lui, a \u00e9t\u00e9 arr\u00eat\u00e9 dimanche matin, a d\u00e9taill\u00e9 le magistrat. Les deux hommes ont \u00e9t\u00e9 plac\u00e9s en garde \u00e0 vue du chef de meurtre aggrav\u00e9.<\/p>\n<p>Les mis en cause \u00ab s\u2019accusent mutuellement d\u2019en \u00eatre l\u2019auteur \u00bb<\/p>\n<p class=\"paragraph text_align_left lp-f-body-02\">Selon le procureur, les deux hommes sont d\u00e9j\u00e0 connus des services de police et de justice. Le plus \u00e2g\u00e9, sous curatelle renforc\u00e9e, devait \u00eatre jug\u00e9 l\u2019an prochain pour des faits de violence sur la victime. Le second, lui, a \u00e9t\u00e9 condamn\u00e9 10 fois pour des faits de d\u00e9lits routiers, violences et infractions li\u00e9es au trafic et \u00e0 l\u2019usage de stup\u00e9fiants.<\/p>\n<p class=\"paragraph text_align_left lp-f-body-02\">Selon les premiers \u00e9l\u00e9ments de l\u2019enqu\u00eate, les deux hommes se sont rendus au domicile de la victime, vendredi 21 ao\u00fbt dans la soir\u00e9e, et l\u2019ont forc\u00e9 \u00ab \u00e0 entrer dans le coffre du v\u00e9hicule de l\u2019un d\u2019eux \u00bb, selon le procureur. Ils l\u2019ont ensuite conduit \u00ab au domicile du second, o\u00f9 ils se sont livr\u00e9s \u00e0 des violences pouvant \u00eatre consid\u00e9r\u00e9es comme des actes de torture et de barbarie \u00bb, poursuit Fr\u00e9d\u00e9ric Teillet. Apr\u00e8s ces violences, les deux hommes ont replac\u00e9 la victime, qui \u00e9tait encore vivante \u00e0 ce moment-l\u00e0, dans le coffre du v\u00e9hicule puis l\u2019ont emmen\u00e9 vers le lieu o\u00f9 le corps sera d\u00e9couvert, avant d\u2019y mettre le feu.<\/p>\n<p class=\"paragraph text_align_left lp-f-body-02\">Si les deux hommes ont reconnu ces faits, ils \u00ab s\u2019accusent mutuellement d\u2019en \u00eatre l\u2019auteur, chacun n\u2019admettant qu\u2019avoir \u00e9t\u00e9 pr\u00e9sent tout au long de leur commission \u00bb, pr\u00e9cise Fr\u00e9d\u00e9ric Teillet.<\/p>\n<p class=\"paragraph text_align_left lp-f-body-02\">\u00c0 l\u2019issue de leur garde \u00e0 vue, ce lundi apr\u00e8s-midi, ils ont \u00e9t\u00e9 d\u00e9f\u00e9r\u00e9s au tribunal judiciaire de Rennes, dans le cadre d\u2019une information judiciaire ouverte pour \u00ab actes de torture et de barbarie \u00bb et \u00ab meurtre aggrav\u00e9 par la commission d\u2019un autre crime (les actes de torture) \u00bb. Ils ont \u00e9t\u00e9 mis en examen et plac\u00e9s en d\u00e9tention provisoire. \u00c0 ce stade, \u00ab le mobile qui reste \u00e0 d\u00e9terminer, ne semble pas li\u00e9 \u00e0 un trafic de stup\u00e9fiants \u00bb, ajoute le procureur de la R\u00e9publique.<\/p>\n","protected":false},"excerpt":{"rendered":"Trois jours apr\u00e8s la d\u00e9couverte du corps d\u2019un homme, retrouv\u00e9 en partie calcin\u00e9, \u00e0 La Chapelle-Erbr\u00e9e (Ille-et-Vilaine), \u00e0&hellip;\n","protected":false},"author":2,"featured_media":345185,"comment_status":"","ping_status":"","sticky":false,"template":"","format":"standard","meta":{"footnotes":""},"categories":[2821],"tags":[1111,11,829,459,1777,674,118,1011,27,12,584,25],"class_list":{"0":"post-345184","1":"post","2":"type-post","3":"status-publish","4":"format-standard","5":"has-post-thumbnail","7":"category-rennes","8":"tag-actu","9":"tag-actualites","10":"tag-bretagne","11":"tag-departements-horsidfo","12":"tag-eu","13":"tag-europe","14":"tag-faits-divers","15":"tag-fr","16":"tag-france","17":"tag-news","18":"tag-rennes","19":"tag-republique-francaise"},"share_on_mastodon":{"url":"https:\/\/pubeurope.com\/@fr\/115095169011688259","error":""},"_links":{"self":[{"href":"https:\/\/www.europesays.com\/fr\/wp-json\/wp\/v2\/posts\/345184","targetHints":{"allow":["GET"]}}],"collection":[{"href":"https:\/\/www.europesays.com\/fr\/wp-json\/wp\/v2\/posts"}],"about":[{"href":"https:\/\/www.europesays.com\/fr\/wp-json\/wp\/v2\/types\/post"}],"author":[{"embeddable":true,"href":"https:\/\/www.europesays.com\/fr\/wp-json\/wp\/v2\/users\/2"}],"replies":[{"embeddable":true,"href":"https:\/\/www.europesays.com\/fr\/wp-json\/wp\/v2\/comments?post=345184"}],"version-history":[{"count":0,"href":"https:\/\/www.europesays.com\/fr\/wp-json\/wp\/v2\/posts\/345184\/revisions"}],"wp:featuredmedia":[{"embeddable":true,"href":"https:\/\/www.europesays.com\/fr\/wp-json\/wp\/v2\/media\/345185"}],"wp:attachment":[{"href":"https:\/\/www.europesays.com\/fr\/wp-json\/wp\/v2\/media?parent=345184"}],"wp:term":[{"taxonomy":"category","embeddable":true,"href":"https:\/\/www.europesays.com\/fr\/wp-json\/wp\/v2\/categories?post=345184"},{"taxonomy":"post_tag","embeddable":true,"href":"https:\/\/www.europesays.com\/fr\/wp-json\/wp\/v2\/tags?post=345184"}],"curies":[{"name":"wp","href":"https:\/\/api.w.org\/{rel}","templated":true}]}}