{"id":345186,"date":"2025-08-26T12:54:11","date_gmt":"2025-08-26T12:54:11","guid":{"rendered":"https:\/\/www.europesays.com\/fr\/345186\/"},"modified":"2025-08-26T12:54:11","modified_gmt":"2025-08-26T12:54:11","slug":"strasbourg-le-duo-ionnda-en-concert-a-saint-pierre-le-jeune","status":"publish","type":"post","link":"https:\/\/www.europesays.com\/fr\/345186\/","title":{"rendered":"Strasbourg. Le duo Ionnda en concert \u00e0 Saint-Pierre-le-Jeune"},"content":{"rendered":"<p>Cr\u00e9\u00e9 en 2019, le <a href=\"https:\/\/www.dna.fr\/culture-loisirs\/2023\/11\/20\/le-duo-ionnda-a-fait-le-plein-pour-son-retour\" target=\"_blank\" rel=\"nofollow noopener\">duo Ionnda<\/a> est form\u00e9 de la chanteuse Diane Bucciali et de <a href=\"https:\/\/www.dna.fr\/culture-loisirs\/2024\/05\/15\/la-harpiste-et-chanteuse-fanny-fuchs-ex-chercheuse-en-neurosciences-prepare-son-premier-album\" target=\"_blank\" rel=\"nofollow noopener\">la harpiste Fanny Fuchs<\/a>. Il tient son nom de l\u2019appel des Selkies, ces sir\u00e8nes mi-femmes, mi-phoques qui peuplent les l\u00e9gendes des H\u00e9brides, en \u00c9cosse, gardiennes du royaume des profondeurs de la mer.<\/p>\n<p>Entre musiques d\u2019Irlande, d\u2019\u00c9cosse et quelques \u00e9carts vers l\u2019Angleterre, le concert \u201cHistoires de la mer\u201d raconte les paysages escarp\u00e9s o\u00f9 les pierres gardent la m\u00e9moire des histoires d\u2019amour oubli\u00e9es, o\u00f9 les \u00e9clats des vagues sonnent comme les adieux de ceux qui partent par-del\u00e0 les oc\u00e9ans. Ionnda joue d\u2019une musique populaire vivante, vibrante, et propose un r\u00e9pertoire de chansons, en anglais ou en ga\u00e9lique, accompagn\u00e9es par la harpe celtique avec douceur et finesse. En d\u00e9cembre\u00a02024, le duo a sorti son premier album, un r\u00e9pertoire chaleureux, autour d\u2019airs traditionnels des No\u00ebls des \u00eeles celtes, Nollaig Shona.\u00a0<\/p>\n<p>Diane Bucciali (chant, bodhr\u00e1n et harmonium) est titulaire depuis 2011 d\u2019un dipl\u00f4me d\u2019\u00e9tudes musicales du Conservatoire de Strasbourg, o\u00f9 elle s\u2019est form\u00e9e avec Mari Kobayashi. Elle enseigne le chant et s\u2019int\u00e9resse \u00e0 la voix comme outil in\u00e9puisable et adaptable aux diff\u00e9rents styles musicaux qu\u2019elle aborde, dans la musique traditionnelle populaire (Bulgarie, Irlande, Alsace\u2026) comme dans le r\u00e9pertoire classique, les musiques actuelles ou le chant choral.<\/p>\n<p>Elle se produit r\u00e9guli\u00e8rement avec <a href=\"https:\/\/www.dna.fr\/culture-loisirs\/2022\/03\/04\/un-trio-polyphonique-aux-voix-de-geantes\" target=\"_blank\" rel=\"nofollow noopener\">le trio vocal f\u00e9minin Ispolin<\/a> (polyphonies bulgares) mais aussi avec la fanfare des Balkans strasbourgeoise Duna Orkestar.<\/p>\n<p>Fanny Fuchs (chant et harpe celtique) obtient son prix de harpe et de musique de chambre au Conservatoire de Mulhouse en 2007. Elle interrompt par la suite sa pratique instrumentale pour se consacrer \u00e0 des \u00e9tudes de biologie qui la m\u00e8nent jusqu\u2019\u00e0 l\u2019obtention d\u2019un doctorat de neurosciences en 2015.<\/p>\n<p>Elle reprend en 2014 sa formation instrumentale au sein de l\u2019Acad\u00e9mie sup\u00e9rieure de musique de la Haute \u00e9cole des arts du Rhin dans la classe de Pierre-Michel Vigneau. Elle partage aujourd\u2019hui sa vie entre un travail de recherche au CNRS et la musique. Depuis 2016, elle forme avec la violoniste Anne Lombard <a href=\"https:\/\/www.dna.fr\/culture-loisirs\/2022\/12\/12\/le-duo-ambre-a-mis-en-valeur-le-tango\" target=\"_blank\" rel=\"nofollow noopener\">le duo Ambre<\/a> et se produit \u00e9galement en tant que soliste, accompagnatrice et en orchestre.<\/p>\n<p class=\"note\">Ionnda, concert dans la nef puis le clo\u00eetre de l\u2019\u00e9glise coll\u00e9giale Saint-Pierre-le-Jeune, place Saint-Pierre-le-Jeune \u00e0 Strasbourg, ce vendredi 29\u00a0ao\u00fbt \u00e0 20\u00a0h. \u00c0 18\u00a0h\u00a030, Anne Vuillemard-Jenn proposera une visite de l\u2019\u00e9difice sur le th\u00e8me des peintures pr\u00e9sentes sur le site. Entre libre \u2013 plateau pour les deux \u00e9v\u00e9nements.<\/p>\n","protected":false},"excerpt":{"rendered":"Cr\u00e9\u00e9 en 2019, le duo Ionnda est form\u00e9 de la chanteuse Diane Bucciali et de la harpiste Fanny&hellip;\n","protected":false},"author":2,"featured_media":345187,"comment_status":"","ping_status":"","sticky":false,"template":"","format":"standard","meta":{"footnotes":""},"categories":[2820],"tags":[1111,11,1687,2880,1777,674,107,1011,27,775,873,12,25,640,2879],"class_list":{"0":"post-345186","1":"post","2":"type-post","3":"status-publish","4":"format-standard","5":"has-post-thumbnail","7":"category-strasbourg","8":"tag-actu","9":"tag-actualites","10":"tag-culture-loisirs","11":"tag-edition-strasbourg","12":"tag-eu","13":"tag-europe","14":"tag-fil-info","15":"tag-fr","16":"tag-france","17":"tag-grand-est","18":"tag-musique","19":"tag-news","20":"tag-republique-francaise","21":"tag-strasbourg","22":"tag-strasbourg-ville"},"share_on_mastodon":{"url":"https:\/\/pubeurope.com\/@fr\/115095173056495848","error":""},"_links":{"self":[{"href":"https:\/\/www.europesays.com\/fr\/wp-json\/wp\/v2\/posts\/345186","targetHints":{"allow":["GET"]}}],"collection":[{"href":"https:\/\/www.europesays.com\/fr\/wp-json\/wp\/v2\/posts"}],"about":[{"href":"https:\/\/www.europesays.com\/fr\/wp-json\/wp\/v2\/types\/post"}],"author":[{"embeddable":true,"href":"https:\/\/www.europesays.com\/fr\/wp-json\/wp\/v2\/users\/2"}],"replies":[{"embeddable":true,"href":"https:\/\/www.europesays.com\/fr\/wp-json\/wp\/v2\/comments?post=345186"}],"version-history":[{"count":0,"href":"https:\/\/www.europesays.com\/fr\/wp-json\/wp\/v2\/posts\/345186\/revisions"}],"wp:featuredmedia":[{"embeddable":true,"href":"https:\/\/www.europesays.com\/fr\/wp-json\/wp\/v2\/media\/345187"}],"wp:attachment":[{"href":"https:\/\/www.europesays.com\/fr\/wp-json\/wp\/v2\/media?parent=345186"}],"wp:term":[{"taxonomy":"category","embeddable":true,"href":"https:\/\/www.europesays.com\/fr\/wp-json\/wp\/v2\/categories?post=345186"},{"taxonomy":"post_tag","embeddable":true,"href":"https:\/\/www.europesays.com\/fr\/wp-json\/wp\/v2\/tags?post=345186"}],"curies":[{"name":"wp","href":"https:\/\/api.w.org\/{rel}","templated":true}]}}