{"id":345188,"date":"2025-08-26T12:55:16","date_gmt":"2025-08-26T12:55:16","guid":{"rendered":"https:\/\/www.europesays.com\/fr\/345188\/"},"modified":"2025-08-26T12:55:16","modified_gmt":"2025-08-26T12:55:16","slug":"intimidations-a-strasbourg-ca-ne-fait-que-renforcer-notre-determination","status":"publish","type":"post","link":"https:\/\/www.europesays.com\/fr\/345188\/","title":{"rendered":"Intimidations \u00e0 Strasbourg : \u00ab\u00a0\u00c7a ne fait que renforcer notre d\u00e9termination\u00a0\u00bb"},"content":{"rendered":"<p><a href=\"https:\/\/agencemediapalestine.fr\/blog\/2025\/08\/26\/intimidations-a-strasbourg-ca-ne-fait-que-renforcer-notre-determination?action=genpdf&amp;id=62951\" class=\"pgfw-single-pdf-download-button\" rel=\"nofollow noopener\" target=\"_blank\"><img decoding=\"async\" src=\"https:\/\/agencemediapalestine.fr\/wp-content\/plugins\/pdf-generator-for-wp\/admin\/src\/images\/PDF_Tray.svg\" title=\"G\u00e9n\u00e9rer un PDF\" style=\"width:auto; height:25px;\"\/><\/a><\/p>\n<p>L\u2019Agence M\u00e9dia Palestine s\u2019est entretenue avec Gabriel Cardoen, militant d\u2019Urgence Palestine \u00e0 Strasbourg, qui a \u00e9t\u00e9 la cible de harc\u00e8lement \u00e0 son domicile par des militants d\u2019extr\u00eame-droite.<\/p>\n<p>Jo Westphal pour l\u2019Agence M\u00e9dia Palestine, le 25 ao\u00fbt 2025<\/p>\n<p><img fetchpriority=\"high\" decoding=\"async\" width=\"819\" height=\"1024\" src=\"https:\/\/www.europesays.com\/fr\/wp-content\/uploads\/2025\/08\/Copie-de-Copie-de-posts-insta-blanc7-819x1024.png\" alt=\"\" class=\"wp-image-62954\" style=\"width:448px;height:auto\"  \/><\/p>\n<p>\u00ab\u00a0Dans la nuit du 24 au 25 juillet, on a eu des tags sur notre immeuble : \u00ab Fuck Palestine \u00bb, \u00ab Bureau du Hamas, 4eme \u00e9tage \u00bb, des drapeaux fran\u00e7ais avec le ruban jaune de soutien au r\u00e9gime isra\u00e9lien\u2026 Le lendemain, une tentative d\u2019intrusion. Le surlendemain, la porte vitr\u00e9e de l\u2019immeuble est bris\u00e9e, en pleine journ\u00e9e\u2026\u00a0\u00bb<\/p>\n<p>Le drapeau de la Palestine flotte aux c\u00f4t\u00e9s d\u2019un drapeau LGBT+ et d\u2019un autre de la Kanakie, sur le balcon de Gabriel Cardoen, militant d\u2019Urgence Palestine \u00e0 Strasbourg, qui vit en colocation avec un\u00b7e autre membre du collectif. Leur domicile est la cible de harc\u00e8lement depuis plusieurs mois.<\/p>\n<p>\u00ab\u00a0Il y a quelques mois, on avait d\u00e9j\u00e0 eu des autocollants sur la porte en bas, puis a-carr\u00e9ment une croix noire sur la porte de notre appartement, comme pour dire \u2018on sait o\u00f9 vous habitez\u2019. On avait port\u00e9 plainte \u00e0 ce moment-l\u00e0, sans grand espoir de justice mais avant tout pour se prot\u00e9ger, pour avoir une trace et mener un action politique en m\u00e9diatisant cette histoire.\u00a0\u00bb<\/p>\n<p>\u00ab\u00a0Cette fois-ci, c\u2019est une banderole accroch\u00e9e \u00e0 notre balcon, avec le slogan \u2018De la mer au Jourdain\u2019 qui a d\u00e9clench\u00e9 cette col\u00e8re.\u00a0\u00bb Si les voisin-es direct-es de Gabriel sont tr\u00e8s favorables \u00e0 la banderole \u00ab\u00a0De la mer au Jourdain\u00a0\u00bb, ce n\u2019est pas le cas d\u2019autres : \u00ab\u00a0Nous avons re\u00e7u un courrier d\u2019un \u2018comit\u00e9 de voisins\u2019, anonyme, de mise en demeure de retirer la banderole sous dix jours, sans pr\u00e9ciser les d\u00e9marches envisag\u00e9es en cas de refus\u2026 Les dix jours sont \u00e9coul\u00e9s, pour l\u2019instant, pas de nouvelles.\u00a0\u00bb<\/p>\n<p>\u00ab\u00a0Un autre courrier de mise en demeure de retirer la banderole, cette fois du propri\u00e9taire, sous peine de mettre fin au bail : l\u00e0 encore, la base l\u00e9gale de cette action n\u2019est pas claire, j\u2019attends un retour de mon avocate. Mais je ne retirerai pas ma banderole.\u00a0\u00bb<\/p>\n<p><strong>\u00ab\u00a0\u00c7a ne fait que renforcer notre d\u00e9termination\u00a0\u00bb<\/strong><\/p>\n<p>\u00ab\u00a0Nous sommes dans un quartier juif, ce qui n\u2019est bien s\u00fbr pas le probl\u00e8me, mais qui donne aux sionistes un sentiment de confiance. De plus, le pr\u00e9fet leur donne raison en interdisant des manifestations pour la Palestine dans ce quartier, comme si notre mouvement de solidarit\u00e9 \u00e9tait hostile au quartier juif, ou comme si le quartier juif \u00e9tait en antagonisme avec le mouvement de solidarit\u00e9 pro-palestinien.\u00a0\u00bb<\/p>\n<p>\u00ab\u00a0C\u2019est faux, bien s\u00fbr, comme dans tous les quartiers, il y a de tout. J\u2019habite ici depuis des ann\u00e9es, je me balade avec mon keffieh, je suis facilement reconnaissable, et je n\u2019ai jamais eu de probl\u00e8me.\u00a0\u00bb<\/p>\n<p>\u00ab\u00a0Nous n\u2019avons aucune id\u00e9e du ou des groupes dont \u00e9manent ces actes, mais en r\u00e9alit\u00e9, ils sont isol\u00e9s. Il s\u2019agit d\u2019une minorit\u00e9 bavarde qui prend beaucoup de place.\u00a0\u00bb<\/p>\n<p>Le 25 juillet et les jours qui suivent, Gabriel raconte avoir re\u00e7u de nombreux messages de soutien, et observ\u00e9 beaucoup de passage devant l\u2019immeuble, des personnes curieuses, touch\u00e9es et solidaires lui faisant des signes. \u00ab\u00a0C\u2019est un peu l\u2019occasion pour beaucoup de faire leur coming-out de non-sionistes\u00a0\u00bb, ironise-t-il, \u00ab\u00a0et pour des membres de la communaut\u00e9 juive alsacienne de se d\u00e9marquer de ces harceleurs en affirmant que oui, on peut \u00eatre juif sans \u00eatre pour Isra\u00ebl.\u00a0\u00bb<\/p>\n<p>La maire \u00e9cologiste de Strasbourg Jeanne Barseghian a condamn\u00e9 ces actes d\u2019intimidation : \u00ab\u00a0Ce climat de peur, cette mont\u00e9e inqui\u00e9tante de la tension et de la violence sont graves \u00bb, a d\u00e9clar\u00e9 Mme Barseghian, qui a apport\u00e9 son soutien \u00ab aux personnes vis\u00e9es, ainsi qu\u2019aux habitants de l\u2019immeuble qui expriment leur crainte\u00a0\u00bb.<\/p>\n<p>Choqu\u00e9es \u00e9galement, 40 organisations locales ont sign\u00e9 un communiqu\u00e9 d\u2019Urgence Palestine qui les condamne, affirmant leur droit \u00e0 d\u00e9noncer le g\u00e9nocide perp\u00e9tr\u00e9 par Isra\u00ebl \u00e0 Gaza. L\u2019affaire a \u00e9galement suscit\u00e9 le soutien de plusieurs organisations politiques et associatives strasbourgeoises qui, jusqu\u2019ici, \u00e9taient demeur\u00e9es plut\u00f4t silencieuses quant \u00e0 la Palestine.\u00a0<\/p>\n<p>\u00ab\u00a0Au final, \u00e7a ne fait que renforcer notre d\u00e9termination et notre union. Et \u00e0 la r\u00e9union du collectif qui a suivi, nous avions une vingtaine de nouvelles personnes ! On continue la lutte, plus que jamais, et on appelle tout le monde \u00e0 nous rejoindre.\u00a0\u00bb<\/p>\n","protected":false},"excerpt":{"rendered":"L\u2019Agence M\u00e9dia Palestine s\u2019est entretenue avec Gabriel Cardoen, militant d\u2019Urgence Palestine \u00e0 Strasbourg, qui a \u00e9t\u00e9 la cible&hellip;\n","protected":false},"author":2,"featured_media":345189,"comment_status":"","ping_status":"","sticky":false,"template":"","format":"standard","meta":{"footnotes":""},"categories":[2820],"tags":[1111,11,1777,674,1011,27,775,12,25,640],"class_list":{"0":"post-345188","1":"post","2":"type-post","3":"status-publish","4":"format-standard","5":"has-post-thumbnail","7":"category-strasbourg","8":"tag-actu","9":"tag-actualites","10":"tag-eu","11":"tag-europe","12":"tag-fr","13":"tag-france","14":"tag-grand-est","15":"tag-news","16":"tag-republique-francaise","17":"tag-strasbourg"},"share_on_mastodon":{"url":"https:\/\/pubeurope.com\/@fr\/115095176953689207","error":""},"_links":{"self":[{"href":"https:\/\/www.europesays.com\/fr\/wp-json\/wp\/v2\/posts\/345188","targetHints":{"allow":["GET"]}}],"collection":[{"href":"https:\/\/www.europesays.com\/fr\/wp-json\/wp\/v2\/posts"}],"about":[{"href":"https:\/\/www.europesays.com\/fr\/wp-json\/wp\/v2\/types\/post"}],"author":[{"embeddable":true,"href":"https:\/\/www.europesays.com\/fr\/wp-json\/wp\/v2\/users\/2"}],"replies":[{"embeddable":true,"href":"https:\/\/www.europesays.com\/fr\/wp-json\/wp\/v2\/comments?post=345188"}],"version-history":[{"count":0,"href":"https:\/\/www.europesays.com\/fr\/wp-json\/wp\/v2\/posts\/345188\/revisions"}],"wp:featuredmedia":[{"embeddable":true,"href":"https:\/\/www.europesays.com\/fr\/wp-json\/wp\/v2\/media\/345189"}],"wp:attachment":[{"href":"https:\/\/www.europesays.com\/fr\/wp-json\/wp\/v2\/media?parent=345188"}],"wp:term":[{"taxonomy":"category","embeddable":true,"href":"https:\/\/www.europesays.com\/fr\/wp-json\/wp\/v2\/categories?post=345188"},{"taxonomy":"post_tag","embeddable":true,"href":"https:\/\/www.europesays.com\/fr\/wp-json\/wp\/v2\/tags?post=345188"}],"curies":[{"name":"wp","href":"https:\/\/api.w.org\/{rel}","templated":true}]}}