{"id":345190,"date":"2025-08-26T12:56:15","date_gmt":"2025-08-26T12:56:15","guid":{"rendered":"https:\/\/www.europesays.com\/fr\/345190\/"},"modified":"2025-08-26T12:56:15","modified_gmt":"2025-08-26T12:56:15","slug":"ces-riverains-estiment-que-leur-quartier-historique-est-menace-par-les-bulldozers-et-comptent-bien-batailler-a-cagnes-sur-mer","status":"publish","type":"post","link":"https:\/\/www.europesays.com\/fr\/345190\/","title":{"rendered":"ces riverains estiment que leur quartier historique est menac\u00e9 par les bulldozers et comptent bien batailler \u00e0 Cagnes-sur-Mer"},"content":{"rendered":"<p><a href=\"https:\/\/ville.cagnes.fr\/musee-renoir\/infos-pratiques-musee-renoir\/\" target=\"_blank\" rel=\" noreferrer noopener nofollow\"><img loading=\"lazy\" decoding=\"async\" width=\"630\" height=\"630\" src=\"data:image\/svg+xml,%3Csvg%20xmlns=\" http:=\"\" alt=\"\" class=\"wp-image-245695\" style=\"width:300px\" data-lazy-src=\"https:\/\/www.europesays.com\/fr\/wp-content\/uploads\/2025\/07\/NM-2025-300x300px--630x630.jpg\"\/><\/a><\/p>\n<p><strong>Entre ses maisons de p\u00eacheurs color\u00e9es et son atmosph\u00e8re de village m\u00e9diterran\u00e9en, le Cros-de-Cagnes cultive son h\u00e9ritage. Mais cette identit\u00e9, forg\u00e9e par plus d\u2019un si\u00e8cle d\u2019histoire, se trouverait aujourd\u2019hui menac\u00e9e par un projet immobilier situ\u00e9 pr\u00e8s de l\u2019all\u00e9e des Villas Fleuries. Un programme qui \u00ab\u00a0ne profiterait qu\u2019\u00e0 une quinzaine de familles\u00a0\u00bb, selon ses opposants, et risquerait de d\u00e9naturer un ensemble de b\u00e2tis anciens, pr\u00e9cieux t\u00e9moins du pass\u00e9 du quartier.<\/strong><\/p>\n<p>\u00c0 la t\u00eate de cette fronde, Jean-Pierre Woignier, pr\u00e9sident de l\u2019association \u00ab\u00a0<a href=\"https:\/\/www.lacasaducros.fr\/\" target=\"_blank\" rel=\"noopener nofollow\">La Casa du Cros\u00a0<\/a>\u00bb, assume pleinement son combat (il est aussi r\u00e9put\u00e9 proche du RN local)\u202f.\u00a0\u00ab\u202f Nous ne sommes pas contre le d\u00e9veloppement, mais il doit se faire dans le respect de ce que repr\u00e9sente ce quartier. Le Cros, ce n\u2019est pas seulement un front de mer, ce sont aussi ces villas centenaires, n\u00e9es \u00e0 une \u00e9poque o\u00f9 l\u2019on pensait d\u00e9j\u00e0 au tourisme et \u00e0 la convivialit\u00e9.\u202f <\/p>\n<p>Le site vis\u00e9, ancien h\u00f4tel et restaurant, est embl\u00e9matique \u202f: construit dans les ann\u00e9es 1920 par un Argentin visionnaire, il formait un complexe coh\u00e9rent, avec h\u00e9bergement, restaurant, dancing et m\u00eame un cin\u00e9ma.\u00a0Avant que l\u2019endroit s\u00e9lectionn\u00e9 pour am\u00e9nager le nouveau projet devienne une friche dont il faut bien faire quelque chose d\u2019utile.<\/p>\n<p><img loading=\"lazy\" decoding=\"async\" width=\"1120\" height=\"630\" src=\"data:image\/svg+xml,%3Csvg%20xmlns=\" http:=\"\" alt=\"2 4\" class=\"wp-image-245511\" title=\"Pr\u00e8s de Nice : ces riverains estiment que leur quartier historique est menac\u00e9 par les bulldozers et comptent bien batailler \u00e0 Cagnes-sur-Mer 1\" data-lazy- data-lazy- data-lazy-src=\"https:\/\/www.europesays.com\/fr\/wp-content\/uploads\/2025\/08\/1756212972_214_2-4-1120x630.jpg\"\/>[\u00a9 Romain Boisaubert \/ Nice-Presse]<\/p>\n<p>Petit \u00e0 petit, l\u2019ensemble a \u00e9t\u00e9 vendu, lot par lot, jusqu\u2019\u00e0 \u00eatre <a href=\"https:\/\/nicepresse.com\/pres-de-nice-a-cagnes-ces-maisons-atypiques-proches-de-la-mer-sont-de-veritables-tresors-le-reve-est-permis-a-condition-dy-mettre-le-prix\/\" rel=\"nofollow noopener\" target=\"_blank\">repris par des p\u00eacheurs<\/a>, qui y ont trouv\u00e9 un habitat simple et fonctionnel, \u00e0 quelques pas de la mer.<\/p>\n<p>\u00ab \u202fCes maisons ont vu passer des g\u00e9n\u00e9rations enti\u00e8res de familles crossoises \u202f\u00bb raconte Jean-Pierre Woignier. \u00ab \u202fElles sont modestes, \u00e0 peine 45 m\u00b2 au sol, mais elles font partie de notre m\u00e9moire collective.\u202f\u00bb<\/p>\n<p>Le projet immobilier, lui, pr\u00e9voit <a href=\"https:\/\/ville.cagnes.fr\/actualites-csm\/ilot-coeur-du-cros-villas-fleuries\/\" target=\"_blank\" rel=\"noopener nofollow\">des villas et appartements en accession<\/a>. Pour l\u2019association, le probl\u00e8me d\u00e9passe la seule question esth\u00e9tique\u202f.\u00a0<\/p>\n<p>Un h\u00e9ritage vraiment menac\u00e9 ?<\/p>\n<p>\u00ab \u202fPour construire, il faudra creuser \u00e0 quelques m\u00e8tres de fondations anciennes. On joue avec un patrimoine fragile. Et l\u2019on risque aussi des remont\u00e9es d\u2019eau, typiques de ce secteur proche de la nappe phr\u00e9atique.\u202f \u00bb<\/p>\n<p>L\u2019association ne se contente pas de d\u00e9noncer\u202f. <a href=\"https:\/\/www.lacasaducros.fr\/_files\/ugd\/5fa146_da16b15db953448da4a7b7c03f08c89b.pdf\" target=\"_blank\" rel=\"noopener nofollow\">Elle propose son alternative<\/a>. Un projet qui inclurait une maison de sant\u00e9, une cr\u00e8che, une salle polyvalente et des bureaux associatifs, entour\u00e9s d\u2019un jardin collectif et d\u2019une all\u00e9e verte.\u00a0<\/p>\n<p><a href=\"https:\/\/anneedelamer.nice.fr\/\" rel=\"nofollow noopener\" target=\"_blank\"><img loading=\"lazy\" decoding=\"async\" width=\"300\" height=\"300\" src=\"data:image\/svg+xml,%3Csvg%20xmlns=\" http:=\"\" alt=\"\" class=\"wp-image-235449\" data-lazy-src=\"https:\/\/www.europesays.com\/fr\/wp-content\/uploads\/2025\/04\/IMG_1416-2.png\"\/><\/a><\/p>\n<p>L\u2019id\u00e9e ? Offrir des \u00e9quipements essentiels tout en r\u00e9novant les b\u00e2tis existants et en pr\u00e9servant les espaces \u00e0 valeur patrimoniale. La Ville estime de son c\u00f4t\u00e9 que l\u2019habitant est une priorit\u00e9, d\u2019autant que les services publics \u00e9voqu\u00e9s \u00ab\u00a0existent d\u00e9j\u00e0\u00a0\u00bb.<\/p>\n<p><img loading=\"lazy\" decoding=\"async\" width=\"1120\" height=\"630\" src=\"data:image\/svg+xml,%3Csvg%20xmlns=\" http:=\"\" alt=\"Design sans titre 1 1\" class=\"wp-image-245762\" title=\"Pr\u00e8s de Nice : ces riverains estiment que leur quartier historique est menac\u00e9 par les bulldozers et comptent bien batailler \u00e0 Cagnes-sur-Mer 2\" data-lazy- data-lazy- data-lazy-src=\"https:\/\/www.europesays.com\/fr\/wp-content\/uploads\/2025\/08\/Design-sans-titre-1-1-1120x630.jpg\"\/>[\u00a9 Visuel du projet de La Casa du Cros]<\/p>\n<p>\u00ab\u202f On nous accuse de d\u00e9fendre nos int\u00e9r\u00eats particuliers \u202f\u00bb souffle Jean-Pierre Woignier. \u00ab\u202f Mais nous avons recueilli 4\u202f.600 signatures, alors que la zone concern\u00e9e compte \u00e0 peine une centaine d\u2019habitants. Ce soutien montre bien qu\u2019il s\u2019agit d\u2019un projet de quartier, pas d\u2019un caprice de riverains.\u00bb<\/p>\n<p>La bataille se joue d\u00e9sormais sur le terrain juridique\u202f. Un recours a \u00e9t\u00e9 d\u00e9pos\u00e9 devant le tribunal administratif, avec une d\u00e9cision attendue d\u2019ici fin 2025. En cas d\u2019\u00e9chec, l\u2019association promet d\u2019aller jusqu\u2019au Conseil d\u2019\u00c9tat.\u00a0<\/p>\n<p><img loading=\"lazy\" decoding=\"async\" width=\"1120\" height=\"630\" src=\"data:image\/svg+xml,%3Csvg%20xmlns=\" http:=\"\" alt=\"8 5\" class=\"wp-image-246075\" title=\"Pr\u00e8s de Nice : ces riverains estiment que leur quartier historique est menac\u00e9 par les bulldozers et comptent bien batailler \u00e0 Cagnes-sur-Mer 3\" data-lazy- data-lazy- data-lazy-src=\"https:\/\/www.europesays.com\/fr\/wp-content\/uploads\/2025\/08\/8-5-1120x630.jpg\"\/>[\u00a9 Visuel du projet de La Casa du Cros]<\/p>\n<p>Pour beaucoup d\u2019habitants, ce combat d\u00e9passe la simple opposition \u00e0 un permis de construire. Il s\u2019agit de pr\u00e9server l\u2019\u00e2me d\u2019un quartier fa\u00e7onn\u00e9 par les p\u00eacheurs napolitains venus s\u2019installer au d\u00e9but du XXe \u202fsi\u00e8cle.\u00a0<\/p>\n<p>\u00ab\u202f Le Cros a d\u00e9j\u00e0 pay\u00e9 un lourd tribut \u00e0 l\u2019urbanisation \u202f\u00bb pense Jean-Pierre Woignier. \u00ab \u202fCette fois, nous voulons \u00eatre acteurs de notre avenir, pas spectateurs. Notre projet, c\u2019est celui d\u2019un village qui se donne un c\u0153ur battant, utile \u00e0 tous, et respectueux de son histoire. \u00bb<\/p>\n","protected":false},"excerpt":{"rendered":"Entre ses maisons de p\u00eacheurs color\u00e9es et son atmosph\u00e8re de village m\u00e9diterran\u00e9en, le Cros-de-Cagnes cultive son h\u00e9ritage. Mais&hellip;\n","protected":false},"author":2,"featured_media":345191,"comment_status":"","ping_status":"","sticky":false,"template":"","format":"standard","meta":{"footnotes":""},"categories":[2819],"tags":[1111,11,1777,674,1011,27,12,2401,882,25],"class_list":{"0":"post-345190","1":"post","2":"type-post","3":"status-publish","4":"format-standard","5":"has-post-thumbnail","7":"category-nice","8":"tag-actu","9":"tag-actualites","10":"tag-eu","11":"tag-europe","12":"tag-fr","13":"tag-france","14":"tag-news","15":"tag-nice","16":"tag-provence-alpes-cote-dazur","17":"tag-republique-francaise"},"share_on_mastodon":{"url":"https:\/\/pubeurope.com\/@fr\/115095180704144346","error":""},"_links":{"self":[{"href":"https:\/\/www.europesays.com\/fr\/wp-json\/wp\/v2\/posts\/345190","targetHints":{"allow":["GET"]}}],"collection":[{"href":"https:\/\/www.europesays.com\/fr\/wp-json\/wp\/v2\/posts"}],"about":[{"href":"https:\/\/www.europesays.com\/fr\/wp-json\/wp\/v2\/types\/post"}],"author":[{"embeddable":true,"href":"https:\/\/www.europesays.com\/fr\/wp-json\/wp\/v2\/users\/2"}],"replies":[{"embeddable":true,"href":"https:\/\/www.europesays.com\/fr\/wp-json\/wp\/v2\/comments?post=345190"}],"version-history":[{"count":0,"href":"https:\/\/www.europesays.com\/fr\/wp-json\/wp\/v2\/posts\/345190\/revisions"}],"wp:featuredmedia":[{"embeddable":true,"href":"https:\/\/www.europesays.com\/fr\/wp-json\/wp\/v2\/media\/345191"}],"wp:attachment":[{"href":"https:\/\/www.europesays.com\/fr\/wp-json\/wp\/v2\/media?parent=345190"}],"wp:term":[{"taxonomy":"category","embeddable":true,"href":"https:\/\/www.europesays.com\/fr\/wp-json\/wp\/v2\/categories?post=345190"},{"taxonomy":"post_tag","embeddable":true,"href":"https:\/\/www.europesays.com\/fr\/wp-json\/wp\/v2\/tags?post=345190"}],"curies":[{"name":"wp","href":"https:\/\/api.w.org\/{rel}","templated":true}]}}