{"id":345193,"date":"2025-08-26T12:58:18","date_gmt":"2025-08-26T12:58:18","guid":{"rendered":"https:\/\/www.europesays.com\/fr\/345193\/"},"modified":"2025-08-26T12:58:18","modified_gmt":"2025-08-26T12:58:18","slug":"deux-hommes-mis-en-examen-apres-le-passage-a-tabac-et-la-mutilation-dun-jeune-de-18-ans-en-decembre-2024","status":"publish","type":"post","link":"https:\/\/www.europesays.com\/fr\/345193\/","title":{"rendered":"deux hommes mis en examen apr\u00e8s le passage \u00e0 tabac et la mutilation d\u2019un jeune de 18 ans en d\u00e9cembre 2024"},"content":{"rendered":"<p>\u00c2g\u00e9s de 23 et 59 ans, les suspects ont \u00e9t\u00e9 plac\u00e9s vendredi en d\u00e9tention provisoire. Ils pourraient \u00eatre impliqu\u00e9s dans les actes de torture et les mutilations dont a \u00e9t\u00e9 victime un Nantais d\u00e9couvert gravement bless\u00e9 \u00e0 un rond-point, en d\u00e9cembre 2024.<\/p>\n<p class=\"fig-paragraph\">Deux individus \u00e2g\u00e9s de 23 et 59 ans ont \u00e9t\u00e9 mis en examen et plac\u00e9s en d\u00e9tention provisoire\u00a0<a href=\"https:\/\/www.lefigaro.fr\/nantes\" target=\"_blank\" data-fig-type=\"Section\" rel=\"noopener\" data-gtm-custom-categorie=\"navigation\" data-gtm-custom-action=\"crossclick\" data-gtm-custom-label=\"Contextuel\" data-gtm-event=\"customEventSPE\" data-fig-domain=\"LEFIGARO\">\u00e0 Nantes<\/a>\u00a0(Loire-Atlantique), vendredi 22 ao\u00fbt, dans le cadre de\u00a0<a href=\"http:\/\/www.lefigaro.fr\/nantes\/nantes-un-jeune-de-18-ans-torture-et-mutile-aux-doigts-et-a-l-oreille-20241206\" target=\"_blank\" data-fig-type=\"NewsFlash\" rel=\"noopener\" data-gtm-custom-categorie=\"navigation\" data-gtm-custom-action=\"crossclick\" data-gtm-custom-label=\"Contextuel\" data-gtm-event=\"customEventSPE\" data-fig-domain=\"LEFIGARO\">l\u2019affaire du jeune homme retrouv\u00e9 tortur\u00e9 et mutil\u00e9<\/a>\u00a0dans la cit\u00e9 des ducs, neuf mois plus t\u00f4t. Interpell\u00e9s mercredi 20 ao\u00fbt, les suspects ont \u00e9t\u00e9 d\u00e9f\u00e9r\u00e9s, au terme de leur garde \u00e0 vue, devant le parquet du tribunal judiciaire de Nantes. Ils ont \u00e9t\u00e9 plac\u00e9s en d\u00e9tention provisoire dans le cadre d\u2019une information judiciaire ouverte pour \u00abarrestation, enl\u00e8vement ou s\u00e9questration avec torture ou actes de barbarie en bande organis\u00e9e\u00bb, confirme le procureur de la R\u00e9publique de Nantes, Antoine Leroy.<\/p>\n<p class=\"fig-paragraph\">Les faits remontent \u00e0 la soir\u00e9e du 5 d\u00e9cembre 2024, avec la prise en charge au\u00a0<a href=\"http:\/\/www.lefigaro.fr\/nantes\/futur-chu-de-nantes-le-gros-du-chantier-bientot-acheve-les-nouveaux-delais-respectes-20250203\" target=\"_blank\" data-fig-type=\"NewsFlash\" rel=\"noopener\" data-gtm-custom-categorie=\"navigation\" data-gtm-custom-action=\"crossclick\" data-gtm-custom-label=\"Contextuel\" data-gtm-event=\"customEventSPE\" data-fig-domain=\"LEFIGARO\">CHU de Nantes<\/a>\u00a0d\u2019un jeune de 18 ans d\u00e9couvert gravement bless\u00e9 \u00e0 un rond-point du quartier sensible de Breil-Barberie, dans le nord de l\u2019agglom\u00e9ration. Rou\u00e9e de coups et tortur\u00e9e, la victime pr\u00e9sentait un visage tum\u00e9fi\u00e9 et d\u00e9figur\u00e9. \u00abCharcut\u00e9\u00bb, selon les mots de la police, le jeune avait perdu une phalange de l\u2019auriculaire de sa main droite, tandis que celui de la main gauche et son oreille droite avaient \u00e9t\u00e9 en partie taillad\u00e9s.<\/p>\n<p>                                    <a class=\"fig-a11y-skip a11y-hidden\" href=\"#fig-a11y-skip-main-inarticle\"><br \/>\n        Passer la publicit\u00e9<br \/>\n    <\/a><\/p>\n<p class=\"fig-paragraph\">Connue de la police pour des faits de d\u00e9linquance, la victime n\u2019avait pas souhait\u00e9 t\u00e9moigner sur les circonstances pr\u00e9cises de son agression. Elle n\u2019avait pas non plus souhait\u00e9 porter plainte. Une enqu\u00eate avait n\u00e9anmoins \u00e9t\u00e9 ouverte par la division de la criminalit\u00e9 organis\u00e9e et sp\u00e9cialis\u00e9e de la police nantaise, suivie de l\u2019ouverture, le 7 d\u00e9cembre, d\u2019une information judiciaire par le parquet de Nantes. L\u2019audition d\u2019un t\u00e9moin a permis aux enqu\u00eateurs de confirmer le lien de cette agression avec le milieu nantais du trafic de drogue, a ajout\u00e9 le parquet \u00e0 nos confr\u00e8res de\u00a0<a href=\"https:\/\/www.ouest-france.fr\/societe\/faits-divers\/un-garcon-de-18-ans-avait-ete-passe-a-tabac-et-mutile-a-nantes-deux-suspects-incarceres-a17abb6e-81af-11f0-a070-ec6a7f83d549\" target=\"_blank\" rel=\"sponsored noopener\" data-gtm-custom-categorie=\"navigation\" data-gtm-custom-action=\"crossclick\" data-gtm-custom-label=\"Contextuel\" data-gtm-event=\"customEventSPE\">Ouest France<\/a> .<\/p>\n","protected":false},"excerpt":{"rendered":"\u00c2g\u00e9s de 23 et 59 ans, les suspects ont \u00e9t\u00e9 plac\u00e9s vendredi en d\u00e9tention provisoire. Ils pourraient \u00eatre&hellip;\n","protected":false},"author":2,"featured_media":345194,"comment_status":"","ping_status":"","sticky":false,"template":"","format":"standard","meta":{"footnotes":""},"categories":[2818],"tags":[1111,11,1777,674,1011,27,48137,766,12,2636,25,2949],"class_list":{"0":"post-345193","1":"post","2":"type-post","3":"status-publish","4":"format-standard","5":"has-post-thumbnail","7":"category-nantes","8":"tag-actu","9":"tag-actualites","10":"tag-eu","11":"tag-europe","12":"tag-fr","13":"tag-france","14":"tag-mutilation","15":"tag-nantes","16":"tag-news","17":"tag-pays-de-la-loire","18":"tag-republique-francaise","19":"tag-violences"},"share_on_mastodon":{"url":"https:\/\/pubeurope.com\/@fr\/115095188725593392","error":""},"_links":{"self":[{"href":"https:\/\/www.europesays.com\/fr\/wp-json\/wp\/v2\/posts\/345193","targetHints":{"allow":["GET"]}}],"collection":[{"href":"https:\/\/www.europesays.com\/fr\/wp-json\/wp\/v2\/posts"}],"about":[{"href":"https:\/\/www.europesays.com\/fr\/wp-json\/wp\/v2\/types\/post"}],"author":[{"embeddable":true,"href":"https:\/\/www.europesays.com\/fr\/wp-json\/wp\/v2\/users\/2"}],"replies":[{"embeddable":true,"href":"https:\/\/www.europesays.com\/fr\/wp-json\/wp\/v2\/comments?post=345193"}],"version-history":[{"count":0,"href":"https:\/\/www.europesays.com\/fr\/wp-json\/wp\/v2\/posts\/345193\/revisions"}],"wp:featuredmedia":[{"embeddable":true,"href":"https:\/\/www.europesays.com\/fr\/wp-json\/wp\/v2\/media\/345194"}],"wp:attachment":[{"href":"https:\/\/www.europesays.com\/fr\/wp-json\/wp\/v2\/media?parent=345193"}],"wp:term":[{"taxonomy":"category","embeddable":true,"href":"https:\/\/www.europesays.com\/fr\/wp-json\/wp\/v2\/categories?post=345193"},{"taxonomy":"post_tag","embeddable":true,"href":"https:\/\/www.europesays.com\/fr\/wp-json\/wp\/v2\/tags?post=345193"}],"curies":[{"name":"wp","href":"https:\/\/api.w.org\/{rel}","templated":true}]}}