{"id":345195,"date":"2025-08-26T12:59:31","date_gmt":"2025-08-26T12:59:31","guid":{"rendered":"https:\/\/www.europesays.com\/fr\/345195\/"},"modified":"2025-08-26T12:59:31","modified_gmt":"2025-08-26T12:59:31","slug":"une-nouvelle-priorite-emerge-pour-castro-cet-ete","status":"publish","type":"post","link":"https:\/\/www.europesays.com\/fr\/345195\/","title":{"rendered":"une nouvelle priorit\u00e9 \u00e9merge pour Castro cet \u00e9t\u00e9"},"content":{"rendered":"<p><strong>Le mercato du FC Nantes pourrait encore bouger dans sa derni\u00e8re ligne droite. Notamment en d\u00e9fense, o\u00f9 un voire deux d\u00e9parts sont encore attendus d\u2019ici \u00e0 la cl\u00f4ture du march\u00e9 ce dimanche.\u00a0<\/strong><\/p>\n<p>\ud83d\udfe5<strong> Rumeur<\/strong><\/p>\n<p>Le mercato n\u2019a pas ferm\u00e9 ses portes au FC Nantes. Selon Presse Oc\u00e9an, le d\u00e9part de Jean-K\u00e9vin Duverne et\/ou de Fabien Centonze pourrait contraindre les dirigeants de la Maison Jaune \u00e0 recruter un nouveau lat\u00e9ral d\u2019ici la cl\u00f4ture du march\u00e9 estival.<\/p>\n<p>Les deux d\u00e9fenseurs, r\u00e9guli\u00e8rement utilis\u00e9s dans la rotation, ne sont pas certains de poursuivre l\u2019aventure avec le <a href=\"https:\/\/www.butfootballclub.fr\/615418-fc-nantes-degout-frustration-le-vestiaire-nantais-a-mal-digere-la-defaite-a-strasbourg\/\" rel=\"noopener\" target=\"_blank\">FC Nantes<\/a>. Duverne, capable de d\u00e9panner \u00e0 gauche comme dans l\u2019axe, garde une certaine cote sur le march\u00e9 fran\u00e7ais, tandis que Centonze, plus sp\u00e9cialis\u00e9 \u00e0 droite, est suivi par plusieurs clubs malgr\u00e9 une saison en dents de scie.<\/p>\n<p><strong>Un lat\u00e9ral recrut\u00e9 par le <a href=\"https:\/\/www.butfootballclub.fr\/615326-fc-nantes-luis-castro-positive-apres-la-defaite-a-strasbourg-et-evoque-la-fin-du-mercato\/\" rel=\"noopener\" target=\"_blank\">FC Nantes<\/a> ?<\/strong><\/p>\n<p>Si l\u2019un des deux venait \u00e0 quitter la Beaujoire, le <a href=\"https:\/\/www.butfootballclub.fr\/615467-fc-nantes-coquelin-annonce-la-couleur-pour-le-match-contre-auxerre\/\" rel=\"noopener\" target=\"_blank\">FCN<\/a> serait contraint d\u2019agir rapidement. La profondeur d\u2019effectif sur les c\u00f4t\u00e9s n\u2019est pas jug\u00e9e suffisante pour tenir toute la saison. Le staff technique pousse ainsi pour anticiper et ne pas se retrouver pris de court en cas de d\u00e9part de derni\u00e8re minute.<\/p>\n<p>Reste \u00e0 savoir quel profil cibler. Les Canaris disposent de peu de marge financi\u00e8re, mais pourraient se tourner vers un pr\u00eat ou une opportunit\u00e9 de fin de mercato. Plusieurs pistes ont d\u00e9j\u00e0 \u00e9t\u00e9 \u00e9tudi\u00e9es ces derni\u00e8res semaines, sans qu\u2019un nom pr\u00e9cis ne fuite pour l\u2019instant.<\/p>\n<p>\u00ab\u00a0Le coup d\u2019\u0153il de But FC\u00a0\u00bb<\/p>\n<p>\u00ab\u00a0Le sprint final du mercato s\u2019annonce donc anim\u00e9 du c\u00f4t\u00e9 de la Joneli\u00e8re, o\u00f9 l\u2019on sait depuis des ann\u00e9es que les Kita excellent dans l\u2019art du panic-buy\u2026\u00a0\u00bb<\/p>\n","protected":false},"excerpt":{"rendered":"Le mercato du FC Nantes pourrait encore bouger dans sa derni\u00e8re ligne droite. Notamment en d\u00e9fense, o\u00f9 un&hellip;\n","protected":false},"author":2,"featured_media":287881,"comment_status":"","ping_status":"","sticky":false,"template":"","format":"standard","meta":{"footnotes":""},"categories":[2818],"tags":[1111,11,448,1777,674,63,1011,27,66,3388,766,12,2636,25,10662],"class_list":{"0":"post-345195","1":"post","2":"type-post","3":"status-publish","4":"format-standard","5":"has-post-thumbnail","7":"category-nantes","8":"tag-actu","9":"tag-actualites","10":"tag-champions-league","11":"tag-eu","12":"tag-europe","13":"tag-football","14":"tag-fr","15":"tag-france","16":"tag-ligue-1","17":"tag-matchs","18":"tag-nantes","19":"tag-news","20":"tag-pays-de-la-loire","21":"tag-republique-francaise","22":"tag-transferts"},"share_on_mastodon":{"url":"https:\/\/pubeurope.com\/@fr\/115095192456209406","error":""},"_links":{"self":[{"href":"https:\/\/www.europesays.com\/fr\/wp-json\/wp\/v2\/posts\/345195","targetHints":{"allow":["GET"]}}],"collection":[{"href":"https:\/\/www.europesays.com\/fr\/wp-json\/wp\/v2\/posts"}],"about":[{"href":"https:\/\/www.europesays.com\/fr\/wp-json\/wp\/v2\/types\/post"}],"author":[{"embeddable":true,"href":"https:\/\/www.europesays.com\/fr\/wp-json\/wp\/v2\/users\/2"}],"replies":[{"embeddable":true,"href":"https:\/\/www.europesays.com\/fr\/wp-json\/wp\/v2\/comments?post=345195"}],"version-history":[{"count":0,"href":"https:\/\/www.europesays.com\/fr\/wp-json\/wp\/v2\/posts\/345195\/revisions"}],"wp:featuredmedia":[{"embeddable":true,"href":"https:\/\/www.europesays.com\/fr\/wp-json\/wp\/v2\/media\/287881"}],"wp:attachment":[{"href":"https:\/\/www.europesays.com\/fr\/wp-json\/wp\/v2\/media?parent=345195"}],"wp:term":[{"taxonomy":"category","embeddable":true,"href":"https:\/\/www.europesays.com\/fr\/wp-json\/wp\/v2\/categories?post=345195"},{"taxonomy":"post_tag","embeddable":true,"href":"https:\/\/www.europesays.com\/fr\/wp-json\/wp\/v2\/tags?post=345195"}],"curies":[{"name":"wp","href":"https:\/\/api.w.org\/{rel}","templated":true}]}}