{"id":345200,"date":"2025-08-26T13:03:11","date_gmt":"2025-08-26T13:03:11","guid":{"rendered":"https:\/\/www.europesays.com\/fr\/345200\/"},"modified":"2025-08-26T13:03:11","modified_gmt":"2025-08-26T13:03:11","slug":"nouvelle-noyade-dans-le-canal-du-midi-un-sexagenaire-retrouve-mort","status":"publish","type":"post","link":"https:\/\/www.europesays.com\/fr\/345200\/","title":{"rendered":"Nouvelle noyade dans le Canal du Midi, un sexag\u00e9naire retrouv\u00e9 mort"},"content":{"rendered":"<p><strong>drame &#8211; Mardi matin, le corps sans vie d\u2019un homme de 66 ans a \u00e9t\u00e9 retrouv\u00e9 dans le Canal du Midi \u00e0 Ramonville au sud de Toulouse<\/strong><\/p>\n<p>Ce mardi, un peu avant 9 heures, une trag\u00e9die a frapp\u00e9 la commune de Ramonville, au sud de <a href=\"https:\/\/www.20minutes.fr\/toulouse\/?at_medium=RSS%20feed&amp;at_campaign=ynews&amp;utm_source=yahoo&amp;utm_medium=rss&amp;utm_campaign=news_feed&amp;utm_content=in_article_link\" rel=\"nofollow noopener\" target=\"_blank\" data-ylk=\"slk:Toulouse;elm:context_link;itc:0;sec:content-canvas\" class=\"link \">Toulouse<\/a> en <a href=\"https:\/\/www.20minutes.fr\/dossier\/haute-garonne?at_medium=RSS%20feed&amp;at_campaign=ynews&amp;utm_source=yahoo&amp;utm_medium=rss&amp;utm_campaign=news_feed&amp;utm_content=in_article_link\" rel=\"nofollow noopener\" target=\"_blank\" data-ylk=\"slk:Haute-Garonne;elm:context_link;itc:0;sec:content-canvas\" class=\"link \">Haute-Garonne<\/a>. Les pompiers du Sdis 31 ont \u00e9t\u00e9 alert\u00e9s pour une <a href=\"https:\/\/www.20minutes.fr\/faits_divers\/faits-divers-toulouse\/4127103-20241203-toulouse-corps-homme-repeche-canal-midi?at_medium=RSS%20feed&amp;at_campaign=ynews&amp;utm_source=yahoo&amp;utm_medium=rss&amp;utm_campaign=news_feed&amp;utm_content=in_article_link\" rel=\"nofollow noopener\" target=\"_blank\" data-ylk=\"slk:noyade;elm:context_link;itc:0;sec:content-canvas\" class=\"link \">noyade<\/a> signal\u00e9e dans le <a href=\"https:\/\/www.20minutes.fr\/faits_divers\/faits-divers-toulouse\/4109026-20240909-toulouse-cycliste-meurt-noye-apres-etre-tombe-canal-midi?at_medium=RSS%20feed&amp;at_campaign=ynews&amp;utm_source=yahoo&amp;utm_medium=rss&amp;utm_campaign=news_feed&amp;utm_content=in_article_link\" rel=\"nofollow noopener\" target=\"_blank\" data-ylk=\"slk:Canal du Midi;elm:context_link;itc:0;sec:content-canvas\" class=\"link \">Canal du Midi<\/a>, chemin de Mange-Pomme. \u00c0 leur arriv\u00e9e, les secours ont d\u00e9couvert le corps immerg\u00e9 d\u2019un homme de 66 ans, qui a \u00e9t\u00e9 d\u00e9clar\u00e9 d\u00e9c\u00e9d\u00e9 sur place par le Samu.<\/p>\n<p>L\u2019intervention a mobilis\u00e9 quatre sapeurs-pompiers, appuy\u00e9s par la gendarmerie, la police municipale et une \u00e9quipe du Samu, selon le Sdis.<\/p>\n<p>Une enqu\u00eate ouverte<\/p>\n<p>Malgr\u00e9 la rapidit\u00e9 de la mobilisation, aucune r\u00e9animation n\u2019a pu \u00eatre effectu\u00e9e, la victime \u00e9tant d\u00e9j\u00e0 d\u00e9c\u00e9d\u00e9e \u00e0 l\u2019arriv\u00e9e des secours.<\/p>\n<p>Les circonstances exactes de ce drame restent \u00e0 \u00e9claircir. Une enqu\u00eate a \u00e9t\u00e9 ouverte par les autorit\u00e9s pour d\u00e9terminer les causes de cette noyade. Accident, malaise ou autre facteur\u00a0? Pour l\u2019heure, aucune piste n\u2019est privil\u00e9gi\u00e9e, et les investigations se poursuivent afin de faire toute la lumi\u00e8re sur cet \u00e9v\u00e9nement tragique.<\/p>\n<p><a href=\"https:\/\/www.20minutes.fr\/faits_divers\/faits-divers-toulouse\/4169593-20250826-toulouse-nouvelle-noyade-canal-midi-sexagenaire-retrouve-mort?at_medium=RSS%20feed&amp;at_campaign=ynews&amp;utm_source=yahoo&amp;utm_medium=rss&amp;utm_campaign=news_feed&amp;utm_content=read_more_link&quot;\" rel=\"nofollow noopener\" target=\"_blank\" data-ylk=\"slk:Lire la suite sur 20minutes;elm:context_link;itc:0;sec:content-canvas\" class=\"link \">Lire la suite sur 20minutes<\/a><\/p>\n<p>\u00c0 lire aussi :<br \/><a href=\"https:\/\/www.20minutes.fr\/faits_divers\/4169050-20250822-tarn-garonne-deuxieme-jumeaux-2-ans-retrouves-noyes-lac-aussi-decede?at_medium=RSS%20feed&amp;at_campaign=ynews&amp;utm_source=yahoo&amp;utm_medium=rss&amp;utm_campaign=news_feed&amp;utm_content=related_content_link\" rel=\"nofollow noopener\" target=\"_blank\" data-ylk=\"slk:Tarn-et-Garonne\u00a0: Le deuxi\u00e8me des jumeaux de 2 ans retrouv\u00e9s noy\u00e9s dans un lac est lui aussi d\u00e9c\u00e9d\u00e9;elm:context_link;itc:0;sec:content-canvas\" class=\"link \">Tarn-et-Garonne\u00a0: Le deuxi\u00e8me des jumeaux de 2 ans retrouv\u00e9s noy\u00e9s dans un lac est lui aussi d\u00e9c\u00e9d\u00e9<\/a><br \/><a href=\"https:\/\/www.20minutes.fr\/societe\/4169109-20250822-noyades-hausse-deces-enfants-aussi?at_medium=RSS%20feed&amp;at_campaign=ynews&amp;utm_source=yahoo&amp;utm_medium=rss&amp;utm_campaign=news_feed&amp;utm_content=related_content_link\" rel=\"nofollow noopener\" target=\"_blank\" data-ylk=\"slk:Les noyades sont en hausse cet \u00e9t\u00e9, les d\u00e9c\u00e8s d\u2019enfants aussi;elm:context_link;itc:0;sec:content-canvas\" class=\"link \">Les noyades sont en hausse cet \u00e9t\u00e9, les d\u00e9c\u00e8s d\u2019enfants aussi<\/a><\/p>\n","protected":false},"excerpt":{"rendered":"drame &#8211; Mardi matin, le corps sans vie d\u2019un homme de 66 ans a \u00e9t\u00e9 retrouv\u00e9 dans le&hellip;\n","protected":false},"author":2,"featured_media":345201,"comment_status":"","ping_status":"","sticky":false,"template":"","format":"standard","meta":{"footnotes":""},"categories":[2816],"tags":[1111,11,4861,3348,1777,674,1011,27,12,7781,2680,48139,25,2312,48138],"class_list":{"0":"post-345200","1":"post","2":"type-post","3":"status-publish","4":"format-standard","5":"has-post-thumbnail","7":"category-toulouse","8":"tag-actu","9":"tag-actualites","10":"tag-canal-du-midi","11":"tag-drame","12":"tag-eu","13":"tag-europe","14":"tag-fr","15":"tag-france","16":"tag-news","17":"tag-noyade","18":"tag-occitanie","19":"tag-ramonville","20":"tag-republique-francaise","21":"tag-toulouse","22":"tag-vie-dun-homme"},"share_on_mastodon":{"url":"https:\/\/pubeurope.com\/@fr\/115095208312122035","error":""},"_links":{"self":[{"href":"https:\/\/www.europesays.com\/fr\/wp-json\/wp\/v2\/posts\/345200","targetHints":{"allow":["GET"]}}],"collection":[{"href":"https:\/\/www.europesays.com\/fr\/wp-json\/wp\/v2\/posts"}],"about":[{"href":"https:\/\/www.europesays.com\/fr\/wp-json\/wp\/v2\/types\/post"}],"author":[{"embeddable":true,"href":"https:\/\/www.europesays.com\/fr\/wp-json\/wp\/v2\/users\/2"}],"replies":[{"embeddable":true,"href":"https:\/\/www.europesays.com\/fr\/wp-json\/wp\/v2\/comments?post=345200"}],"version-history":[{"count":0,"href":"https:\/\/www.europesays.com\/fr\/wp-json\/wp\/v2\/posts\/345200\/revisions"}],"wp:featuredmedia":[{"embeddable":true,"href":"https:\/\/www.europesays.com\/fr\/wp-json\/wp\/v2\/media\/345201"}],"wp:attachment":[{"href":"https:\/\/www.europesays.com\/fr\/wp-json\/wp\/v2\/media?parent=345200"}],"wp:term":[{"taxonomy":"category","embeddable":true,"href":"https:\/\/www.europesays.com\/fr\/wp-json\/wp\/v2\/categories?post=345200"},{"taxonomy":"post_tag","embeddable":true,"href":"https:\/\/www.europesays.com\/fr\/wp-json\/wp\/v2\/tags?post=345200"}],"curies":[{"name":"wp","href":"https:\/\/api.w.org\/{rel}","templated":true}]}}