{"id":345202,"date":"2025-08-26T13:04:19","date_gmt":"2025-08-26T13:04:19","guid":{"rendered":"https:\/\/www.europesays.com\/fr\/345202\/"},"modified":"2025-08-26T13:04:19","modified_gmt":"2025-08-26T13:04:19","slug":"le-mur-est-tombe-les-travaux-continuent","status":"publish","type":"post","link":"https:\/\/www.europesays.com\/fr\/345202\/","title":{"rendered":"le mur est tomb\u00e9, les travaux continuent"},"content":{"rendered":"<p>            Par<br \/>\n        <strong><br \/>\n            <a href=\"https:\/\/actu.fr\/auteur\/annesophie-2\" title=\"Consulter tous les articles de Anne-Sophie Hourdeaux\" target=\"_blank\" rel=\"noopener\">Anne-Sophie Hourdeaux<\/a><br \/>\n        <\/strong><\/p>\n<p>        Publi\u00e9 le<\/p>\n<p>            26 ao\u00fbt 2025 \u00e0 14h00        <\/p>\n<p><b>La r\u00e9novation urbaine \u00e0 l\u2019Alma <\/b>\u00e0 <a href=\"https:\/\/actu.fr\/hauts-de-france\/roubaix_59512\" target=\"_blank\" rel=\"noopener\">Roubaix<\/a> (Nord) bat son plein jusque 2032. En tout, 392 logements seront r\u00e9habilit\u00e9s, 102 logements neufs reconstruits et 486 d\u00e9molis. De nouvelles structures appara\u00eetront, comme une <b>grande place du march\u00e9<\/b>. Cet \u00e9t\u00e9, le chantier d\u2019une <b>friche industrielle<\/b> a commenc\u00e9. Aussi, <b>le fameux \u00ab\u2009mur\u2009\u00bb<\/b> pour emp\u00eacher les d\u00e9gradations <b>a \u00e9t\u00e9 \u00f4t\u00e9<\/b>. Un grand b\u00e2timent doit \u00eatre aussi d\u00e9moli. On fait le point sur les travaux.<\/p>\n<p>    <img   decoding=\"async\" loading=\"lazy\" class=\"size-large\" src=\"https:\/\/www.europesays.com\/fr\/wp-content\/uploads\/2025\/08\/d9d559f484a862ed559f484a842e55v-960x640.jpg\" alt=\"r\u00e9novation urbaine alma roubaix ao\u00fbt 2025\" width=\"960\" height=\"640\"\/><br \/>\n    En ao\u00fbt 2025, le mur de b\u00e9ton \u00e9rig\u00e9 par la mairie pour prot\u00e9ger le chantier rue de l\u2019Alma a \u00e9t\u00e9 \u00f4t\u00e9, d\u00e9voilant un espace vert apr\u00e8s d\u00e9molition de plusieurs b\u00e2timents. \u00a9Anne-Sophie Hourdeaux\/Croix du Nord<\/p>\n<p class=\" wall-content\">La volont\u00e9 est de <b>\u00ab\u2009redonner du sens \u00e0 la rue de l\u2019Alma, avec des rez-de-chauss\u00e9e commerciaux, car actuellement, beaucoup de commerces sont ferm\u00e9s\u2009\u00bb<\/b>, dit Flavia Intonti, cheffe du service r\u00e9novation urbaine \u00e0 Roubaix.<\/p>\n<p>    <img   decoding=\"async\" loading=\"lazy\" class=\"size-large\" src=\"https:\/\/www.europesays.com\/fr\/wp-content\/uploads\/2025\/08\/e8815e0f98a86cc815e0f98a890915v-960x640.jpg\" alt=\"le futur quartier alma roubaix\" width=\"960\" height=\"640\"\/><br \/>\n    La future place du march\u00e9 \u00e0 l\u2019Alma, face \u00e0 Blanchemaille. \u00a9Ville de Roubaix\/OstyUne grande place du march\u00e9<\/p>\n<p class=\" wall-content\">En face de la grande pharmacie Blanchemaille, la place sera reconvertie pour donner plus d\u2019ampleur au march\u00e9. Ce site est strat\u00e9gique car situ\u00e9 juste en face des anciens locaux de la Redoute h\u00e9bergeant d\u00e9sormais la filiale <b>\u00ab\u2009e-commerce\u2009\u00bb<\/b><b> <\/b>d\u2019Euratechnologies.<\/p>\n<p>Votre r\u00e9gion, votre actu !<\/p>\n<p>Recevez chaque jour les infos qui comptent pour vous.<\/p>\n<p>\t<a href=\"https:\/\/actu.fr\/newsletter\" class=\"ac-btn ac-btn--corner ac-btn--medium ac-btn--blue800\" target=\"_blank\" rel=\"noopener\">S&rsquo;incrire<\/a><\/p>\n<p>    <img   decoding=\"async\" loading=\"lazy\" class=\"size-large\" src=\"https:\/\/www.europesays.com\/fr\/wp-content\/uploads\/2025\/08\/1d269e0f98a86f0369e0f98a8d4369v-960x640.jpg\" alt=\"le futur quartier alma roubaix\" width=\"960\" height=\"640\"\/><br \/>\n    La future place de la Grand-M\u00e8re. \u00a9Ville de Roubaix\/Osty<\/p>\n<p class=\" wall-content\">Des \u00e9l\u00e9ments sont d\u00e9j\u00e0 r\u00e9alis\u00e9s. L\u2019entr\u00e9e de l\u2019\u00e9cole Elsa Triolet a \u00e9t\u00e9 invers\u00e9e, passant de la place de la Grand-m\u00e8re \u00e0 la rue de Fontenoy. Il a fallu embellir la nouvelle entr\u00e9e, avec un artiste, les enfants ont particip\u00e9 en accrochant des dessins de personnages sur le grillage.<\/p>\n<p class=\" wall-content\">La place de la Grand-m\u00e8re sera enti\u00e8rement v\u00e9g\u00e9talis\u00e9e.<\/p>\n<p>    <img   decoding=\"async\" loading=\"lazy\" class=\"size-large\" src=\"https:\/\/www.europesays.com\/fr\/wp-content\/uploads\/2025\/08\/7cac131f98a8630bc131f98a8f3bc1v-960x640.jpg\" alt=\"le futur quartier alma roubaix\" width=\"960\" height=\"640\"\/><br \/>\n    L\u2019entr\u00e9e de la rue de l\u2019Alma en 2032. \u00a9Ville de Roubaix\/OstyNouveau square pour enfants<\/p>\n<p class=\" wall-content\">Une nouvelle aire de jeux a \u00e9t\u00e9 cr\u00e9\u00e9e avec Ville renouvel\u00e9e, qui a le terrain pour 15 ans\u2009: le square des Poussins rue Vallon. Les habitants avaient demand\u00e9 un lieu s\u00e9curis\u00e9 pour les 0-6 ans. Un ancien parking a ainsi \u00e9t\u00e9 requalifi\u00e9. Les cr\u00e9neaux d\u2019ouverture ont \u00e9t\u00e9 \u00e9tablis avec les habitants.<\/p>\n<p>    <img   decoding=\"async\" loading=\"lazy\" class=\"size-large\" src=\"https:\/\/www.europesays.com\/fr\/wp-content\/uploads\/2025\/08\/699c29f484a868d9c29f484a841ac2v-960x640.jpg\" alt=\"r\u00e9novation urbaine alma roubaix ao\u00fbt 2025 square poussins\" width=\"960\" height=\"640\"\/><br \/>\n    Le nouveau square des Poussins pour les enfants. \u00a9Anne-Sophie Hourdeaux\/Croix du Nord<\/p>\n<p class=\" wall-content\">Il fallait un <b>\u00ab\u2009gardien\u2009\u00bb<\/b> de la structure\u2009: ce sont les salari\u00e9s de l\u2019EBE, la nouvelle entreprise \u00e0 but d\u2019emploi de Roubaix (dans le cadre de Territoire z\u00e9ro ch\u00f4meur), qui ouvrent et ferment le lieu, les mercredis et samedis de 16\u2009h\u200930 \u00e0 18\u2009h\u200930. Des ateliers sont propos\u00e9s, les enfants jouent dans de petites maisons\/cabanes color\u00e9es. Une malle de jeux est aussi \u00e0 disposition des familles. On y trouvera bient\u00f4t un mur d\u2019activit\u00e9 Montessori. C\u2019est une structure transitoire pour l\u2019instant.<\/p>\n<p>    <img   decoding=\"async\" loading=\"lazy\" class=\"size-large\" src=\"https:\/\/www.europesays.com\/fr\/wp-content\/uploads\/2025\/08\/48c71bf484a866cc71bf484a870d71v-960x640.jpg\" alt=\"r\u00e9novation urbaine alma roubaix ao\u00fbt 2025\" width=\"960\" height=\"640\"\/><br \/>\n    La friche Wagnon continue sa requalification\u2009: elle abritera bient\u00f4t une salle de sports, le p\u00f4le enfance et jeunesse du centre social Alma, la Maison des initiatives\u2026 \u00a9Anne-Sophie Hourdeaux\/Croix du NordCet \u00e9t\u00e9, la friche Wagnon<\/p>\n<p class=\" wall-content\">Cet \u00e9t\u00e9 2025, les anciens hangars du site Wagnon, rue de l\u2019Alma, sont en cours de d\u00e9molition. Cela concerne un immense p\u00e2t\u00e9 de maisons, une friche industrielle qui sera requalifi\u00e9e. Sur ce site, sont pr\u00e9vus\u2009:<\/p>\n<ul class=\" wall-content\">\n<li>la cr\u00e9ation d\u2019une salle multisports dans l\u2019actuel grenier \u00e0 sel<\/li>\n<li>l\u2019extension du gymnase existant pour des usages sportifs<\/li>\n<li>l\u2019implantation du p\u00f4le enfance et jeunesse du centre social Alma<\/li>\n<li>la cr\u00e9ation de la Maison de l\u2019autonomie et des initiatives locales<\/li>\n<\/ul>\n<p>    <img   decoding=\"async\" loading=\"lazy\" class=\"size-large\" src=\"https:\/\/www.europesays.com\/fr\/wp-content\/uploads\/2025\/08\/cc6fc0c971486017fc0c97148f47fcv-960x640.jpg\" alt=\"quartier alma roubaix r\u00e9novation urbaine\" width=\"960\" height=\"640\"\/><br \/>\n    Le b\u00e2timent des 3F sera d\u00e9moli. Il est facilement reconnaissable avec ses t\u00eates d\u2019animaux\u2009! \u00a9Anne-Sophie Hourdeaux\/Croix du Nord<\/p>\n<p class=\" wall-content\">Les d\u00e9molitions vont se poursuivre, notamment l\u2019immense b\u00e2timent des 3F rue de l\u2019Alma, reconnaissable entre mille avec son architecture \u00e0 t\u00eate d\u2019animaux\u2009!<\/p>\n<p class=\" wall-content\">En tout, ce sont 486 logements qui seront d\u00e9truits sur ce quartier, pour 693\u00a0familles relog\u00e9es, 93 constructions neuves et 388 b\u00e2timents r\u00e9habilit\u00e9s.<\/p>\n<p class=\" wall-content\">Rendez-vous en 2032 pour le nouveau visage du quartier\u2009!<\/p>\n<p class=\" wall-content\">Personnalisez votre actualit\u00e9 en ajoutant vos villes et m\u00e9dias en favori avec <a href=\"https:\/\/moncompte.actu.fr\" title=\"D\u00e9couvez Mon Actu\" rel=\"nofollow noopener\" data-trk=\"{&quot;cta&quot;:{&quot;action&quot;:&quot;https:\\\/\\\/moncompte.actu.fr&quot;,&quot;category&quot;:&quot;mon compte&quot;,&quot;from&quot;:&quot;article footer&quot;,&quot;name&quot;:&quot;Mon actu&quot;,&quot;type&quot;:&quot;cta&quot;}}\" target=\"_blank\">Mon Actu<\/a>.<\/p>\n","protected":false},"excerpt":{"rendered":"Par Anne-Sophie Hourdeaux Publi\u00e9 le 26 ao\u00fbt 2025 \u00e0 14h00 La r\u00e9novation urbaine \u00e0 l\u2019Alma \u00e0 Roubaix (Nord)&hellip;\n","protected":false},"author":2,"featured_media":345203,"comment_status":"","ping_status":"","sticky":false,"template":"","format":"standard","meta":{"footnotes":""},"categories":[2815],"tags":[1111,11,1777,674,1011,27,811,1307,12,5765,25,104,2086],"class_list":{"0":"post-345202","1":"post","2":"type-post","3":"status-publish","4":"format-standard","5":"has-post-thumbnail","7":"category-lille","8":"tag-actu","9":"tag-actualites","10":"tag-eu","11":"tag-europe","12":"tag-fr","13":"tag-france","14":"tag-hauts-de-france","15":"tag-lille","16":"tag-news","17":"tag-renovation-urbaine","18":"tag-republique-francaise","19":"tag-societe","20":"tag-travaux"},"share_on_mastodon":{"url":"https:\/\/pubeurope.com\/@fr\/115095213769340421","error":""},"_links":{"self":[{"href":"https:\/\/www.europesays.com\/fr\/wp-json\/wp\/v2\/posts\/345202","targetHints":{"allow":["GET"]}}],"collection":[{"href":"https:\/\/www.europesays.com\/fr\/wp-json\/wp\/v2\/posts"}],"about":[{"href":"https:\/\/www.europesays.com\/fr\/wp-json\/wp\/v2\/types\/post"}],"author":[{"embeddable":true,"href":"https:\/\/www.europesays.com\/fr\/wp-json\/wp\/v2\/users\/2"}],"replies":[{"embeddable":true,"href":"https:\/\/www.europesays.com\/fr\/wp-json\/wp\/v2\/comments?post=345202"}],"version-history":[{"count":0,"href":"https:\/\/www.europesays.com\/fr\/wp-json\/wp\/v2\/posts\/345202\/revisions"}],"wp:featuredmedia":[{"embeddable":true,"href":"https:\/\/www.europesays.com\/fr\/wp-json\/wp\/v2\/media\/345203"}],"wp:attachment":[{"href":"https:\/\/www.europesays.com\/fr\/wp-json\/wp\/v2\/media?parent=345202"}],"wp:term":[{"taxonomy":"category","embeddable":true,"href":"https:\/\/www.europesays.com\/fr\/wp-json\/wp\/v2\/categories?post=345202"},{"taxonomy":"post_tag","embeddable":true,"href":"https:\/\/www.europesays.com\/fr\/wp-json\/wp\/v2\/tags?post=345202"}],"curies":[{"name":"wp","href":"https:\/\/api.w.org\/{rel}","templated":true}]}}