{"id":345206,"date":"2025-08-26T13:06:11","date_gmt":"2025-08-26T13:06:11","guid":{"rendered":"https:\/\/www.europesays.com\/fr\/345206\/"},"modified":"2025-08-26T13:06:11","modified_gmt":"2025-08-26T13:06:11","slug":"marseille-il-se-tue-en-tentant-de-recuperer-le-telephone-de-sa-compagne","status":"publish","type":"post","link":"https:\/\/www.europesays.com\/fr\/345206\/","title":{"rendered":"Marseille. Il se tue en tentant de r\u00e9cup\u00e9rer le t\u00e9l\u00e9phone de sa compagne"},"content":{"rendered":"<p class=\"body-text\">L&rsquo;homme, \u00e2g\u00e9 d&rsquo;une trentaine d&rsquo;ann\u00e9es, se promenait sur la corniche Kennedy, \u00e0 Marseille, avec sa compagne et un couple d&rsquo;amis.<\/p>\n<p class=\"body-text\">D&rsquo;apr\u00e8s les t\u00e9moignages recueillis apr\u00e8s le drame, et selon les informations de nos confr\u00e8res de\u00a0<a href=\"https:\/\/www.laprovence.com\/article\/faits-divers-justice\/1064369419607714\/un-jeune-homme-se-tue-sur-la-corniche-kennedy-en-tentant-de-recuperer-le-telephone-de-sa-compagne\" target=\"_blank\" rel=\"noopener\">La Provence<\/a>, c&rsquo;est en tentant de r\u00e9cup\u00e9rer le smartphone de sa compagne, qui venait de tomber, que la victime a gliss\u00e9, chutant la t\u00eate la premi\u00e8re sur un rocher.<\/p>\n<p class=\"body-text\">Rapidement sur place, dans la nuit du 25 au 26 ao\u00fbt, les pompiers ne sont pas parvenus \u00e0 le r\u00e9animer. L&rsquo;homme est d\u00e9c\u00e9d\u00e9 moins d&rsquo;une heure apr\u00e8s sa chute.\u00a0 \u00a0\u00a0<\/p>\n<p class=\"body-text note\"><a href=\"https:\/\/www.laprovence.com\/article\/faits-divers-justice\/1064369419607714\/un-jeune-homme-se-tue-sur-la-corniche-kennedy-en-tentant-de-recuperer-le-telephone-de-sa-compagne\" target=\"_blank\" rel=\"noopener\">L&rsquo;article de La Provence est \u00e0 lire ici<\/a><\/p>\n","protected":false},"excerpt":{"rendered":"L&rsquo;homme, \u00e2g\u00e9 d&rsquo;une trentaine d&rsquo;ann\u00e9es, se promenait sur la corniche Kennedy, \u00e0 Marseille, avec sa compagne et un&hellip;\n","protected":false},"author":2,"featured_media":345207,"comment_status":"","ping_status":"","sticky":false,"template":"","format":"standard","meta":{"footnotes":""},"categories":[2814],"tags":[1111,11,885,1777,674,274,107,1011,27,884,12,882,25,4520],"class_list":{"0":"post-345206","1":"post","2":"type-post","3":"status-publish","4":"format-standard","5":"has-post-thumbnail","7":"category-marseille","8":"tag-actu","9":"tag-actualites","10":"tag-bouches-du-rhone","11":"tag-eu","12":"tag-europe","13":"tag-faits-divers-justice","14":"tag-fil-info","15":"tag-fr","16":"tag-france","17":"tag-marseille","18":"tag-news","19":"tag-provence-alpes-cote-dazur","20":"tag-republique-francaise","21":"tag-vaucluse"},"share_on_mastodon":{"url":"","error":""},"_links":{"self":[{"href":"https:\/\/www.europesays.com\/fr\/wp-json\/wp\/v2\/posts\/345206","targetHints":{"allow":["GET"]}}],"collection":[{"href":"https:\/\/www.europesays.com\/fr\/wp-json\/wp\/v2\/posts"}],"about":[{"href":"https:\/\/www.europesays.com\/fr\/wp-json\/wp\/v2\/types\/post"}],"author":[{"embeddable":true,"href":"https:\/\/www.europesays.com\/fr\/wp-json\/wp\/v2\/users\/2"}],"replies":[{"embeddable":true,"href":"https:\/\/www.europesays.com\/fr\/wp-json\/wp\/v2\/comments?post=345206"}],"version-history":[{"count":0,"href":"https:\/\/www.europesays.com\/fr\/wp-json\/wp\/v2\/posts\/345206\/revisions"}],"wp:featuredmedia":[{"embeddable":true,"href":"https:\/\/www.europesays.com\/fr\/wp-json\/wp\/v2\/media\/345207"}],"wp:attachment":[{"href":"https:\/\/www.europesays.com\/fr\/wp-json\/wp\/v2\/media?parent=345206"}],"wp:term":[{"taxonomy":"category","embeddable":true,"href":"https:\/\/www.europesays.com\/fr\/wp-json\/wp\/v2\/categories?post=345206"},{"taxonomy":"post_tag","embeddable":true,"href":"https:\/\/www.europesays.com\/fr\/wp-json\/wp\/v2\/tags?post=345206"}],"curies":[{"name":"wp","href":"https:\/\/api.w.org\/{rel}","templated":true}]}}