{"id":345208,"date":"2025-08-26T13:07:10","date_gmt":"2025-08-26T13:07:10","guid":{"rendered":"https:\/\/www.europesays.com\/fr\/345208\/"},"modified":"2025-08-26T13:07:10","modified_gmt":"2025-08-26T13:07:10","slug":"quattendre-de-la-nouvelle-edition-a-marseille","status":"publish","type":"post","link":"https:\/\/www.europesays.com\/fr\/345208\/","title":{"rendered":"qu&rsquo;attendre de la nouvelle \u00e9dition \u00e0 Marseille ?"},"content":{"rendered":"<p>Le festival est de retour du 27 au 31 ao\u00fbt 2025 sur les plages du Prado. L\u2019\u00c9claireur revient sur toutes les infos \u00e0 conna\u00eetre.<\/p>\n<p>Le Delta Festival est de retour \u00e0 Marseille pour une 11e \u00e9dition. Du 27 au 31 ao\u00fbt 2025, les plages du Prado seront le terrain de jeu de la <a href=\"https:\/\/www.fnac.com\/musique.asp\" target=\"_blank\" rel=\"noreferrer noopener\">musique<\/a> \u00e9lectronique et des diff\u00e9rentes activit\u00e9s pr\u00e9vues par le festival.<\/p>\n<p>Plus de 150\u00a0000\u00a0personnes sont attendues, faisant du Delta Festival l\u2019un des rassemblements les plus importants chaque \u00e9t\u00e9. Tout en mettant la musique \u00e9lectronique et ses d\u00e9riv\u00e9s \u00e0 l\u2019honneur, le Delta Festival est engag\u00e9 socialement et invite les spectateurs \u00e0 interroger le monde et les modes de vies contemporains.<\/p>\n<blockquote class=\"instagram-media\" data-instgrm-captioned=\"\" data-instgrm-permalink=\"https:\/\/www.instagram.com\/reel\/DFvl8Z4OR7W\/?utm_source=ig_embed&amp;utm_campaign=loading\" data-instgrm-version=\"14\" style=\" background:#FFF; border:0; border-radius:3px; box-shadow:0 0 1px 0 rgba(0,0,0,0.5),0 1px 10px 0 rgba(0,0,0,0.15); margin: 1px; max-width:540px; min-width:326px; padding:0; width:99.375%; width:-webkit-calc(100% - 2px); width:calc(100% - 2px);\"\/>\n<p>Avec un regard notamment port\u00e9 sur la jeunesse, c\u2019est un lieu de rencontres et de d\u00e9bats (culturels, sociaux, politiques, environnementaux), avec plusieurs endroits th\u00e9matiques autour de diff\u00e9rents sujets tels que la sant\u00e9, les arts ou encore le vivre-ensemble.<\/p>\n<p>Au total, plus de 400 associations sont attendues, et le Delta Festival invite \u00e9galement les festivaliers \u00e0 s\u2019essayer \u00e0 des jeux interactifs ou \u00e0 profiter de la plage et de la mer entre les nombreuses performances musicales. Car la musique reste au c\u0153ur de l\u2019\u00e9v\u00e9nement et, pour cette 11\u00e8me \u00e9dition, le Delta Festival de Marseille a vu les choses en grand.<\/p>\n<p>Quels artistes voir au Delta Festival ?<\/p>\n<p>Avec plus de 250 artistes r\u00e9partis sur les cinq jours de festival et six sc\u00e8nes diff\u00e9rentes \u2013 qui ont toutes leurs particularit\u00e9s \u2013, le festival joue la carte de l\u2019ambition.<\/p>\n<p>Cette ann\u00e9e, l\u2019une des grandes t\u00eates d\u2019affiche est <a href=\"https:\/\/leclaireur.fnac.com\/article\/571565-bob-sinclar-cest-quoi-cette-idee-de-fausse-chirurgie-esthetique\/\" target=\"_blank\" rel=\"noreferrer noopener\">Bob Sinclar<\/a>, pr\u00e9sent d\u00e8s le 27 ao\u00fbt pour lancer cette nouvelle \u00e9dition en fanfare. Le DJ embl\u00e9matique sera bien accompagn\u00e9 pour le reste de la semaine : Boris Brejcha, <a href=\"https:\/\/leclaireur.fnac.com\/article\/530927-nightcall-de-kavinsky-recit-dun-morceau-intemporel\/\" target=\"_blank\" rel=\"noreferrer noopener\">Kavinsky<\/a>, Lily Palmer, Nina Kraviz, <a href=\"https:\/\/www.fnac.com\/SDM\/ia10019125\" target=\"_blank\" rel=\"noreferrer noopener\">SDM<\/a>, Tayc, Danakil ou encore Massano, Moblack et Agoria sont ainsi attendus, permettant aux festivaliers de s\u2019immerger dans la richesse et la densit\u00e9 de la musique \u00e9lectronique ou urbaine, avec des propositions tr\u00e8s diff\u00e9rentes les unes des autres. Autre apparition tr\u00e8s scrut\u00e9e, celle du groupe embl\u00e9matique <a href=\"https:\/\/www.fnac.com\/ia270915\/Magic-System\" target=\"_blank\" rel=\"noreferrer noopener\">Magic System<\/a> le jeudi 28 ao\u00fbt.<\/p>\n<p><strong class=\"small\">En stock<\/strong><\/p>\n<p>        Acheter sur Fnac.com<\/p>\n<p>Au-del\u00e0 des activit\u00e9s culturelles et de la programmation musicale, le Delta Festival de Marseille propose deux autres rendez-vous : la Pool Party et l\u2019After officiel. Lors de l\u2019After \u2013 qui se situe \u00e0 quelques minutes du festival \u2013, le Delta Festival se transforme en boiler room et propose aux participants de vivre l\u2019exp\u00e9rience au plus pr\u00e8s des artistes convi\u00e9s, avec la volont\u00e9 de garder un \u00e9l\u00e9ment de surprise, la programmation de ces after \u00e9tant tenue le plus possible secr\u00e8te.<\/p>\n<p>Pour cette raison et tant d\u2019autres, la 11e \u00e9dition du Delta Festival de Marseille s\u2019annonce r\u00e9ellement immanquable pour tous les amateurs du genre.<\/p>\n<p>        <script async src=\"\/\/www.instagram.com\/embed.js\"><\/script><\/p>\n","protected":false},"excerpt":{"rendered":"Le festival est de retour du 27 au 31 ao\u00fbt 2025 sur les plages du Prado. L\u2019\u00c9claireur revient&hellip;\n","protected":false},"author":2,"featured_media":345209,"comment_status":"","ping_status":"","sticky":false,"template":"","format":"standard","meta":{"footnotes":""},"categories":[2814],"tags":[1111,11,1777,674,849,1011,27,884,36211,12,882,25],"class_list":{"0":"post-345208","1":"post","2":"type-post","3":"status-publish","4":"format-standard","5":"has-post-thumbnail","7":"category-marseille","8":"tag-actu","9":"tag-actualites","10":"tag-eu","11":"tag-europe","12":"tag-festival","13":"tag-fr","14":"tag-france","15":"tag-marseille","16":"tag-musique-electro","17":"tag-news","18":"tag-provence-alpes-cote-dazur","19":"tag-republique-francaise"},"share_on_mastodon":{"url":"https:\/\/pubeurope.com\/@fr\/115095223903676655","error":""},"_links":{"self":[{"href":"https:\/\/www.europesays.com\/fr\/wp-json\/wp\/v2\/posts\/345208","targetHints":{"allow":["GET"]}}],"collection":[{"href":"https:\/\/www.europesays.com\/fr\/wp-json\/wp\/v2\/posts"}],"about":[{"href":"https:\/\/www.europesays.com\/fr\/wp-json\/wp\/v2\/types\/post"}],"author":[{"embeddable":true,"href":"https:\/\/www.europesays.com\/fr\/wp-json\/wp\/v2\/users\/2"}],"replies":[{"embeddable":true,"href":"https:\/\/www.europesays.com\/fr\/wp-json\/wp\/v2\/comments?post=345208"}],"version-history":[{"count":0,"href":"https:\/\/www.europesays.com\/fr\/wp-json\/wp\/v2\/posts\/345208\/revisions"}],"wp:featuredmedia":[{"embeddable":true,"href":"https:\/\/www.europesays.com\/fr\/wp-json\/wp\/v2\/media\/345209"}],"wp:attachment":[{"href":"https:\/\/www.europesays.com\/fr\/wp-json\/wp\/v2\/media?parent=345208"}],"wp:term":[{"taxonomy":"category","embeddable":true,"href":"https:\/\/www.europesays.com\/fr\/wp-json\/wp\/v2\/categories?post=345208"},{"taxonomy":"post_tag","embeddable":true,"href":"https:\/\/www.europesays.com\/fr\/wp-json\/wp\/v2\/tags?post=345208"}],"curies":[{"name":"wp","href":"https:\/\/api.w.org\/{rel}","templated":true}]}}