{"id":345212,"date":"2025-08-26T13:09:13","date_gmt":"2025-08-26T13:09:13","guid":{"rendered":"https:\/\/www.europesays.com\/fr\/345212\/"},"modified":"2025-08-26T13:09:13","modified_gmt":"2025-08-26T13:09:13","slug":"les-supporters-de-lom-interdits-a-lyon-et-au-groupama-stadium-dimanche","status":"publish","type":"post","link":"https:\/\/www.europesays.com\/fr\/345212\/","title":{"rendered":"les supporters de l&rsquo;OM interdits \u00e0 Lyon et au Groupama Stadium dimanche"},"content":{"rendered":"\n<p class=\"c-chapo \">\n  Comme \u00e0 l&rsquo;accoutum\u00e9e au vu de l&rsquo;historique r\u00e9cent entre les deux clubs, les supporters phoc\u00e9ens ne pourront se rendre ni dans le centre-ville de Lyon ni au stade, dimanche.\n<\/p>\n<p>            lire plus tard<\/p>\n<p id=\"dialog__title\" class=\"dialog__title\">Pour sauvegarder cet article, connectez-vous ou cr\u00e9ez un compte franceinfo<\/p>\n<p class=\"dialog__description\">Sans paiement. Sans abonnement.<\/p>\n<p>        Fermer la fen\u00eatre d\u2019activation des notifications France Info<\/p>\n<p>            cr\u00e9er votre compte<\/p>\n<p>            se connecter<\/p>\n<p>        Fermer la fen\u00eatre de pr\u00e9sentation<\/p>\n<p>    <img loading=\"lazy\" decoding=\"async\" class=\"signature__image lazyload\" width=\"100\" height=\"100\" data- alt=\"\" src=\"https:\/\/www.europesays.com\/fr\/wp-content\/uploads\/2025\/07\/logosport-fond-blanc-68664bf99f8a0368288482.jpg\"\/><\/p>\n<p>          France T\u00e9l\u00e9visions &#8211; R\u00e9daction Sport<\/p>\n<p>    Publi\u00e9 le 26\/08\/2025 15:05<\/p>\n<p>        Temps de lecture : 1min<\/p>\n<p>    <img decoding=\"async\"  alt=\"Des supporters de l'OM face \u00e0 Lens, le 8 mars 2025. (CHRISTOPHE SIMON \/ AFP)\" width=\"432\" height=\"243\" src=\"https:\/\/www.europesays.com\/fr\/wp-content\/uploads\/2025\/08\/000-36zl6nc-68adb0435abb9742896937.jpg\" fetchpriority=\"high\"\/><\/p>\n<p>      Des supporters de l&rsquo;OM face \u00e0 Lens, le 8 mars 2025. (CHRISTOPHE SIMON \/ AFP)<\/p>\n<p>Les supporters marseillais sont interdits de se rendre dimanche dans le centre-ville de Lyon, ainsi qu&rsquo;aux abords et dans le stade de D\u00e9cines-Charpieu, o\u00f9 l&rsquo;OL et l&rsquo;OM s&rsquo;affronteront lors de la 3e journ\u00e9e de Ligue 1, selon un arr\u00eat\u00e9 pr\u00e9fectoral. \u00ab\u00a0Les d\u00e9placements de l&rsquo;Olympique de Marseille sont tr\u00e8s fr\u00e9quemment sources de troubles \u00e0 l&rsquo;ordre public\u00a0\u00bb, justifie la pr\u00e9f\u00e8te du Rh\u00f4ne dans cet arr\u00eat\u00e9, en citant des violences survenues \u00e0 Auxerre, Toulouse ou encore Montpellier ces derni\u00e8res ann\u00e9es.<\/p>\n<p>\u00ab\u00a0Il existe un antagonisme fort et ancien entre les supporters\u00a0\u00bb de Marseille et Lyon, ajoute-t-elle, alors que \u00ab\u00a0l&rsquo;Olympico\u00a0\u00bb est un des grands rendez-vous sportifs en Ligue 1. La pr\u00e9f\u00e8te rappelle que Dimitri Payet, alors joueur de l&rsquo;OM, <a href=\"https:\/\/www.franceinfo.fr\/sports\/foot\/ligue-1\/lyon-marseille-dimitri-payet-touche-par-une-bouteille-lancee-depuis-les-tribunes-le-huitieme-incident-grave-dune-saison-de-ligue-1-mouvementee_4853605.html\" rel=\"nofollow noopener\" target=\"_blank\">avait re\u00e7u une bouteille en plastique dans le stade de Lyon en 2021<\/a>, et que l&rsquo;ex-entra\u00eeneur de l&rsquo;OL <a href=\"https:\/\/www.franceinfo.fr\/sports\/foot\/incidents-du-match-om-ol\/incidents-om-ol-nous-sommes-dans-une-societe-ou-la-violence-a-repris-ses-droits-analyse-un-sociologue-specialiste-du-hooliganisme_6161871.html\" rel=\"nofollow noopener\" target=\"_blank\">Fabio Grosso avait \u00e9t\u00e9 bless\u00e9 au visage en 2023<\/a> par un jet de projectile sur le bus de l&rsquo;\u00e9quipe en d\u00e9placement \u00e0 Marseille.<\/p>\n<p>\u00ab\u00a0Il convient d\u00e8s lors de limiter la libert\u00e9 d&rsquo;aller et venir de toute personne se pr\u00e9valant de la qualit\u00e9 de supporter de l&rsquo;Olympique de Marseille ou se comportant comme tel sur le territoire de la ville de Lyon, aux alentours et dans l&rsquo;enceinte du Groupama Stadium\u00a0\u00bb, selon son arr\u00eat\u00e9. Les p\u00e9tards, projectiles et boissons alcoolis\u00e9es sont \u00e9galement interdits dimanche dans et autour du stade, o\u00f9 la rencontre doit d\u00e9buter \u00e0 20h45.<\/p>\n","protected":false},"excerpt":{"rendered":"Comme \u00e0 l&rsquo;accoutum\u00e9e au vu de l&rsquo;historique r\u00e9cent entre les deux clubs, les supporters phoc\u00e9ens ne pourront se&hellip;\n","protected":false},"author":2,"featured_media":345213,"comment_status":"","ping_status":"","sticky":false,"template":"","format":"standard","meta":{"footnotes":""},"categories":[1889],"tags":[1111,11,2430,1777,674,1011,27,2428,12,25],"class_list":{"0":"post-345212","1":"post","2":"type-post","3":"status-publish","4":"format-standard","5":"has-post-thumbnail","7":"category-lyon","8":"tag-actu","9":"tag-actualites","10":"tag-auvergne-rhone-alpes","11":"tag-eu","12":"tag-europe","13":"tag-fr","14":"tag-france","15":"tag-lyon","16":"tag-news","17":"tag-republique-francaise"},"share_on_mastodon":{"url":"https:\/\/pubeurope.com\/@fr\/115095231780147151","error":""},"_links":{"self":[{"href":"https:\/\/www.europesays.com\/fr\/wp-json\/wp\/v2\/posts\/345212","targetHints":{"allow":["GET"]}}],"collection":[{"href":"https:\/\/www.europesays.com\/fr\/wp-json\/wp\/v2\/posts"}],"about":[{"href":"https:\/\/www.europesays.com\/fr\/wp-json\/wp\/v2\/types\/post"}],"author":[{"embeddable":true,"href":"https:\/\/www.europesays.com\/fr\/wp-json\/wp\/v2\/users\/2"}],"replies":[{"embeddable":true,"href":"https:\/\/www.europesays.com\/fr\/wp-json\/wp\/v2\/comments?post=345212"}],"version-history":[{"count":0,"href":"https:\/\/www.europesays.com\/fr\/wp-json\/wp\/v2\/posts\/345212\/revisions"}],"wp:featuredmedia":[{"embeddable":true,"href":"https:\/\/www.europesays.com\/fr\/wp-json\/wp\/v2\/media\/345213"}],"wp:attachment":[{"href":"https:\/\/www.europesays.com\/fr\/wp-json\/wp\/v2\/media?parent=345212"}],"wp:term":[{"taxonomy":"category","embeddable":true,"href":"https:\/\/www.europesays.com\/fr\/wp-json\/wp\/v2\/categories?post=345212"},{"taxonomy":"post_tag","embeddable":true,"href":"https:\/\/www.europesays.com\/fr\/wp-json\/wp\/v2\/tags?post=345212"}],"curies":[{"name":"wp","href":"https:\/\/api.w.org\/{rel}","templated":true}]}}