{"id":345216,"date":"2025-08-26T13:12:13","date_gmt":"2025-08-26T13:12:13","guid":{"rendered":"https:\/\/www.europesays.com\/fr\/345216\/"},"modified":"2025-08-26T13:12:13","modified_gmt":"2025-08-26T13:12:13","slug":"un-adolescent-interpelle-pour-le-viol-dune-touriste-pres-de-la-tour-eiffel","status":"publish","type":"post","link":"https:\/\/www.europesays.com\/fr\/345216\/","title":{"rendered":"un adolescent interpell\u00e9 pour le viol d&rsquo;une touriste pr\u00e8s de la tour Eiffel"},"content":{"rendered":"<p>            Par<br \/>\n        <strong><br \/>\n            <a href=\"https:\/\/actu.fr\/auteur\/antoine-blanchet\" title=\"Consulter tous les articles de Antoine Blanchet\" rel=\"nofollow noopener\" target=\"_blank\">Antoine Blanchet<\/a><br \/>\n        <\/strong><\/p>\n<p>        Publi\u00e9 le<\/p>\n<p>            26 ao\u00fbt 2025 \u00e0 14h12        <\/p>\n<p>De nouvelles <a href=\"https:\/\/actu.fr\/tag\/violences-sexuelles\" rel=\"nofollow noopener\" target=\"_blank\">violences sexuelles<\/a> aux abords de la <a href=\"https:\/\/actu.fr\/tag\/tour-eiffel\" rel=\"nofollow noopener\" target=\"_blank\">tour Eiffel<\/a>. Dans la nuit du lundi\u00a025 au mardi 26\u00a0ao\u00fbt 2025, <strong>une femme aurait \u00e9t\u00e9 victime d\u2019un viol<\/strong> sur le Champ-de-Mars \u00e0 <a href=\"https:\/\/actu.fr\/paris\/\" rel=\"nofollow noopener\" target=\"_blank\">Paris<\/a>, nous indique le parquet, confirmant une information du <a href=\"https:\/\/www.leparisien.fr\/faits-divers\/paris-un-jeune-place-en-garde-a-vue-pour-le-viol-dune-femme-devant-la-tour-eiffel-26-08-2025-OCA4EFM7QRD4PMXNWOTRTBOH5U.php\" rel=\"nofollow noopener\" target=\"_blank\">Parisien<\/a>. Un adolescent de 17\u00a0ans a \u00e9t\u00e9 interpell\u00e9 peu apr\u00e8s.<\/p>\n<p>La victime agress\u00e9e dans un buisson<\/p>\n<p class=\" wall-content\">Les faits se sont d\u00e9roul\u00e9s peu apr\u00e8s 2h30 du matin. La victime, <strong>une touriste ukrainienne d\u2019une trentaine d\u2019ann\u00e9es<\/strong>, se baladait alcoolis\u00e9e dans le secteur, lorsqu\u2019un jeune homme l\u2019a entra\u00een\u00e9e dans un buisson, indiquent nos confr\u00e8res du Parisien. La femme aurait subi des attouchements et une p\u00e9n\u00e9tration.<\/p>\n<p>Le suspect \u00e2g\u00e9 de 17\u00a0ans<\/p>\n<p class=\" wall-content\">Alert\u00e9s par les cris de la victime, les policiers de la brigade anticriminalit\u00e9 sont parvenus \u00e0 interpeller l\u2019auteur pr\u00e9sum\u00e9. Ce dernier a indiqu\u00e9 \u00eatre \u00e2g\u00e9 de 17\u00a0ans et \u00eatre originaire de Libye. Son identit\u00e9 est en cours de v\u00e9rification. Une enqu\u00eate a \u00e9t\u00e9 ouverte<strong> et confi\u00e9e au troisi\u00e8me district de police judiciaire<\/strong>. \u00ab\u2009La victime n\u2019\u00e9tant pas francophone et \u00e9tant alcoolis\u00e9e lors de l\u2019intervention des policiers doit \u00eatre r\u00e9entendue afin de pouvoir s\u2019exprimer sur ce qu\u2019il s\u2019est pass\u00e9\u2009\u00bb, pr\u00e9cise le parquet.<\/p>\n<p class=\" wall-content\">Personnalisez votre actualit\u00e9 en ajoutant vos villes et m\u00e9dias en favori avec <a href=\"https:\/\/moncompte.actu.fr\" title=\"D\u00e9couvez Mon Actu\" rel=\"nofollow noopener\" data-trk=\"{&quot;cta&quot;:{&quot;action&quot;:&quot;https:\\\/\\\/moncompte.actu.fr&quot;,&quot;category&quot;:&quot;mon compte&quot;,&quot;from&quot;:&quot;article footer&quot;,&quot;name&quot;:&quot;Mon actu&quot;,&quot;type&quot;:&quot;cta&quot;}}\" target=\"_blank\">Mon Actu<\/a>.<\/p>\n","protected":false},"excerpt":{"rendered":"Par Antoine Blanchet Publi\u00e9 le 26 ao\u00fbt 2025 \u00e0 14h12 De nouvelles violences sexuelles aux abords de la&hellip;\n","protected":false},"author":2,"featured_media":311166,"comment_status":"","ping_status":"","sticky":false,"template":"","format":"standard","meta":{"footnotes":""},"categories":[1888],"tags":[1111,1928,11,1927,1777,674,118,1011,27,12,1926,626,1925,25,7184,799],"class_list":{"0":"post-345216","1":"post","2":"type-post","3":"status-publish","4":"format-standard","5":"has-post-thumbnail","7":"category-paris","8":"tag-actu","9":"tag-actu-paris","10":"tag-actualites","11":"tag-actualites-paris","12":"tag-eu","13":"tag-europe","14":"tag-faits-divers","15":"tag-fr","16":"tag-france","17":"tag-news","18":"tag-news-paris","19":"tag-paris","20":"tag-paris-news","21":"tag-republique-francaise","22":"tag-tour-eiffel","23":"tag-violences-sexuelles"},"share_on_mastodon":{"url":"https:\/\/pubeurope.com\/@fr\/115095243683404820","error":""},"_links":{"self":[{"href":"https:\/\/www.europesays.com\/fr\/wp-json\/wp\/v2\/posts\/345216","targetHints":{"allow":["GET"]}}],"collection":[{"href":"https:\/\/www.europesays.com\/fr\/wp-json\/wp\/v2\/posts"}],"about":[{"href":"https:\/\/www.europesays.com\/fr\/wp-json\/wp\/v2\/types\/post"}],"author":[{"embeddable":true,"href":"https:\/\/www.europesays.com\/fr\/wp-json\/wp\/v2\/users\/2"}],"replies":[{"embeddable":true,"href":"https:\/\/www.europesays.com\/fr\/wp-json\/wp\/v2\/comments?post=345216"}],"version-history":[{"count":0,"href":"https:\/\/www.europesays.com\/fr\/wp-json\/wp\/v2\/posts\/345216\/revisions"}],"wp:featuredmedia":[{"embeddable":true,"href":"https:\/\/www.europesays.com\/fr\/wp-json\/wp\/v2\/media\/311166"}],"wp:attachment":[{"href":"https:\/\/www.europesays.com\/fr\/wp-json\/wp\/v2\/media?parent=345216"}],"wp:term":[{"taxonomy":"category","embeddable":true,"href":"https:\/\/www.europesays.com\/fr\/wp-json\/wp\/v2\/categories?post=345216"},{"taxonomy":"post_tag","embeddable":true,"href":"https:\/\/www.europesays.com\/fr\/wp-json\/wp\/v2\/tags?post=345216"}],"curies":[{"name":"wp","href":"https:\/\/api.w.org\/{rel}","templated":true}]}}