{"id":345219,"date":"2025-08-26T13:14:10","date_gmt":"2025-08-26T13:14:10","guid":{"rendered":"https:\/\/www.europesays.com\/fr\/345219\/"},"modified":"2025-08-26T13:14:10","modified_gmt":"2025-08-26T13:14:10","slug":"ni-stress-ni-tension-on-respire-metro-auto-velo-quel-plaisir-de-se-deplacer-dans-paris-lete","status":"publish","type":"post","link":"https:\/\/www.europesays.com\/fr\/345219\/","title":{"rendered":"\u00ab\u00a0Ni stress ni tension, on respire\u2026\u00a0\u00bb\u00a0: m\u00e9tro, auto, v\u00e9lo, quel plaisir de se d\u00e9placer dans Paris l\u2019\u00e9t\u00e9\u00a0!"},"content":{"rendered":"<p class=\"paragraph text_align_left lp-f-body-02\">Sur les quais franciliens ce lundi matin, il y a ceux qui reprennent tout juste le chemin du bureau\u2026 et ceux qui ont travaill\u00e9 en ao\u00fbt. Et pour ces derniers, la fin prochaine de la parenth\u00e8se estivale se fait d\u00e9j\u00e0 sentir. \u00ab C\u2019est vite blind\u00e9, soupire Romane, d\u00e9j\u00e0 nostalgique de la p\u00e9riode d\u2019\u00e9t\u00e9, en gare de Ch\u00e2telet-les Halles (Ier). \u00ab Surtout la semaine du 15 ao\u00fbt, j\u2019avais presque le wagon pour moi toute seule, c\u2019\u00e9tait trop bien \u00bb, ironise la jeune psychologue, qui se rend quotidiennement \u00e0 son cabinet dans le VIe arrondissement de Paris.<\/p>\n<p class=\"paragraph text_align_left lp-f-body-02\">Signe de la rentr\u00e9e qui approche, les rames du<a href=\"https:\/\/www.leparisien.fr\/info-paris-ile-de-france-oise\/transports\/rer-a\/\" target=\"_self\" rel=\"noopener\"> RER A<\/a> se remplissent plus vite, les gares deviennent plus bruyantes et les gens commencent \u00e0 se presser pour monter au moment du signal sonore. Une routine qui n\u2019avait pas manqu\u00e9 aux travailleurs estivaux. Certains ont red\u00e9couvert le confort des trains. \u00ab J\u2019ai pu m\u2019asseoir presque tous les jours, alors que d\u2019habitude, je suis souvent debout, contre la vitre \u00bb, avance Martine, justement assise dans une rame du <a href=\"https:\/\/www.leparisien.fr\/info-paris-ile-de-france-oise\/transports\/rer-b\/\" target=\"_self\" rel=\"noopener\">RER B <\/a>en direction de Mitry-Claye en Seine-et-Marne.<\/p>\n","protected":false},"excerpt":{"rendered":"Sur les quais franciliens ce lundi matin, il y a ceux qui reprennent tout juste le chemin du&hellip;\n","protected":false},"author":2,"featured_media":345220,"comment_status":"","ping_status":"","sticky":false,"template":"","format":"standard","meta":{"footnotes":""},"categories":[1888],"tags":[11,1777,674,1011,27,1944,12,626,25,2382],"class_list":{"0":"post-345219","1":"post","2":"type-post","3":"status-publish","4":"format-standard","5":"has-post-thumbnail","7":"category-paris","8":"tag-actualites","9":"tag-eu","10":"tag-europe","11":"tag-fr","12":"tag-france","13":"tag-ma-ville","14":"tag-news","15":"tag-paris","16":"tag-republique-francaise","17":"tag-transport-idf-oise"},"share_on_mastodon":{"url":"https:\/\/pubeurope.com\/@fr\/115095251474640857","error":""},"_links":{"self":[{"href":"https:\/\/www.europesays.com\/fr\/wp-json\/wp\/v2\/posts\/345219","targetHints":{"allow":["GET"]}}],"collection":[{"href":"https:\/\/www.europesays.com\/fr\/wp-json\/wp\/v2\/posts"}],"about":[{"href":"https:\/\/www.europesays.com\/fr\/wp-json\/wp\/v2\/types\/post"}],"author":[{"embeddable":true,"href":"https:\/\/www.europesays.com\/fr\/wp-json\/wp\/v2\/users\/2"}],"replies":[{"embeddable":true,"href":"https:\/\/www.europesays.com\/fr\/wp-json\/wp\/v2\/comments?post=345219"}],"version-history":[{"count":0,"href":"https:\/\/www.europesays.com\/fr\/wp-json\/wp\/v2\/posts\/345219\/revisions"}],"wp:featuredmedia":[{"embeddable":true,"href":"https:\/\/www.europesays.com\/fr\/wp-json\/wp\/v2\/media\/345220"}],"wp:attachment":[{"href":"https:\/\/www.europesays.com\/fr\/wp-json\/wp\/v2\/media?parent=345219"}],"wp:term":[{"taxonomy":"category","embeddable":true,"href":"https:\/\/www.europesays.com\/fr\/wp-json\/wp\/v2\/categories?post=345219"},{"taxonomy":"post_tag","embeddable":true,"href":"https:\/\/www.europesays.com\/fr\/wp-json\/wp\/v2\/tags?post=345219"}],"curies":[{"name":"wp","href":"https:\/\/api.w.org\/{rel}","templated":true}]}}