{"id":345225,"date":"2025-08-26T13:17:09","date_gmt":"2025-08-26T13:17:09","guid":{"rendered":"https:\/\/www.europesays.com\/fr\/345225\/"},"modified":"2025-08-26T13:17:09","modified_gmt":"2025-08-26T13:17:09","slug":"en-pologne-le-president-nationaliste-met-son-veto-a-une-loi-sur-laide-aux-refugies-ukrainiens","status":"publish","type":"post","link":"https:\/\/www.europesays.com\/fr\/345225\/","title":{"rendered":"En Pologne, le pr\u00e9sident nationaliste met son veto \u00e0 une loi sur l\u2019aide aux r\u00e9fugi\u00e9s ukrainiens"},"content":{"rendered":"\n<p>Ce n\u2019est pas un mais quatre veto que le nouveau pr\u00e9sident nationaliste polonais, Karol Nawrocki, a utilis\u00e9s en dix-neuf jours, depuis sa prise de fonction le 6\u00a0ao\u00fbt. \u201cLe pr\u00e9sident [sortant] Duda avait brandi son premier veto apr\u00e8s quatre mois de cohabitation, [Karol] Nawrocki,\u00a0apr\u00e8s seulement deux semaines\u201d, <a href=\"https:\/\/www.rp.pl\/komentarze\/art42902511-michal-szuldrzynski-prezydent-nawrocki-chce-byc-nadpremierem-kolejne-weta-i-testowanie-konstytucyjnych-regul-gry\" target=\"_blank\" rel=\"noopener\">remarque le r\u00e9dacteur en chef du quotidien conservateur <strong>Rzeczpospolita<\/strong><\/a><strong>.<\/strong><\/p>\n<p>Apr\u00e8s s\u2019\u00eatre oppos\u00e9 le 21\u00a0ao\u00fbt \u00e0 une loi tr\u00e8s attendue lib\u00e9ralisant l\u2019implantation des \u00e9oliennes dans les campagnes polonaises, voil\u00e0 que le chef d\u2019\u00c9tat \u00e9lu en juin avec le soutien des nationaux-conservateurs de Droit et Justice (PiS), et en conflit avec le gouvernement de centre droit de <a href=\"https:\/\/www.courrierinternational.com\/sujet\/donald-tusk\" target=\"_blank\" rel=\"noopener\">Donald Tusk<\/a>, a trouv\u00e9 \u00e0 redire le 25\u00a0ao\u00fbt \u00e0 un amendement \u00e0 la loi r\u00e9gissant l\u2019aide aux r\u00e9fugi\u00e9s ukrainiens en Pologne, souligne le journal.<\/p>\n<p>Vot\u00e9e en mars 2022, cette loi \u00e9tait r\u00e9guli\u00e8rement amend\u00e9e, sans aucune difficult\u00e9, pour prolonger le statut particulier des r\u00e9fugi\u00e9s ukrainiens dans le pays. Le texte conf\u00e8re aux exil\u00e9s venus d\u2019Ukraine un droit de s\u00e9jour, l\u2019acc\u00e8s au march\u00e9 du travail, \u00e0 la sant\u00e9 publique, et les m\u00eames prestations sociales que celles dont b\u00e9n\u00e9ficient les citoyens Polonais. Les Ukrainiens touchaient donc jusqu\u2019\u00e0 pr\u00e9sent les allocations familiales dites \u201c800\u00a0+\u201d (800\u00a0zlotys, soit 190\u00a0euros), qui n\u2019\u00e9tai<\/p>\n","protected":false},"excerpt":{"rendered":"Ce n\u2019est pas un mais quatre veto que le nouveau pr\u00e9sident nationaliste polonais, Karol Nawrocki, a utilis\u00e9s en&hellip;\n","protected":false},"author":2,"featured_media":345226,"comment_status":"","ping_status":"","sticky":false,"template":"","format":"standard","meta":{"footnotes":""},"categories":[1590],"tags":[11,1777,674,6429,131,12,316,2437,48140,220],"class_list":{"0":"post-345225","1":"post","2":"type-post","3":"status-publish","4":"format-standard","5":"has-post-thumbnail","7":"category-ukraine","8":"tag-actualites","9":"tag-eu","10":"tag-europe","11":"tag-extru00eame-droite","12":"tag-guerre-en-ukraine","13":"tag-news","14":"tag-politique","15":"tag-pologne","16":"tag-ru00e9fugiu00e9s-ukrainiens","17":"tag-ukraine"},"share_on_mastodon":{"url":"https:\/\/pubeurope.com\/@fr\/115095263231461618","error":""},"_links":{"self":[{"href":"https:\/\/www.europesays.com\/fr\/wp-json\/wp\/v2\/posts\/345225","targetHints":{"allow":["GET"]}}],"collection":[{"href":"https:\/\/www.europesays.com\/fr\/wp-json\/wp\/v2\/posts"}],"about":[{"href":"https:\/\/www.europesays.com\/fr\/wp-json\/wp\/v2\/types\/post"}],"author":[{"embeddable":true,"href":"https:\/\/www.europesays.com\/fr\/wp-json\/wp\/v2\/users\/2"}],"replies":[{"embeddable":true,"href":"https:\/\/www.europesays.com\/fr\/wp-json\/wp\/v2\/comments?post=345225"}],"version-history":[{"count":0,"href":"https:\/\/www.europesays.com\/fr\/wp-json\/wp\/v2\/posts\/345225\/revisions"}],"wp:featuredmedia":[{"embeddable":true,"href":"https:\/\/www.europesays.com\/fr\/wp-json\/wp\/v2\/media\/345226"}],"wp:attachment":[{"href":"https:\/\/www.europesays.com\/fr\/wp-json\/wp\/v2\/media?parent=345225"}],"wp:term":[{"taxonomy":"category","embeddable":true,"href":"https:\/\/www.europesays.com\/fr\/wp-json\/wp\/v2\/categories?post=345225"},{"taxonomy":"post_tag","embeddable":true,"href":"https:\/\/www.europesays.com\/fr\/wp-json\/wp\/v2\/tags?post=345225"}],"curies":[{"name":"wp","href":"https:\/\/api.w.org\/{rel}","templated":true}]}}