{"id":345227,"date":"2025-08-26T13:18:17","date_gmt":"2025-08-26T13:18:17","guid":{"rendered":"https:\/\/www.europesays.com\/fr\/345227\/"},"modified":"2025-08-26T13:18:17","modified_gmt":"2025-08-26T13:18:17","slug":"contre-la-chine-les-etats-unis-et-leurs-allies-militarisent-le-pacifique","status":"publish","type":"post","link":"https:\/\/www.europesays.com\/fr\/345227\/","title":{"rendered":"Contre la Chine, les \u00c9tats-Unis et leurs alli\u00e9s militarisent le Pacifique"},"content":{"rendered":"<p>Malheureusement, les d\u00e9monstrations de force militaire dans l\u2019Asie-Pacifique sont devenues banales. Elles sont pourtant autant de blocs pos\u00e9s par les \u00c9tats-Unis et leurs alli\u00e9s pour endiguer la Chine, de plus en plus irrit\u00e9e. La derni\u00e8re de ces dangereuses man\u0153uvres est la tenue des exercices militaires annuels du r\u00e9gime indon\u00e9sien, coorganis\u00e9s par Washington depuis 2007.<\/p>\n<p>Le \u00ab\u00a0Super Garuda shield\u00a0\u00bb,  nomm\u00e9<\/p>\n","protected":false},"excerpt":{"rendered":"Malheureusement, les d\u00e9monstrations de force militaire dans l\u2019Asie-Pacifique sont devenues banales. Elles sont pourtant autant de blocs pos\u00e9s&hellip;\n","protected":false},"author":2,"featured_media":345228,"comment_status":"","ping_status":"","sticky":false,"template":"","format":"standard","meta":{"footnotes":""},"categories":[1589],"tags":[11,1328,309,73,1866,48141,12,770,1864,1865,1863,308],"class_list":{"0":"post-345227","1":"post","2":"type-post","3":"status-publish","4":"format-standard","5":"has-post-thumbnail","7":"category-etats-unis","8":"tag-actualites","9":"tag-asie-pacifique","10":"tag-chine","11":"tag-etats-unis","12":"tag-etats-unis-damerique","13":"tag-indonu00e9sie","14":"tag-news","15":"tag-u00e9tats-unis","16":"tag-united-states","17":"tag-united-states-of-america","18":"tag-us","19":"tag-usa"},"share_on_mastodon":{"url":"https:\/\/pubeurope.com\/@fr\/115095267239432164","error":""},"_links":{"self":[{"href":"https:\/\/www.europesays.com\/fr\/wp-json\/wp\/v2\/posts\/345227","targetHints":{"allow":["GET"]}}],"collection":[{"href":"https:\/\/www.europesays.com\/fr\/wp-json\/wp\/v2\/posts"}],"about":[{"href":"https:\/\/www.europesays.com\/fr\/wp-json\/wp\/v2\/types\/post"}],"author":[{"embeddable":true,"href":"https:\/\/www.europesays.com\/fr\/wp-json\/wp\/v2\/users\/2"}],"replies":[{"embeddable":true,"href":"https:\/\/www.europesays.com\/fr\/wp-json\/wp\/v2\/comments?post=345227"}],"version-history":[{"count":0,"href":"https:\/\/www.europesays.com\/fr\/wp-json\/wp\/v2\/posts\/345227\/revisions"}],"wp:featuredmedia":[{"embeddable":true,"href":"https:\/\/www.europesays.com\/fr\/wp-json\/wp\/v2\/media\/345228"}],"wp:attachment":[{"href":"https:\/\/www.europesays.com\/fr\/wp-json\/wp\/v2\/media?parent=345227"}],"wp:term":[{"taxonomy":"category","embeddable":true,"href":"https:\/\/www.europesays.com\/fr\/wp-json\/wp\/v2\/categories?post=345227"},{"taxonomy":"post_tag","embeddable":true,"href":"https:\/\/www.europesays.com\/fr\/wp-json\/wp\/v2\/tags?post=345227"}],"curies":[{"name":"wp","href":"https:\/\/api.w.org\/{rel}","templated":true}]}}