{"id":345235,"date":"2025-08-26T13:22:11","date_gmt":"2025-08-26T13:22:11","guid":{"rendered":"https:\/\/www.europesays.com\/fr\/345235\/"},"modified":"2025-08-26T13:22:11","modified_gmt":"2025-08-26T13:22:11","slug":"defense-comment-les-entreprises-non-europeennes-peuvent-beneficier-du-programme-safe-de-lue","status":"publish","type":"post","link":"https:\/\/www.europesays.com\/fr\/345235\/","title":{"rendered":"D\u00e9fense\u00a0: comment les entreprises non europ\u00e9ennes peuvent b\u00e9n\u00e9ficier du programme SAFE de l\u2019UE"},"content":{"rendered":"<p style=\"text-align: left\">Les pays tiers peuvent acc\u00e9der directement aux pr\u00eats du programme SAFE (Security\u00a0Action for Europe), \u00e0 condition de signer un accord bilat\u00e9ral avec l\u2019UE. Le Royaume-Uni <a href=\"https:\/\/www.euractiv.fr\/section\/defence\/news\/londres-attend-toujours-une-offre-claire-pour-integrer-le-programme-de-financement-de-la-defense-safe-de-lue\/\" target=\"_blank\" rel=\"noopener nofollow\">a \u00e9t\u00e9 le premier<\/a> \u00e0 franchir cette \u00e9tape.<\/p>\n<p style=\"text-align: left\">En dehors de ce type d\u2019accord, les entreprises des pays tiers n\u2019auraient qu\u2019un acc\u00e8s indirect aux fonds.<\/p>\n<p style=\"text-align: left\">Ce sont les \u00c9tats membres de l\u2019UE, et non des entreprises sp\u00e9cifiques, qui demandent des pr\u00eats au titre du SAFE \u00e0 la Commission. Par cons\u00e9quent, ce sont \u00e9galement les \u00c9tats membres qui traiteront avec les fournisseurs pour financer l\u2019achat d\u2019un produit final.<\/p>\n<p style=\"text-align: left\">Le programme SAFE permet aux capitales de l\u2019UE de faire appel \u00e0 des sous-traitants situ\u00e9s en dehors de l\u2019Union, de la Norv\u00e8ge et de l\u2019Ukraine pour fournir jusqu\u2019\u00e0 35\u00a0% de la valeur d\u2019un contrat.<\/p>\n<p style=\"text-align: left\">Par exemple, un \u00c9tat membre peut utiliser ces pr\u00eats pour acheter des missiles a\u00e9riens fabriqu\u00e9s dans l\u2019UE, en Norv\u00e8ge, en Ukraine ou dans un pays tiers ayant sign\u00e9 un accord bilat\u00e9ral, tout en int\u00e9grant des composants produits par un sous-traitant sud-cor\u00e9en sans pr\u00e9sence europ\u00e9enne.<\/p>\n<p style=\"text-align: left\">Ces entreprises doivent toutefois avoir sign\u00e9 un contrat avec des entreprises de l\u2019UE avant l\u2019entr\u00e9e en vigueur de l\u2019instrument SAFE. Dans le cas contraire, le contractant doit d\u00e9clarer qu\u2019il \u00ab\u2009s\u2019engage \u00e0 \u00e9tudier\u2009\u00bb la suppression progressive de ce composant non europ\u00e9en dans un d\u00e9lai de deux ans.<\/p>\n<p style=\"text-align: left\">Cependant, cette clause pourrait \u00eatre contourn\u00e9e, avertit \u0141ukasz Ma\u015blanka, chercheur senior au Centre d\u2019\u00e9tudes orientales (OSW), un groupe de r\u00e9flexion polonais. Et la mani\u00e8re dont les sous-traitants seront contr\u00f4l\u00e9s dans le cadre des march\u00e9s publics reste encore floue \u00e0 ce stade.<\/p>\n<p style=\"text-align: left\">Les capitales doivent encore s\u2019accorder sur le type de \u00ab\u2009preuves documentaires\u2009\u00bb n\u00e9cessaire pour attester qu\u2019elles respectent les r\u00e8gles d\u2019\u00e9ligibilit\u00e9 du programme SAFE. Ces \u00e9l\u00e9ments seront transmis \u00e0 la Commission dans le cadre d\u2019\u00ab\u2009arrangements op\u00e9rationnels\u2009\u00bb, qui d\u00e9tailleront comment chaque pays pr\u00e9voit d\u2019utiliser les pr\u00eats.<\/p>\n<p style=\"text-align: left\">Pour \u0141ukasz Ma\u015blanka, le cahier des charges devrait faire partie des plans que les capitales de l\u2019UE doivent soumettre \u00e0 la Commission avant le 30\u00a0novembre, d\u00e9taillant la mani\u00e8re dont elles entendent utiliser les pr\u00eats, car le respect des r\u00e8gles relatives aux sous-traitants de pays tiers pourrait d\u00e9terminer l\u2019octroi du pr\u00eat.<\/p>\n<p><img loading=\"lazy\" decoding=\"async\" width=\"800\" height=\"600\" src=\"https:\/\/www.europesays.com\/fr\/wp-content\/uploads\/2025\/08\/GettyImages-2213361062-1-800x600.jpg\" class=\"attachment-4x3 size-4x3 wp-post-image ea-media-unrolled ea-media-formatted img-responsive\" alt=\"\"\/><\/p>\n","protected":false},"excerpt":{"rendered":"Les pays tiers peuvent acc\u00e9der directement aux pr\u00eats du programme SAFE (Security\u00a0Action for Europe), \u00e0 condition de signer&hellip;\n","protected":false},"author":2,"featured_media":345236,"comment_status":"","ping_status":"","sticky":false,"template":"","format":"standard","meta":{"footnotes":""},"categories":[1586],"tags":[11,1777,674,1779,1011,27,12,25,1778,364],"class_list":{"0":"post-345235","1":"post","2":"type-post","3":"status-publish","4":"format-standard","5":"has-post-thumbnail","7":"category-europe","8":"tag-actualites","9":"tag-eu","10":"tag-europe","11":"tag-european-union","12":"tag-fr","13":"tag-france","14":"tag-news","15":"tag-republique-francaise","16":"tag-ue","17":"tag-union-europeenne"},"share_on_mastodon":{"url":"https:\/\/pubeurope.com\/@fr\/115095283139328971","error":""},"_links":{"self":[{"href":"https:\/\/www.europesays.com\/fr\/wp-json\/wp\/v2\/posts\/345235","targetHints":{"allow":["GET"]}}],"collection":[{"href":"https:\/\/www.europesays.com\/fr\/wp-json\/wp\/v2\/posts"}],"about":[{"href":"https:\/\/www.europesays.com\/fr\/wp-json\/wp\/v2\/types\/post"}],"author":[{"embeddable":true,"href":"https:\/\/www.europesays.com\/fr\/wp-json\/wp\/v2\/users\/2"}],"replies":[{"embeddable":true,"href":"https:\/\/www.europesays.com\/fr\/wp-json\/wp\/v2\/comments?post=345235"}],"version-history":[{"count":0,"href":"https:\/\/www.europesays.com\/fr\/wp-json\/wp\/v2\/posts\/345235\/revisions"}],"wp:featuredmedia":[{"embeddable":true,"href":"https:\/\/www.europesays.com\/fr\/wp-json\/wp\/v2\/media\/345236"}],"wp:attachment":[{"href":"https:\/\/www.europesays.com\/fr\/wp-json\/wp\/v2\/media?parent=345235"}],"wp:term":[{"taxonomy":"category","embeddable":true,"href":"https:\/\/www.europesays.com\/fr\/wp-json\/wp\/v2\/categories?post=345235"},{"taxonomy":"post_tag","embeddable":true,"href":"https:\/\/www.europesays.com\/fr\/wp-json\/wp\/v2\/tags?post=345235"}],"curies":[{"name":"wp","href":"https:\/\/api.w.org\/{rel}","templated":true}]}}