{"id":345241,"date":"2025-08-26T13:25:19","date_gmt":"2025-08-26T13:25:19","guid":{"rendered":"https:\/\/www.europesays.com\/fr\/345241\/"},"modified":"2025-08-26T13:25:19","modified_gmt":"2025-08-26T13:25:19","slug":"jean-luc-melenchon-reconnait-une-montee-de-lantisemitisme-en-france-quil-jugeait-residuel-en-2024","status":"publish","type":"post","link":"https:\/\/www.europesays.com\/fr\/345241\/","title":{"rendered":"Jean-Luc M\u00e9lenchon reconna\u00eet une \u00ab\u00a0mont\u00e9e\u00a0\u00bb de l\u2019antis\u00e9mitisme en France, qu\u2019il jugeait \u00ab\u00a0r\u00e9siduel\u00a0\u00bb en 2024"},"content":{"rendered":"<p class=\"article-p mdl\">Jean-Luc M\u00e9lenchon a reconnu, ce mardi 26 ao\u00fbt, \u00ab\u00a0une mont\u00e9e de l&rsquo;antis\u00e9mitisme\u00a0\u00bb en France depuis les attaques du Hamas le 7 octobre 2023, tout en estimant que l&rsquo;antis\u00e9mitisme est \u00ab\u00a0encourag\u00e9\u00a0\u00bb par\u00a0\u00ab\u00a0l&rsquo;assimilation\u00a0\u00bb qui est faite avec les critiques \u00e0 l&rsquo;encontre du gouvernement isra\u00e9lien de Benjamin Netanyahu.<\/p>\n<p class=\"article-p mdl\">\u00ab\u00a0Nous sommes malheureusement dans un pays o\u00f9\u00a0<a class=\"link\" href=\"https:\/\/www.rtl.fr\/actu\/international\/netanyahu-fait-de-l-antisemitisme-une-monnaie-d-echange-diplomatique-estime-le-rabbin-moche-lewin-sur-rtl-7900531921\" target=\"_blank\" rel=\"noopener\">l&rsquo;antis\u00e9mitisme<\/a>\u00a0a \u00e9t\u00e9 encourag\u00e9 par <strong>l&rsquo;assimilation<\/strong> qui a \u00e9t\u00e9 faite avec la critique de Benjamin Netanyahu et ceux qui le critiquaient <strong>ont \u00e9t\u00e9 trait\u00e9s d&rsquo;antis\u00e9mites<\/strong>, le pape, le secr\u00e9taire g\u00e9n\u00e9ral de l&rsquo;ONU et m\u00eame le pr\u00e9sident Macron qui en quelque sorte a \u00e9t\u00e9 l&rsquo;arroseur arros\u00e9 de cette histoire\u00a0\u00bb, a d\u00e9clar\u00e9 le leader de La France insoumise sur France Inter.<\/p>\n<p class=\"article-p mdl\">\u00ab\u00a0Oui, il y a une <strong>mont\u00e9e de l&rsquo;antis\u00e9mitisme<\/strong> dans notre pays\u00a0\u00bb, a ajout\u00e9 Jean-Luc M\u00e9lenchon qui avait \u00e9crit il y a quelques mois que \u00ab\u00a0l&rsquo;antis\u00e9mitisme reste r\u00e9siduel en France\u00a0\u00bb et est r\u00e9guli\u00e8rement accus\u00e9 d&rsquo;entretenir volontairement une certaine ambigu\u00eft\u00e9 sur cette question.<\/p>\n<p>            Solidaire du pr\u00e9sident face aux accusations de l&rsquo;ambassadeur am\u00e9ricain<\/p>\n<p class=\"article-p mdl\">Le leader insoumis s&rsquo;est aussi d\u00e9clar\u00e9 \u00ab\u00a0<strong>totalement solidaire<\/strong> du pr\u00e9sident de la R\u00e9publique\u00a0\u00bb face aux critiques de l&rsquo;ambassadeur am\u00e9ricain en France, Charles Kushner, sur \u00ab\u00a0l&rsquo;absence d&rsquo;action suffisante\u00a0\u00bb contre l&rsquo;antis\u00e9mitisme\u00a0d&rsquo;Emmanuel Macron. \u00ab\u00a0Il est inadmissible que la mode soit devenue que l&rsquo;ambassadeur d&rsquo;Isra\u00ebl se prononce sur la politique int\u00e9rieure de la France. Il est insupportable que l&rsquo;ambassadeur des \u00c9tats-Unis en fasse autant. Que veulent ces gens \u00e0 la fin ? <strong>D\u00e9cider de la politique de notre pays<\/strong> \u00e0 notre place ?\u00a0\u00bb, a d\u00e9nonc\u00e9 Jean-Luc M\u00e9lenchon.<\/p>\n<p class=\"article-p mdl\">Le chef de l&rsquo;\u00c9tat, dont l&rsquo;intention de\u00a0<strong><a class=\"link\" href=\"https:\/\/www.rtl.fr\/actu\/international\/reconnaissance-d-un-etat-palestinien-sur-rtl-le-ministre-benjamin-haddad-reagit-aux-propos-de-donald-trump-7900526265\" target=\"_blank\" rel=\"noopener\">reconna\u00eetre un \u00c9tat palestinien<\/a>\u00a0ulc\u00e8re Isra\u00ebl et les \u00c9tats-Unis<\/strong>, \u00ab\u00a0a bien fait de convoquer cet ambassadeur et j&rsquo;estime que le mieux serait que cet ambassadeur rentre chez lui\u00a0\u00bb, a ajout\u00e9 le leader insoumis.<\/p>\n<p>            646 actes antis&amp;mites en 2025<\/p>\n<p class=\"article-p mdl\">Lundi, le repr\u00e9sentant de\u00a0<a class=\"link\" href=\"https:\/\/www.rtl.fr\/actu\/international\/convoque-l-ambassadeur-americain-en-france-charles-kushnerl-ne-s-est-pas-presente-au-quai-d-orsay-7900533453\" target=\"_blank\" rel=\"noopener\">Charles Kushner<\/a>, absent, s&rsquo;est vu signifier que les critiques \u00e9mises \u00ab\u00a0constituaient une ing\u00e9rence dans les affaires int\u00e9rieures (de la France) et dressaient un constat qui ne correspondait pas \u00e0 la r\u00e9alit\u00e9\u00a0\u00bb. Benjamin Netanyahu avait lui-m\u00eame accus\u00e9 le 19 ao\u00fbt Emmanuel Macron \u00ab\u00a0<strong>d&rsquo;alimenter le feu antis\u00e9mite<\/strong>\u00a0\u00bb avec son intention de reconna\u00eetre l&rsquo;\u00c9tat palestinien lors de la prochaine Assembl\u00e9e g\u00e9n\u00e9rale de l&rsquo;ONU fin septembre.<\/p>\n<p class=\"article-p mdl\">Entre janvier et juin 2025, <strong>646 actes antis\u00e9mites<\/strong>\u00a0<a class=\"link\" href=\"https:\/\/www.rtl.fr\/actu\/debats-societe\/antisemitisme-646-actes-recenses-en-france-entre-janvier-et-juin-7900533236\" target=\"_blank\" rel=\"noopener\">ont \u00e9t\u00e9 recens\u00e9s<\/a>\u00a0en France, en baisse de 27% par rapport au premier semestre 2024, selon des chiffres diffus\u00e9s lundi par le minist\u00e8re de l&rsquo;Int\u00e9rieur.<\/p>\n<p>    La r\u00e9daction vous recommande<\/p>\n<p class=\"s-newsletter__title\">\n                L\u2019actualit\u00e9 par la r\u00e9daction de RTL dans votre bo\u00eete mail.\n            <\/p>\n<p class=\"s-newsletter__subtitle\">\n                Gr\u00e2ce \u00e0 votre compte RTL abonnez-vous \u00e0 la newsletter RTL info pour suivre toute l&rsquo;actualit\u00e9 au quotidien\n            <\/p>\n<p>\n                                    Lire la suite\n                                <\/p>\n","protected":false},"excerpt":{"rendered":"Jean-Luc M\u00e9lenchon a reconnu, ce mardi 26 ao\u00fbt, \u00ab\u00a0une mont\u00e9e de l&rsquo;antis\u00e9mitisme\u00a0\u00bb en France depuis les attaques du&hellip;\n","protected":false},"author":2,"featured_media":345242,"comment_status":"","ping_status":"","sticky":false,"template":"","format":"standard","meta":{"footnotes":""},"categories":[4],"tags":[11,6155,107,1011,27,3081,12,25],"class_list":{"0":"post-345241","1":"post","2":"type-post","3":"status-publish","4":"format-standard","5":"has-post-thumbnail","7":"category-france","8":"tag-actualites","9":"tag-antisemitisme","10":"tag-fil-info","11":"tag-fr","12":"tag-france","13":"tag-jean-luc-melenchon","14":"tag-news","15":"tag-republique-francaise"},"share_on_mastodon":{"url":"https:\/\/pubeurope.com\/@fr\/115095294603596242","error":""},"_links":{"self":[{"href":"https:\/\/www.europesays.com\/fr\/wp-json\/wp\/v2\/posts\/345241","targetHints":{"allow":["GET"]}}],"collection":[{"href":"https:\/\/www.europesays.com\/fr\/wp-json\/wp\/v2\/posts"}],"about":[{"href":"https:\/\/www.europesays.com\/fr\/wp-json\/wp\/v2\/types\/post"}],"author":[{"embeddable":true,"href":"https:\/\/www.europesays.com\/fr\/wp-json\/wp\/v2\/users\/2"}],"replies":[{"embeddable":true,"href":"https:\/\/www.europesays.com\/fr\/wp-json\/wp\/v2\/comments?post=345241"}],"version-history":[{"count":0,"href":"https:\/\/www.europesays.com\/fr\/wp-json\/wp\/v2\/posts\/345241\/revisions"}],"wp:featuredmedia":[{"embeddable":true,"href":"https:\/\/www.europesays.com\/fr\/wp-json\/wp\/v2\/media\/345242"}],"wp:attachment":[{"href":"https:\/\/www.europesays.com\/fr\/wp-json\/wp\/v2\/media?parent=345241"}],"wp:term":[{"taxonomy":"category","embeddable":true,"href":"https:\/\/www.europesays.com\/fr\/wp-json\/wp\/v2\/categories?post=345241"},{"taxonomy":"post_tag","embeddable":true,"href":"https:\/\/www.europesays.com\/fr\/wp-json\/wp\/v2\/tags?post=345241"}],"curies":[{"name":"wp","href":"https:\/\/api.w.org\/{rel}","templated":true}]}}