{"id":345247,"date":"2025-08-26T13:29:11","date_gmt":"2025-08-26T13:29:11","guid":{"rendered":"https:\/\/www.europesays.com\/fr\/345247\/"},"modified":"2025-08-26T13:29:11","modified_gmt":"2025-08-26T13:29:11","slug":"petra-kvitova-apres-ses-adieux-au-tennis-a-la-suite-de-son-elimination-de-lus-open-jai-senti-que-ca-nallait-pas-bien-se-passer-lequipe","status":"publish","type":"post","link":"https:\/\/www.europesays.com\/fr\/345247\/","title":{"rendered":"Petra Kvitova, apr\u00e8s ses adieux au tennis \u00e0 la suite de son \u00e9limination de l&#039;US Open : \u00ab J&#039;ai senti que \u00e7a n&#039;allait pas bien se passer \u00bb &#8211; L&#039;\u00c9quipe"},"content":{"rendered":"<ol>\n<li><a href=\"https:\/\/news.google.com\/rss\/articles\/CBMiigJBVV95cUxPWW1yTGtzaE1mT1IxQjhIMUc4SHV4TWduTGszaHJXWHowX3BwaTdlSk1HTDZrcDNRWmlZZVdkMGwxRHZ0dHVHY3daVm0zT0R1ck9SVGhWRGNyRExkRm94Nm1XRzVvSEFZQlNkbmcxcGhwVlB4b3VWSDVaeWFjVGlwb1FndzVnc2pWUjA4MnY0SWNCd0VrSHdoTkhvMXBuLXZXbnhxNXB5VGdzMlRoM1k2UFhJSG9DOEhVLTBSV1RPM3VtX3JTbDhzXzNFMnIycUlYTTBXeFNPUjNfck9hWkZqN1dCc0pTYWlDMmgyMWpWN1VmTmZnNDRDT1Bybl9ma2M0NXYtdUdnVlVadw?oc=5\" target=\"_blank\" rel=\"nofollow noopener\">Petra Kvitova, apr\u00e8s ses adieux au tennis \u00e0 la suite de son \u00e9limination de l&rsquo;US Open : \u00ab J&rsquo;ai senti que \u00e7a n&rsquo;allait pas bien se passer \u00bb<\/a>&nbsp;&nbsp;L&rsquo;\u00c9quipe<\/li>\n<li><a href=\"https:\/\/news.google.com\/rss\/articles\/CBMiwgFBVV95cUxQMmNWOVlYcG43OFcxTGN1WjJMUk43cVpRU2c4S0E3WGF6QnV6NkJwNjRXRzQ2dDZpNHREeWZxd0w2SWVxQ1BZUVFpS3lpMUY0alBybUF4MGxvN1hZaU1vY2xqUUJjOW9rSm02WmFEeGFOcnFVQWN2bGpuTjhaY19CZHV1T1lsNzk4YjRJLUxNZ0hWcDN3bm9Ia1owNWs4QUtQd3U4bWZXLU1ubzk2aDY0RjJwWnlxUW1ZanVsbWhsV1ZiUdIBwAFBVV95cUxPdTJKNXJibzhfZXJhMWNScTR0eHJXTTdkbmtuVWJsX0FST3pNM2Jfb3hfU3FfeTNOVHZnbDBnZF9wbTdrTlZBZWZiaFVVTWpDTkdwN2h6LUl5RnVoY18zUG0zV1N5QUFYUGdhaVQzbjI1aDJXcGZ1VXVJU3dDQXVUY3hmYUUxOTI1cy1sRWpnb29SMDRxY1lqRDFDUU01cmVHOUN5ZGRuc2ZaQldjbGVpS3pRV1V6Ty1UakNETXFjRUE?oc=5\" target=\"_blank\" rel=\"nofollow noopener\">US Open (F) : Parry sans piti\u00e9 avec la n\u00e9o-retrait\u00e9e Kvitova<\/a>&nbsp;&nbsp;Orange Actualit\u00e9s | Sports<\/li>\n<li><a href=\"https:\/\/news.google.com\/rss\/articles\/CBMiggJBVV95cUxPOXc1c01pSDlWckExVmFocjFDejdxYkp6UzBlLWxfU0o0TFJKaWpUYk8yZzY1NDcwZnZ2US1xTXdEalZDZUt0REVGNTBPNUNxTXprdE0zWXFvMFlKSDBDbEZVZTB2TktwcHl4blMzZGVuc3oxYnBwQmVScVpxdWNib0FTTWl6YWJpX29FOE1oWmc3YXR2UHR4a29zbnJmdXNxajJ5dk5vT05xY0o5aU04M0lkaEVXSmpjMnl5dk54WjRYUHVibXRPUWJfa2FwNFRyXzNFQUU4VmVENGNERVRBTTNVdVZLcTY3V2VPc3hTUDE4YXYwcFJDVzJIcHFIdERZVHc?oc=5\" target=\"_blank\" rel=\"nofollow noopener\">Parry envoie s\u00e8chement Kvitova \u00e0 la retraite<\/a>&nbsp;&nbsp;Eurosport<\/li>\n<li><a href=\"https:\/\/news.google.com\/rss\/articles\/CBMi_AFBVV95cUxQcXUwOUdFZG9DLWI1cWlVXzlHUXZFRWtnUG5IUWlIZXYtVk9tSmZWRExvbE9VODF5endlYnFnTlp4YWktTXZwWEMtQW41N1FFWlJmWUUxeG1Dd1lkcksyTFVqMlFyTGc1SXBKQjdoUXJCZVJRVEktUE5uVF9OaWJXMks2Vmg4dlpxTTlOMmR4TUlBTk9KZ3lIWlNaaGxnWmxVRzZ0MmF1dHRORjBOaWM3U19ISjVtNk9aWDB5UGNvZ2RIckpCMWpZY2prWk9QcEhJUDIyUHR6RWtBa2tOQlJCdlY1bExHVTcyQU96N3FsTU9EUlE4VXBtb0Z1V2Q?oc=5\" target=\"_blank\" rel=\"nofollow noopener\">Tennis : une victoire en moins d\u2019une heure et une Fran\u00e7aise met fin \u00e0 la carri\u00e8re d\u2019une multiple vainqueure en Grand Chelem<\/a>&nbsp;&nbsp;ladepeche.fr<\/li>\n<li><a href=\"https:\/\/news.google.com\/rss\/articles\/CBMi_AFBVV95cUxPbXVZanhWTFpZWlluQW5OQ0otbHlKUm9nR2h1RF8zY2ZveUxUcFN3WnR0azFwS2x4c3pQZTQ2b1Y3eVFQYXViUDE3UHZ5bGJuazhPYUxvd0lKTllKOEtoQTJOQmZOTVk4THctV2txRmlBNEVNUk5KdDlFQjFpOE9PR3hSOWR2WDVxcE1ILS15UFd4elpVcm5ONnV5dGNzOV9Rd2JqNDJDTFc1cUJuZzI5eEt3d0g1aEo4SVZoTHdRblBzbWtZTGFGcTFfci1rekFqTzdVVUpGQ0E0bngycGlZb2R2d19tY0k5N2lQQzY2dHVtd1BIYVFtdm1neWk?oc=5\" target=\"_blank\" rel=\"nofollow noopener\">US Open. En balade, Diane Parry est la premi\u00e8re Fran\u00e7aise qualifi\u00e9e au deuxi\u00e8me tour<\/a>&nbsp;&nbsp;Ouest-France<\/li>\n<\/ol>\n","protected":false},"excerpt":{"rendered":"Petra Kvitova, apr\u00e8s ses adieux au tennis \u00e0 la suite de son \u00e9limination de l&rsquo;US Open : \u00ab&hellip;\n","protected":false},"author":2,"featured_media":345248,"comment_status":"","ping_status":"","sticky":false,"template":"","format":"standard","meta":{"footnotes":""},"categories":[1415],"tags":[1011,27,60,1467],"class_list":{"0":"post-345247","1":"post","2":"type-post","3":"status-publish","4":"format-standard","5":"has-post-thumbnail","7":"category-tennis","8":"tag-fr","9":"tag-france","10":"tag-sports","11":"tag-tennis"},"share_on_mastodon":{"url":"https:\/\/pubeurope.com\/@fr\/115095310370877935","error":""},"_links":{"self":[{"href":"https:\/\/www.europesays.com\/fr\/wp-json\/wp\/v2\/posts\/345247","targetHints":{"allow":["GET"]}}],"collection":[{"href":"https:\/\/www.europesays.com\/fr\/wp-json\/wp\/v2\/posts"}],"about":[{"href":"https:\/\/www.europesays.com\/fr\/wp-json\/wp\/v2\/types\/post"}],"author":[{"embeddable":true,"href":"https:\/\/www.europesays.com\/fr\/wp-json\/wp\/v2\/users\/2"}],"replies":[{"embeddable":true,"href":"https:\/\/www.europesays.com\/fr\/wp-json\/wp\/v2\/comments?post=345247"}],"version-history":[{"count":0,"href":"https:\/\/www.europesays.com\/fr\/wp-json\/wp\/v2\/posts\/345247\/revisions"}],"wp:featuredmedia":[{"embeddable":true,"href":"https:\/\/www.europesays.com\/fr\/wp-json\/wp\/v2\/media\/345248"}],"wp:attachment":[{"href":"https:\/\/www.europesays.com\/fr\/wp-json\/wp\/v2\/media?parent=345247"}],"wp:term":[{"taxonomy":"category","embeddable":true,"href":"https:\/\/www.europesays.com\/fr\/wp-json\/wp\/v2\/categories?post=345247"},{"taxonomy":"post_tag","embeddable":true,"href":"https:\/\/www.europesays.com\/fr\/wp-json\/wp\/v2\/tags?post=345247"}],"curies":[{"name":"wp","href":"https:\/\/api.w.org\/{rel}","templated":true}]}}