{"id":345251,"date":"2025-08-26T13:32:12","date_gmt":"2025-08-26T13:32:12","guid":{"rendered":"https:\/\/www.europesays.com\/fr\/345251\/"},"modified":"2025-08-26T13:32:12","modified_gmt":"2025-08-26T13:32:12","slug":"verstappen-hamilton-norris-gasly-finies-les-vacances-lheure-de-la-reprise-va-sonner","status":"publish","type":"post","link":"https:\/\/www.europesays.com\/fr\/345251\/","title":{"rendered":"Verstappen, Hamilton, Norris, Gasly&#8230; Finies les vacances, l\u2019heure de la reprise va sonner"},"content":{"rendered":"<p class=\"article-p mdl\">Finies les vacances au soleil pour les 20 acteurs de la saison 2025 et notamment pour <strong>Max Verstappen<\/strong> qui va disputer ce dimanche 31 ao\u00fbt son Grand Prix national devant la \u00ab\u00a0mar\u00e9e orange\u00a0\u00bb de ses inconditionnels fans n\u00e9erlandais.\u00a0<\/p>\n<p class=\"article-p mdl\">Le\u00a0<a class=\"link\" href=\"https:\/\/www.rtl.fr\/sport\/autres-sports\/f1-max-verstappen-reste-chez-red-bull-7900527278\" title=\"F1 : Max Verstappen reste chez Red Bull\" target=\"_blank\" rel=\"noopener\">quadruple champion du monde,\u00a0<\/a>devenu papa d\u2019une petite Lily en mai dernier, a pass\u00e9 la majeure partie de cette tr\u00eave estivale en famille sur son yacht de 33 m\u00e8tres.<\/p>\n<p class=\"article-p mdl\">Vacances en mer \u00e9galement pour Charles Leclerc autour de la Sardaigne, pour <strong>Lewis Hamilton<\/strong> qui, photographi\u00e9 sur le pont d\u2019un bateau en train de faire de la musculation a post\u00e9 sur ces r\u00e9seaux \u00a0\u00bb pas un jour de repos\u00a0\u00bb, ou encore des Fran\u00e7ais\u00a0<a class=\"link\" href=\"https:\/\/www.rtl.fr\/sport\/autres-sports\/mon-meilleur-souvenir-en-f1-avant-le-gp-de-hongrie-esteban-ocon-se-souvient-de-sa-premiere-victoire-sur-rtl-7900527383\" title=\"&quot;Mon meilleur souvenir en F1&quot; : avant le GP de Hongrie, Esteban Ocon se souvient de sa premi\u00e8re victoire sur RTL\" target=\"_blank\" rel=\"noopener\">Esteban Ocon<\/a>\u00a0en Gr\u00e8ce et <strong>Pierre Gasly au Portugal<\/strong> qui ont profit\u00e9 de leurs proches.<\/p>\n<p class=\"article-p mdl\">Quant aux deux pilotes <strong>McLaren <\/strong>qui survolent le championnat et qui se disputeront le titre en fin de saison, Lando Norris est pass\u00e9 par Ibiza pour se reposer alors qu\u2019Oscar Piastri est rest\u00e9 sur les bords de la M\u00e9diterran\u00e9e avec sa petite amie Lily Zneimer.<\/p>\n<p class=\"article-p mdl\">Les deux co\u00e9quipiers, mais surtout rivaux, ne sont, apr\u00e8s 14 grands prix, s\u00e9par\u00e9s que de neuf points au classement des pilotes et vont d\u00e9sormais se lancer dans <strong>un sprint final de 10 courses en trois mois.<\/strong><\/p>\n<p class=\"article-p mdl\">Instaur\u00e9e depuis 2009 par la FIA, la <strong>tr\u00eave estivale baptis\u00e9e \u00ab\u00a0shutdown\u00a0\u00bb<\/strong> contraint les \u00e9curies \u00e0 fermer leurs usines et \u00e0 cesser toutes activit\u00e9s pendant au minimum 14 jours durant l\u2019\u00e9t\u00e9.<\/p>\n<p>    La r\u00e9daction vous recommande<\/p>\n<p class=\"s-newsletter__title\">\n                L\u2019actualit\u00e9 par la r\u00e9daction de RTL dans votre bo\u00eete mail.\n            <\/p>\n<p class=\"s-newsletter__subtitle\">\n                Gr\u00e2ce \u00e0 votre compte RTL abonnez-vous \u00e0 la newsletter RTL info pour suivre toute l&rsquo;actualit\u00e9 au quotidien\n            <\/p>\n<p>\n                                    Lire la suite\n                                <\/p>\n","protected":false},"excerpt":{"rendered":"Finies les vacances au soleil pour les 20 acteurs de la saison 2025 et notamment pour Max Verstappen&hellip;\n","protected":false},"author":2,"featured_media":345252,"comment_status":"","ping_status":"","sticky":false,"template":"","format":"standard","meta":{"footnotes":""},"categories":[1412],"tags":[1451,107,2619,1452,1453,1454,1455,1011,27,934,60],"class_list":{"0":"post-345251","1":"post","2":"type-post","3":"status-publish","4":"format-standard","5":"has-post-thumbnail","7":"category-f1","8":"tag-f1","9":"tag-fil-info","10":"tag-fil-sport","11":"tag-formula-1","12":"tag-formula1","13":"tag-formule-1","14":"tag-formule1","15":"tag-fr","16":"tag-france","17":"tag-pays-bas","18":"tag-sports"},"share_on_mastodon":{"url":"https:\/\/pubeurope.com\/@fr\/115095322209064333","error":""},"_links":{"self":[{"href":"https:\/\/www.europesays.com\/fr\/wp-json\/wp\/v2\/posts\/345251","targetHints":{"allow":["GET"]}}],"collection":[{"href":"https:\/\/www.europesays.com\/fr\/wp-json\/wp\/v2\/posts"}],"about":[{"href":"https:\/\/www.europesays.com\/fr\/wp-json\/wp\/v2\/types\/post"}],"author":[{"embeddable":true,"href":"https:\/\/www.europesays.com\/fr\/wp-json\/wp\/v2\/users\/2"}],"replies":[{"embeddable":true,"href":"https:\/\/www.europesays.com\/fr\/wp-json\/wp\/v2\/comments?post=345251"}],"version-history":[{"count":0,"href":"https:\/\/www.europesays.com\/fr\/wp-json\/wp\/v2\/posts\/345251\/revisions"}],"wp:featuredmedia":[{"embeddable":true,"href":"https:\/\/www.europesays.com\/fr\/wp-json\/wp\/v2\/media\/345252"}],"wp:attachment":[{"href":"https:\/\/www.europesays.com\/fr\/wp-json\/wp\/v2\/media?parent=345251"}],"wp:term":[{"taxonomy":"category","embeddable":true,"href":"https:\/\/www.europesays.com\/fr\/wp-json\/wp\/v2\/categories?post=345251"},{"taxonomy":"post_tag","embeddable":true,"href":"https:\/\/www.europesays.com\/fr\/wp-json\/wp\/v2\/tags?post=345251"}],"curies":[{"name":"wp","href":"https:\/\/api.w.org\/{rel}","templated":true}]}}