{"id":345255,"date":"2025-08-26T13:34:11","date_gmt":"2025-08-26T13:34:11","guid":{"rendered":"https:\/\/www.europesays.com\/fr\/345255\/"},"modified":"2025-08-26T13:34:11","modified_gmt":"2025-08-26T13:34:11","slug":"dani-ceballos-provoque-un-casse-tete-pour-xabi-alonso","status":"publish","type":"post","link":"https:\/\/www.europesays.com\/fr\/345255\/","title":{"rendered":"Dani Ceballos provoque un casse-t\u00eate pour Xabi Alonso"},"content":{"rendered":"<p>Annonc\u00e9 termin\u00e9, le mercato du <a href=\"https:\/\/www.footmercato.net\/club\/real-madrid\/\" rel=\"nofollow noopener\" target=\"_blank\">Real Madrid<\/a> va bel et bien bouger\u2026 gr\u00e2ce \u00e0 l\u2019Olympique de Marseille. Ces derniers jours du mercato, le club phoc\u00e9en a rapidement acc\u00e9l\u00e9r\u00e9 pour enr\u00f4ler <a href=\"https:\/\/www.footmercato.net\/joueur\/dani-ceballos\/\" rel=\"nofollow noopener\" target=\"_blank\">Dani Ceballos<\/a> (29 ans), sur le d\u00e9part. Nous vous informions que le joueur souhaitait <a href=\"https:\/\/www.footmercato.net\/a3871459721993916663-dani-ceballos-a-dit-oui-a-lom\" rel=\"nofollow noopener\" target=\"_blank\">rejoindre l\u2019\u00e9quipe entra\u00een\u00e9e par Roberto De Zerbi<\/a>. Il ne reste qu\u2019\u00e0 trouver un terrain d\u2019entente entre Phoc\u00e9ens et Madril\u00e8nes, qui sont partis sur un pr\u00eat assorti d\u2019une option d\u2019achat comprise entre 12 M\u20ac et 15 M\u20ac, pouvant devenir obligatoire dans un an, selon DAZN. <\/p>\n<p>            La suite apr\u00e8s cette publicit\u00e9<\/p>\n<p>Face \u00e0 ce d\u00e9part, <a href=\"https:\/\/as.com\/futbol\/primera\/mercado-a-contrarreloj-n\/\" rel=\"nofollow noopener\" target=\"_blank\">AS<\/a> informe que Xabi Alonso souhaite absolument trouver un remplacement \u00e0 son milieu de terrain de 29 ans. L\u2019entra\u00eeneur espagnol consid\u00e9rait son effectif clos, mais sa direction a accept\u00e9 de chercher rapidement un rempla\u00e7ant pour compl\u00e9ter l\u2019entrejeu merengue apr\u00e8s ce nouveau d\u00e9part surprise, puisqu\u2019il ne comporte qu\u2019Aur\u00e9lien Tchouameni, Federico Valverde, Arda G\u00fcler, Eduardo Camavinga et Jude Bellingham, absent jusqu\u2019en octobre au moins. <\/p>\n<p>            La suite apr\u00e8s cette publicit\u00e9<\/p>\n<p>        Trois options pour remplacer Dani Ceballos<\/p>\n<p>Toujours selon le quotidien madril\u00e8ne, trois options ont \u00e9t\u00e9 cibl\u00e9es par la direction merengue. Le premier est <a href=\"https:\/\/www.footmercato.net\/joueur\/adam-wharton\/\" rel=\"nofollow noopener\" target=\"_blank\">Adam Wharton<\/a>, un milieu de terrain \u00e9voluant \u00e0 Crystal Palace, dont le caract\u00e8re et le style de jeu pla\u00eet beaucoup \u00e0 Xabi Alonso. Cependant, l\u2019international anglais ne partira pas pour moins de 80 millions d\u2019euros et reste sous contrat jusqu\u2019en 2029 avec les Eagles. Il faudra donc n\u00e9gocier une vente de Dani Ceballos \u00e0 la hausse pour pouvoir se l\u2019offrir. L\u2019autre option m\u00e8ne aux Pays-Bas, avec <a href=\"https:\/\/www.footmercato.net\/joueur\/kees-smit\/\" rel=\"nofollow noopener\" target=\"_blank\">Kees Smit<\/a> (AZ Alkmaar). <\/p>\n<p>Un milieu de terrain qui pla\u00eet d\u00e9j\u00e0 depuis peu \u00e0 la direction du Real Madrid. Mais il s\u2019agit d\u2019un profil plus offensif, ce qui ne conviendrait pas \u00e0 Xabi Alonso, d\u00e9sireux d\u2019enr\u00f4ler un \u00e9l\u00e9ment d\u00e9fensif. Enfin, en cas de manque de temps, le Real Madrid donnerait un r\u00f4le plus important \u00e0 sa jeune p\u00e9pite hispano-marocaine Thiago Pitarch. Le milieu polyvalent de 18 ans s\u00e9duit le manager de la Casa Blanca et il pourrait \u00eatre une option fiable pour s\u2019int\u00e9grer dans l\u2019effectif. Le mercato du Real Madrid pourrait finalement bouger\u2026<\/p>\n<p>\n    Pub. le 26\/08\/2025 14:18<br \/>\n            &#8211; MAJ le 26\/08\/2025 15:30\n    <\/p>\n","protected":false},"excerpt":{"rendered":"Annonc\u00e9 termin\u00e9, le mercato du Real Madrid va bel et bien bouger\u2026 gr\u00e2ce \u00e0 l\u2019Olympique de Marseille. Ces&hellip;\n","protected":false},"author":2,"featured_media":345256,"comment_status":"","ping_status":"","sticky":false,"template":"","format":"standard","meta":{"footnotes":""},"categories":[1410],"tags":[63,1011,27,60],"class_list":{"0":"post-345255","1":"post","2":"type-post","3":"status-publish","4":"format-standard","5":"has-post-thumbnail","7":"category-football","8":"tag-football","9":"tag-fr","10":"tag-france","11":"tag-sports"},"share_on_mastodon":{"url":"https:\/\/pubeurope.com\/@fr\/115095330054920315","error":""},"_links":{"self":[{"href":"https:\/\/www.europesays.com\/fr\/wp-json\/wp\/v2\/posts\/345255","targetHints":{"allow":["GET"]}}],"collection":[{"href":"https:\/\/www.europesays.com\/fr\/wp-json\/wp\/v2\/posts"}],"about":[{"href":"https:\/\/www.europesays.com\/fr\/wp-json\/wp\/v2\/types\/post"}],"author":[{"embeddable":true,"href":"https:\/\/www.europesays.com\/fr\/wp-json\/wp\/v2\/users\/2"}],"replies":[{"embeddable":true,"href":"https:\/\/www.europesays.com\/fr\/wp-json\/wp\/v2\/comments?post=345255"}],"version-history":[{"count":0,"href":"https:\/\/www.europesays.com\/fr\/wp-json\/wp\/v2\/posts\/345255\/revisions"}],"wp:featuredmedia":[{"embeddable":true,"href":"https:\/\/www.europesays.com\/fr\/wp-json\/wp\/v2\/media\/345256"}],"wp:attachment":[{"href":"https:\/\/www.europesays.com\/fr\/wp-json\/wp\/v2\/media?parent=345255"}],"wp:term":[{"taxonomy":"category","embeddable":true,"href":"https:\/\/www.europesays.com\/fr\/wp-json\/wp\/v2\/categories?post=345255"},{"taxonomy":"post_tag","embeddable":true,"href":"https:\/\/www.europesays.com\/fr\/wp-json\/wp\/v2\/tags?post=345255"}],"curies":[{"name":"wp","href":"https:\/\/api.w.org\/{rel}","templated":true}]}}