{"id":345261,"date":"2025-08-26T13:37:12","date_gmt":"2025-08-26T13:37:12","guid":{"rendered":"https:\/\/www.europesays.com\/fr\/345261\/"},"modified":"2025-08-26T13:37:12","modified_gmt":"2025-08-26T13:37:12","slug":"anne-berest-sur-son-nouveau-livre-consacre-a-son-pere-la-transgenealogie-me-passionne","status":"publish","type":"post","link":"https:\/\/www.europesays.com\/fr\/345261\/","title":{"rendered":"Anne Berest sur son nouveau livre consacr\u00e9 \u00e0 son p\u00e8re : \u00ab\u202fLa transg\u00e9n\u00e9alogie me passionne\u202f\u00bb"},"content":{"rendered":"<p>La nouvelle saga d&rsquo;Anne Berest d\u00e9bute en 1909 \u00e0 la pointe de la <a href=\"https:\/\/www.latribune.fr\/entreprises-finance\/industrie\/la-bretagne-deploie-un-programme-pour-capter-les-cerveaux-internationaux-1022369.html\" target=\"_blank\" rel=\"noopener\">Bretagne<\/a>. Eug\u00e8ne B\u00e9rest, paysan, fonde la premi\u00e8re coop\u00e9rative agricole du L\u00e9on, qui permet aux producteurs de l\u00e9gumes de se d\u00e9fendre face aux marchands. Son fils, pr\u00e9nomm\u00e9 aussi Eug\u00e8ne, professeur de latin-grec, est \u00e9lu maire de<a href=\"https:\/\/www.latribune.fr\/entreprises-finance\/services\/tourisme-loisirs\/rehabilitation-de-friche-a-brest-la-nouvelle-vie-d-une-ancienne-prison-997618.html\" target=\"_blank\" rel=\"noopener\"> Brest<\/a>. Pierre Berest, p\u00e8re d&rsquo;Anne, fils et petit-fils des deux Eug\u00e8ne, est le h\u00e9ros de la seconde moiti\u00e9 de Finist\u00e8re. Le polytechnicien d\u00e9c\u00e9d\u00e9 en 2022 \u00e9tait aust\u00e8re et taiseux, des traits de caract\u00e8re qui tranchent avec la permissivit\u00e9 de l&rsquo;\u00e9ducation qu&rsquo;il a donn\u00e9e \u00e0 ses trois filles par fid\u00e9lit\u00e9 \u00e0 son pass\u00e9 gauchiste. Soutenu par une plume vivante et joueuse, le livre de sa fille cavale.<\/p>\n<p><strong>LA TRIBUNE DIMANCHE &#8211; Quand avez-vous d\u00e9cid\u00e9 d&rsquo;\u00e9crire l&rsquo;histoire de votre famille paternelle ?<br \/>ANNE BEREST &#8211;<\/strong> J&rsquo;avais tr\u00e8s envie de construire une \u0153uvre qui d\u00e9ploierait mon arbre g\u00e9n\u00e9alogique\u2009; j&rsquo;ai su petit \u00e0 petit que je tiendrais ce projet et cette architecture litt\u00e9raire. La transg\u00e9n\u00e9alogie me passionne. Elle englobe ce qui se transmet de fa\u00e7on consciente -\u202fles r\u00e9cits que se racontent les familles\u202f-, ce qui se transmet inconsciemment -\u202fles silences, les secrets\u202f- et les transmissions invisibles, ce que nos anc\u00eatres nous transmettent sans qu&rsquo;on en ait conscience et qui rejoint les travaux sur la m\u00e9moire cellulaire. Nos cellules contiennent une m\u00e9moire des \u00e9motions de g\u00e9n\u00e9ration en g\u00e9n\u00e9ration, une m\u00e9moire li\u00e9e aux traumatismes. J&rsquo;ai encore de nombreux livres \u00e0 \u00e9crire \u00e0 partir de membres de ma famille et de moments de l&rsquo;histoire de France.<\/p>\n<p><strong>Votre p\u00e8re \u00e9tait polytechnicien. \u00c9tiez-vous admirative de sa r\u00e9ussite acad\u00e9mique ?<br \/><\/strong>Polytechnicien \u00e9tait un mot impressionnant pour nous, difficile \u00e0 prononcer. Entre eux, les amis de mon p\u00e8re parlaient de l&rsquo;X. Il y avait une \u00e9tranget\u00e9 magique autour de Polytechnique. Cependant, mon p\u00e8re n&rsquo;\u00e9tait pas particuli\u00e8rement fier d&rsquo;\u00eatre polytechnicien et il riait en citant cette phrase de <a href=\"https:\/\/www.latribune.fr\/economie\/politique\/de-gaulle-par-dela-la-legende-980116.html\" target=\"_blank\" rel=\"noopener\">de Gaulle<\/a> \u2009: \u00ab\u202fIl est plus facile de sortir de l&rsquo;X que de l&rsquo;ordinaire.\u202f\u00bb<\/p>\n<p><strong>Vos parents furent des acteurs de <a href=\"https:\/\/www.latribune.fr\/economie\/france\/mai-68-comment-le-travail-a-change-en-cinquante-ans-778791.html\" target=\"_blank\" rel=\"noopener\">Mai 68<\/a>. Y avait-il n\u00e9anmoins chez votre p\u00e8re quelque chose de la figure paternelle traditionnelle ?<br \/><\/strong>Ce qui est attach\u00e9 au masculin ne l&rsquo;int\u00e9ressait pas\u2009: il ne savait pas conduire et c&rsquo;est ma m\u00e8re qui bricolait\u2009; lui ne savait pas planter un clou. En revanche le football \u00e9tait pour lui une religion et il manifestait vis\u2011\u00e0-vis de ses filles une intransigeance que l&rsquo;on attribue souvent au p\u00e8re. Il nous r\u00e9p\u00e9tait qu&rsquo;il \u00e9tait contre l&rsquo;h\u00e9ritage, mani\u00e8re de nous dire qu&rsquo;il faudrait sortir de la maison et tout construire par nous-m\u00eames. Nous en avons eu conscience tr\u00e8s t\u00f4t.<\/p>\n<p><strong>Connaissiez-vous son pass\u00e9 trotskiste ?<br \/><\/strong>Pas du tout. Lorsque je lui annonce que je vais \u00e9crire sur la branche bretonne, cela lui fait tr\u00e8s plaisir et il me dit qu&rsquo;il aimerait qu&rsquo;il soit question de deux choses\u2009 : ses travaux scientifiques sur la th\u00e9orie de la bifurcation -\u202fje me suis dit que \u00e7a ne serait pas simple\u202f- et son engagement dans le trotskisme entre 1968 et 1973, que j&rsquo;ignorais. J&rsquo;aurais pu le d\u00e9duire de sa fa\u00e7on de voir le monde, de son vocabulaire. Son silence l\u00e0-dessus \u00e9tait li\u00e9 \u00e0 l&rsquo;engagement qu&rsquo;on prenait en entrant dans la LCR [la Ligue communiste r\u00e9volutionnaire] de rester dans la clandestinit\u00e9. J&rsquo;ai d\u00e9couvert son histoire \u00e0 la faveur de Finist\u00e8re. Voil\u00e0 pourquoi j&rsquo;\u00e9cris \u2009: l&rsquo;histoire me passionne. Mes romans me permettent d&rsquo;approfondir des sujets \u00e0 la mani\u00e8re d&rsquo;une \u00e9tudiante qui r\u00e9dige un m\u00e9moire.<\/p>\n<p><img alt=\"\u00ab Finist\u00e8re \u00bb, de Anne Berest, Albin Michel, 432\u202fpages, 23,90\u202feuros.\" fetchpriority=\"auto\" loading=\"lazy\" decoding=\"async\" data-nimg=\"fill\" class=\"TwicCore_img__i9TC1\" style=\"position:absolute;height:100%;width:100%;left:0;top:0;right:0;bottom:0;color:transparent\"   src=\"https:\/\/www.europesays.com\/fr\/wp-content\/uploads\/2025\/08\/2639727.jpg\"\/>\u00ab Finist\u00e8re \u00bb, de Anne Berest, Albin Michel, 432 pages, 23,90 euros. (Cr\u00e9dits : LTD\/Albin Michel)<\/p>\n<p><strong>L&rsquo;engagement trotskiste de votre p\u00e8re peut-il se comprendre \u00e0 l&rsquo;aune de celui de son propre p\u00e8re, maire de Brest donc notable ?<br \/><\/strong>Le gauchisme \u00e9tait un mouvement g\u00e9n\u00e9rationnel qu&rsquo;on ne peut pas expliquer par le comportement d&rsquo;un seul individu. Mon p\u00e8re appartenait \u00e0 une jeunesse qui s&rsquo;est embras\u00e9e contre des valeurs qui n&rsquo;\u00e9taient pas les siennes. Mais j&rsquo;ai aussi une lecture transg\u00e9n\u00e9rationnelle de son engagement \u2009: pendant trois g\u00e9n\u00e9rations successives, les hommes de ma famille s&rsquo;engagent politiquement. Mon arri\u00e8re-grand-p\u00e8re cr\u00e9e la premi\u00e8re coop\u00e9rative agricole des paysans du L\u00e9on, son fils devient maire de Brest et mon p\u00e8re, trotskiste. Bien qu&rsquo;il ait \u00e9t\u00e9 gauchiste alors que son p\u00e8re \u00e9tait de centre droit, mon p\u00e8re l&rsquo;imite en s&rsquo;engageant.<\/p>\n<p><strong>Votre relation avec votre p\u00e8re se d\u00e9grade \u00e0 l&rsquo;adolescence&#8230;<br \/><\/strong>J&rsquo;ai voulu aborder ce sujet qui n&rsquo;est pas tr\u00e8s romanesque car il est silencieux et t\u00e9nu. Tout se passe en apparence bien entre un p\u00e8re et une fille, sans drame ni rupture, et pourtant il y a dans les c\u0153urs des p\u00e8res et des filles quelque chose qui chagrine, de l&rsquo;ordre de l&rsquo;\u00e9loignement, un non-dit\u2009 : l&rsquo;\u00e9loignement entre p\u00e8res et filles au moment de la pubert\u00e9. Il existe peu de couples p\u00e8res-filles dans l&rsquo;histoire de la litt\u00e9rature puisque les femmes sont entr\u00e9es tard dans la litt\u00e9rature. Or elles sont les seules \u00e0 pouvoir d\u00e9crire cette relation. Ce que je raconte est un champ aveugle de la fiction, et pourtant je ne suis pas la seule \u00e0 avoir eu cette exp\u00e9rience.<\/p>\n<p><strong>Vous \u00e9crivez que votre p\u00e8re a eu de vous une image fausse, jusqu&rsquo;\u00e0 sa mort&#8230;<br \/><\/strong>L&rsquo;adulte que je suis devenue n&rsquo;est pas la personne dont il a r\u00eav\u00e9. Je le d\u00e9\u00e7ois parce que je bifurque, je prends un chemin qui ne correspond pas \u00e0 ses valeurs. Il trouve que je m&#8217;embourgeoise. J&rsquo;ai re\u00e7u une \u00e9ducation tr\u00e8s \u00e0 gauche, et \u00e0 ses yeux je me rapproche de ce qu&rsquo;il consid\u00e8re comme un mode de vie de droite. Il fait des remarques sur mes choix de vie et je devine le m\u00e9pris qu&rsquo;ils lui inspirent. Cela m&rsquo;a bless\u00e9e parce que j&rsquo;\u00e9tais d\u00e9pendante de son regard.<\/p>\n<p>Il existe peu de couples p\u00e8res-filles dans l&rsquo;histoire de la litt\u00e9rature puisque les femmes sont entr\u00e9es tard dans la litt\u00e9rature. Or elles sont les seules \u00e0 pouvoir d\u00e9crire cette relation.<\/p>\n<p><strong>Contrairement \u00e0 nombre d&rsquo;enfants de baby-boomers, vous ne les critiquez pas&#8230;<br \/><\/strong>On fait beaucoup le proc\u00e8s des boomers gauchistes qui ont ensuite pris des postes de pouvoir. C&rsquo;est vrai pour certains d&rsquo;entre eux, mais la majorit\u00e9 de ces gens a cru en ses id\u00e9aux. La plupart ont tent\u00e9 silencieusement de mener une vie exemplaire. Je voulais leur rendre hommage.<\/p>\n<p class=\"rev-margin-0 rev-text-xs-bold !text-lt-neutral-30 mt-[32px]\">Propos recueillis par Virginie Bloch-Lain\u00e9<\/p>\n","protected":false},"excerpt":{"rendered":"La nouvelle saga d&rsquo;Anne Berest d\u00e9bute en 1909 \u00e0 la pointe de la Bretagne. Eug\u00e8ne B\u00e9rest, paysan, fonde&hellip;\n","protected":false},"author":2,"featured_media":345262,"comment_status":"","ping_status":"","sticky":false,"template":"","format":"standard","meta":{"footnotes":""},"categories":[1357],"tags":[17,12010,47983,1379,28032,58,59,1011,27,3102,2003,1380,4565,3711,3356],"class_list":{"0":"post-345261","1":"post","2":"type-post","3":"status-publish","4":"format-standard","5":"has-post-thumbnail","7":"category-livres","8":"tag-17","9":"tag-anne","10":"tag-berest","11":"tag-books","12":"tag-consacre","13":"tag-divertissement","14":"tag-entertainment","15":"tag-fr","16":"tag-france","17":"tag-la-tribune-dimanche","18":"tag-livre","19":"tag-livres","20":"tag-nouveau","21":"tag-son","22":"tag-sur"},"share_on_mastodon":{"url":"https:\/\/pubeurope.com\/@fr\/115095342053998870","error":""},"_links":{"self":[{"href":"https:\/\/www.europesays.com\/fr\/wp-json\/wp\/v2\/posts\/345261","targetHints":{"allow":["GET"]}}],"collection":[{"href":"https:\/\/www.europesays.com\/fr\/wp-json\/wp\/v2\/posts"}],"about":[{"href":"https:\/\/www.europesays.com\/fr\/wp-json\/wp\/v2\/types\/post"}],"author":[{"embeddable":true,"href":"https:\/\/www.europesays.com\/fr\/wp-json\/wp\/v2\/users\/2"}],"replies":[{"embeddable":true,"href":"https:\/\/www.europesays.com\/fr\/wp-json\/wp\/v2\/comments?post=345261"}],"version-history":[{"count":0,"href":"https:\/\/www.europesays.com\/fr\/wp-json\/wp\/v2\/posts\/345261\/revisions"}],"wp:featuredmedia":[{"embeddable":true,"href":"https:\/\/www.europesays.com\/fr\/wp-json\/wp\/v2\/media\/345262"}],"wp:attachment":[{"href":"https:\/\/www.europesays.com\/fr\/wp-json\/wp\/v2\/media?parent=345261"}],"wp:term":[{"taxonomy":"category","embeddable":true,"href":"https:\/\/www.europesays.com\/fr\/wp-json\/wp\/v2\/categories?post=345261"},{"taxonomy":"post_tag","embeddable":true,"href":"https:\/\/www.europesays.com\/fr\/wp-json\/wp\/v2\/tags?post=345261"}],"curies":[{"name":"wp","href":"https:\/\/api.w.org\/{rel}","templated":true}]}}