{"id":345273,"date":"2025-08-26T13:43:12","date_gmt":"2025-08-26T13:43:12","guid":{"rendered":"https:\/\/www.europesays.com\/fr\/345273\/"},"modified":"2025-08-26T13:43:12","modified_gmt":"2025-08-26T13:43:12","slug":"meghan-markle-fait-une-douloureuse-confession-liee-a-la-mort-de-la-reine-elizabeth-ii-je-netais-pas-bien","status":"publish","type":"post","link":"https:\/\/www.europesays.com\/fr\/345273\/","title":{"rendered":"Meghan Markle fait une douloureuse confession li\u00e9e \u00e0 la mort de la reine Elizabeth II, \u201cJe n\u2019\u00e9tais pas bien\u201d"},"content":{"rendered":"<p>La <strong>reine Elizabeth II<\/strong> est morte \u00e0 Balmoral, en<br \/>\nEcosse, le 8 septembre 2022. Les fun\u00e9railles de la monarque, qui a<br \/>\nr\u00e9gn\u00e9 pendant plus de 70 ans, se sont d\u00e9roul\u00e9es, le 19 septembre<br \/>\n2022. Un triste \u00e9v\u00e9nement auquel <strong>le prince Harry<\/strong><br \/>\net <a href=\"https:\/\/www.closermag.fr\/royautes\/meghan-markle-son-couple-avec-harry-sa-nostalgie-du-royaume-uni-confidences-surprises-sur-netflix-3573459\" rel=\"nofollow noopener\" target=\"_blank\"><br \/>\nMeghan Markle<\/a> avaient assist\u00e9. D\u2019ailleurs, il s\u2019agissait du<br \/>\ndernier voyage de la duchesse de Sussex au Royaume-Uni.<\/p>\n<p>Seulement, <strong>Harry et Meghan<\/strong> se trouvaient d\u00e9j\u00e0<br \/>\nau Royaume-Uni avant <a href=\"https:\/\/www.closermag.fr\/royautes\/elizabeth-ii-nouvelles-revelations-dramatiques-sur-les-derniers-jours-de-la-reine-3461458\" rel=\"nofollow noopener\" target=\"_blank\"><br \/>\nla mort de la reine Elizabeth II<\/a>. Les parents d\u2019<a href=\"https:\/\/www.closermag.fr\/royautes\/archie-et-lilibet-ce-petit-dejeuner-tres-tendance-dont-les-enfants-dharry-et-meghan-raffolent-3573427\" rel=\"nofollow noopener\" target=\"_blank\">Archie<br \/>\net Lilibet<\/a> \u00e9taient arriv\u00e9s le 3 septembre, pour ce qui devait<br \/>\n\u00eatre un court s\u00e9jour. Ils avaient notamment pr\u00e9vu de visiter<br \/>\nplusieurs associations pendant quelques jours avant de retrouver<br \/>\nleurs enfants en Californie.<\/p>\n<p><img loading=\"lazy\" decoding=\"async\" itemprop=\"thumbnailUrl\" class=\"size-full wp-image-2720283 img-responsive\" src=\"https:\/\/www.europesays.com\/fr\/wp-content\/uploads\/2025\/08\/meghan-markle-duchesse-sussex-reine-elizabeth-angleterre-2.jpeg\" alt=\"\" width=\"558\" height=\"908\"\/> \u00a9 AGENCE<\/p>\n<p>Meghan Markle : une douloureuse s\u00e9paration avec Archie et<br \/>\nLilibet<\/p>\n<p>Dans le troisi\u00e8me \u00e9pisode de <strong>With Love,<br \/>\nMeghan<\/strong>, sur Netflix, <strong>Meghan Markle<\/strong><br \/>\ns\u2019est exprim\u00e9e sur le sujet \u00e0 Tan France, le cr\u00e9ateur de mode<br \/>\nanglo-am\u00e9ricain. Elle avait notamment racont\u00e9 comment elle et son<br \/>\nmari, <a href=\"https:\/\/www.closermag.fr\/royautes\/prince-harry-cette-decision-qui-a-indigne-camilla-parker-bowles-3573389\" rel=\"nofollow noopener\" target=\"_blank\"><br \/>\nle prince Harry<\/a>, ont d\u00fb se s\u00e9parer d\u2019<strong>Archie et<br \/>\nLilibet<\/strong> pendant pr\u00e8s de 3 semaines. Rappelons que le 5<br \/>\nseptembre 2022, <a href=\"https:\/\/www.closermag.fr\/royautes\/harry-et-meghan-leur-future-ruine-il-la-sirote-a-la-plage-avec-archie-3573217\" rel=\"nofollow noopener\" target=\"_blank\"><br \/>\nHarry et Meghan<\/a> \u00e9taient au One World Summit \u00e0<br \/>\nManchester.<\/p>\n<blockquote class=\"twitter-tweet\"><p><a class=\"twitter-link\" rel=\"noindex, nofollow noopener\" href=\"https:\/\/twitter.com\/people\/status\/1960236813169086950\" target=\"_blank\"><\/p><\/blockquote>\n<p>Apr\u00e8s avoir assist\u00e9 au One Year To Go des<br \/>\n<strong>Invictus Games<\/strong> de D\u00fcsseldorf 2023, <a href=\"https:\/\/www.closermag.fr\/royautes\/harry-et-meghan-cet-ancien-membre-du-personnel-royal-leur-lance-un-avertissement-3573191\" rel=\"nofollow noopener\" target=\"_blank\"><br \/>\nle duc et la duchesse de Sussex<\/a> devaient assister au<br \/>\n<strong>WellChild Awards<\/strong> \u00e0 Londres, le 8<br \/>\nseptembre. Apr\u00e8s avoir appris <strong>la mort de la reine Elizabeth<br \/>\nII<\/strong>, le couple a d\u00e9cid\u00e9 de rester au Royaume-Uni jusqu\u2019aux<br \/>\nfun\u00e9railles. Ce qui les a s\u00e9par\u00e9s de leurs enfants pendant 17<br \/>\njours.<\/p>\n<p>Harry et Meghan : Archie et Lilibet<br \/>\nleur avaient beaucoup manqu\u00e9 !<\/p>\n<p>Dans la s\u00e9rie de <strong>Meghan Markle<\/strong>, Tan France a<br \/>\nconfi\u00e9 : \u00ab\u00a0Je risque de mourir sans mes enfants, j\u00a0\u00bbai besoin de<br \/>\nmes gar\u00e7ons. Si je ne les vois pas pendant quelques jours, j&rsquo;ai le<br \/>\nc\u0153ur bris\u00e9\u00a0\u00bb. Comprenant la situation, la femme du prince Harry<br \/>\navait expliqu\u00e9 : \u00ab\u00a0La plus longue p\u00e9riode o\u00f9 je suis rest\u00e9e sans<br \/>\n\u00eatre avec nos enfants a dur\u00e9 <strong>pr\u00e8s de trois<br \/>\nsemaines<\/strong>. Je n&rsquo;\u00e9tais\u2026 pas bien\u00a0\u00bb.<\/p>\n<blockquote class=\"twitter-tweet\"><p><a class=\"twitter-link\" rel=\"noindex, nofollow noopener\" href=\"https:\/\/twitter.com\/GBNEWS\/status\/1960245832705352073\" target=\"_blank\"><\/p><\/blockquote>\n<p>De son c\u00f4t\u00e9, <strong>le prince Harry<\/strong> s\u2019\u00e9tait d\u00e9j\u00e0<br \/>\nexprim\u00e9 sur cette longue s\u00e9paration. \u00ab\u00a0Pendant des jours et des<br \/>\njours, nous n&rsquo;avons pas pu nous emp\u00eacher de <strong>serrer<br \/>\nles enfants dans nos bras<\/strong>, nous ne pouvions pas<br \/>\nles quitter des yeux\u00a0\u00bb, \u00e9crit-il dans ses m\u00e9moires Spare<br \/>\nconcernant les retrouvailles avec Archie et Lilibet.<\/p>\n<p><script async src=\"https:\/\/platform.twitter.com\/widgets.js\" charset=\"utf-8\"><\/script><\/p>\n","protected":false},"excerpt":{"rendered":"La reine Elizabeth II est morte \u00e0 Balmoral, en Ecosse, le 8 septembre 2022. Les fun\u00e9railles de la&hellip;\n","protected":false},"author":2,"featured_media":345274,"comment_status":"","ping_status":"","sticky":false,"template":"","format":"standard","meta":{"footnotes":""},"categories":[8],"tags":[548,58,59,1011,27,908],"class_list":{"0":"post-345273","1":"post","2":"type-post","3":"status-publish","4":"format-standard","5":"has-post-thumbnail","7":"category-divertissement","8":"tag-article-simple","9":"tag-divertissement","10":"tag-entertainment","11":"tag-fr","12":"tag-france","13":"tag-meghan-markle"},"share_on_mastodon":{"url":"https:\/\/pubeurope.com\/@fr\/115095366170470626","error":""},"_links":{"self":[{"href":"https:\/\/www.europesays.com\/fr\/wp-json\/wp\/v2\/posts\/345273","targetHints":{"allow":["GET"]}}],"collection":[{"href":"https:\/\/www.europesays.com\/fr\/wp-json\/wp\/v2\/posts"}],"about":[{"href":"https:\/\/www.europesays.com\/fr\/wp-json\/wp\/v2\/types\/post"}],"author":[{"embeddable":true,"href":"https:\/\/www.europesays.com\/fr\/wp-json\/wp\/v2\/users\/2"}],"replies":[{"embeddable":true,"href":"https:\/\/www.europesays.com\/fr\/wp-json\/wp\/v2\/comments?post=345273"}],"version-history":[{"count":0,"href":"https:\/\/www.europesays.com\/fr\/wp-json\/wp\/v2\/posts\/345273\/revisions"}],"wp:featuredmedia":[{"embeddable":true,"href":"https:\/\/www.europesays.com\/fr\/wp-json\/wp\/v2\/media\/345274"}],"wp:attachment":[{"href":"https:\/\/www.europesays.com\/fr\/wp-json\/wp\/v2\/media?parent=345273"}],"wp:term":[{"taxonomy":"category","embeddable":true,"href":"https:\/\/www.europesays.com\/fr\/wp-json\/wp\/v2\/categories?post=345273"},{"taxonomy":"post_tag","embeddable":true,"href":"https:\/\/www.europesays.com\/fr\/wp-json\/wp\/v2\/tags?post=345273"}],"curies":[{"name":"wp","href":"https:\/\/api.w.org\/{rel}","templated":true}]}}