{"id":345275,"date":"2025-08-26T13:44:11","date_gmt":"2025-08-26T13:44:11","guid":{"rendered":"https:\/\/www.europesays.com\/fr\/345275\/"},"modified":"2025-08-26T13:44:11","modified_gmt":"2025-08-26T13:44:11","slug":"test-eufy-solocam-e30-la-camera-360-sans-fil-qui-ne-vous-laisse-jamais-tomber","status":"publish","type":"post","link":"https:\/\/www.europesays.com\/fr\/345275\/","title":{"rendered":"Test Eufy SoloCam E30 : la cam\u00e9ra 360 sans-fil qui ne vous laisse jamais tomber"},"content":{"rendered":"<p class=\"ed__a-p ed__bdy__l\">La SoloCam E30 est dot\u00e9e d\u2019un capteur de 4\u00a0Mpx qui lui permet d\u2019accoucher au mieux d\u2019images de 2560\u00a0x\u00a01440\u00a0pixels. Il est possible de r\u00e9duire la d\u00e9finition \u00e0 1080p ou 720p pour acc\u00e9der plus facilement aux images avec une mauvaise connexion ou conserver plus d\u2019enregistrements en m\u00e9moire.<\/p>\n<p class=\"ed__a-p ed__bdy__l\">Du c\u00f4t\u00e9 de l\u2019optique, Eufy donne peu de pr\u00e9cisions, mais nous avons pu constater un champ de vision assez large lors de nos tests, un peu plus par exemple que ce qu\u2019offre la Xiaomi CW500. La SoloCam\u00a0E30 peut en plus compter sur une vision infrarouge pour percer l\u2019obscurit\u00e9 de la nuit, mais elle n\u2019est pas \u00e9quip\u00e9e pour diffuser des images en couleurs dans ces conditions et aucun autre r\u00e9glage n\u2019est propos\u00e9.<\/p>\n<p>De jour<\/p>\n<p>            <img loading=\"lazy\" decoding=\"async\" src=\"data:image\/svg+xml,%3Csvg xmlns='http:\/\/www.w3.org\/2000\/svg'%3E%3C\/svg%3E\" draggable=\"false\" width=\"1280\" height=\"711\" class=\"ed__title-xxs\" style=\"background-color: #f2f2f2; aspect-ratio:1280\/711;\"\/><br \/>\n                                            HB8<\/p>\n<p>            <img decoding=\"async\" src=\"data:image\/svg+xml,%3Csvg xmlns='http:\/\/www.w3.org\/2000\/svg'%3E%3C\/svg%3E\" draggable=\"false\" class=\"ed__title-xxs\" data-freeze-styles=\"\"\/><br \/>\n                                                    SoloCam E30<\/p>\n<p>agrandir<\/p>\n<p class=\"ed__a-p ed__bdy__l\">La SoloCam E30 b\u00e9n\u00e9ficie d&rsquo;une belle qualit\u00e9 d\u2019image. D\u2019aucuns pourraient critiquer le manque de contraste, mais cela permet de conserver un maximum de d\u00e9tails dans les zones sombres et claires de notre sc\u00e8ne photo. On peut d\u2019ailleurs saluer la finesse des d\u00e9tails captur\u00e9s par la cam\u00e9ra Eufy dans l\u2019ensemble. Cette cam\u00e9ra de surveillance fait ici bien mieux que l&rsquo;Ezviz HB8 2K+, qui int\u00e8gre un capteur comparable, mais pousse un peu trop l\u2019accentuation.<\/p>\n<p>De nuit<\/p>\n<p>            <img loading=\"lazy\" decoding=\"async\" src=\"data:image\/svg+xml,%3Csvg xmlns='http:\/\/www.w3.org\/2000\/svg'%3E%3C\/svg%3E\" draggable=\"false\" width=\"1280\" height=\"711\" class=\"ed__title-xxs\" style=\"background-color: #f2f2f2; aspect-ratio:1280\/711;\"\/><br \/>\n                                            HB8<\/p>\n<p>            <img decoding=\"async\" src=\"data:image\/svg+xml,%3Csvg xmlns='http:\/\/www.w3.org\/2000\/svg'%3E%3C\/svg%3E\" draggable=\"false\" class=\"ed__title-xxs\" data-freeze-styles=\"\"\/><br \/>\n                                                    SoloCam E30<\/p>\n<p>agrandir<\/p>\n<p class=\"ed__a-p ed__bdy__l\">Il suffit de 2\u00a0s \u00e0 la SoloCam E30 pour activer sa vision infrarouge lorsqu\u2019elle d\u00e9tecte une luminosit\u00e9 trop faible, soit une seconde de moins que la cam\u00e9ra Ezviz. Les images qui en ressortent sont une nouvelle fois de bonne qualit\u00e9, bien qu\u2019un brin sous-expos\u00e9es lorsqu\u2019elle filme notre sc\u00e8ne photo. Les noirs ne sont pas totalement bouch\u00e9s pour autant, mais l\u2019on note une petite perte de d\u00e9tails dans les zones sombres. Avec le probl\u00e8me inverse, la HB8 ne fait cependant pas beaucoup mieux et la SoloCam parvient toujours \u00e0 capturer des d\u00e9tails plus fins avec son traitement moins agressif.<\/p>\n<p class=\"ed__a-p ed__bdy__l\">La sup\u00e9riorit\u00e9 de la cam\u00e9ra Eufy est confirm\u00e9e pour identifier un visage au loin. On peut esp\u00e9rer reconna\u00eetre un intrus dans un rayon de 5,50\u00a0m avec la SoloCam, contre 4,50\u00a0m avec la HB8.<\/p>\n","protected":false},"excerpt":{"rendered":"La SoloCam E30 est dot\u00e9e d\u2019un capteur de 4\u00a0Mpx qui lui permet d\u2019accoucher au mieux d\u2019images de 2560\u00a0x\u00a01440\u00a0pixels.&hellip;\n","protected":false},"author":2,"featured_media":345276,"comment_status":"","ping_status":"","sticky":false,"template":"","format":"standard","meta":{"footnotes":""},"categories":[7],"tags":[1011,27,43,40,41,39,42,44],"class_list":{"0":"post-345275","1":"post","2":"type-post","3":"status-publish","4":"format-standard","5":"has-post-thumbnail","7":"category-sciences-et-technologies","8":"tag-fr","9":"tag-france","10":"tag-science","11":"tag-science-and-technology","12":"tag-sciences","13":"tag-sciences-et-technologies","14":"tag-technologies","15":"tag-technology"},"share_on_mastodon":{"url":"https:\/\/pubeurope.com\/@fr\/115095369478016866","error":""},"_links":{"self":[{"href":"https:\/\/www.europesays.com\/fr\/wp-json\/wp\/v2\/posts\/345275","targetHints":{"allow":["GET"]}}],"collection":[{"href":"https:\/\/www.europesays.com\/fr\/wp-json\/wp\/v2\/posts"}],"about":[{"href":"https:\/\/www.europesays.com\/fr\/wp-json\/wp\/v2\/types\/post"}],"author":[{"embeddable":true,"href":"https:\/\/www.europesays.com\/fr\/wp-json\/wp\/v2\/users\/2"}],"replies":[{"embeddable":true,"href":"https:\/\/www.europesays.com\/fr\/wp-json\/wp\/v2\/comments?post=345275"}],"version-history":[{"count":0,"href":"https:\/\/www.europesays.com\/fr\/wp-json\/wp\/v2\/posts\/345275\/revisions"}],"wp:featuredmedia":[{"embeddable":true,"href":"https:\/\/www.europesays.com\/fr\/wp-json\/wp\/v2\/media\/345276"}],"wp:attachment":[{"href":"https:\/\/www.europesays.com\/fr\/wp-json\/wp\/v2\/media?parent=345275"}],"wp:term":[{"taxonomy":"category","embeddable":true,"href":"https:\/\/www.europesays.com\/fr\/wp-json\/wp\/v2\/categories?post=345275"},{"taxonomy":"post_tag","embeddable":true,"href":"https:\/\/www.europesays.com\/fr\/wp-json\/wp\/v2\/tags?post=345275"}],"curies":[{"name":"wp","href":"https:\/\/api.w.org\/{rel}","templated":true}]}}