{"id":345283,"date":"2025-08-26T13:48:19","date_gmt":"2025-08-26T13:48:19","guid":{"rendered":"https:\/\/www.europesays.com\/fr\/345283\/"},"modified":"2025-08-26T13:48:19","modified_gmt":"2025-08-26T13:48:19","slug":"chikungunya-pourquoi-le-vaccin-ixchiq-est-il-suspendu-aux-usa","status":"publish","type":"post","link":"https:\/\/www.europesays.com\/fr\/345283\/","title":{"rendered":"Chikungunya : pourquoi le vaccin IXCHIQ est-il suspendu aux USA ?"},"content":{"rendered":"<p>             <a href=\"https:\/\/ma-sante.news\/wp-content\/uploads\/2025\/08\/vaxccin-chikungunya-suspendu-retire-deces-effets-secondaire-moustique-tigre-Ma-Sante.jpeg\" data-caption=\"En France et en Europe, les autorit\u00e9s n\u2019ont pas encore r\u00e9agi \u00e0 la d\u00e9cision am\u00e9ricaine, mais la surveillance est renforc\u00e9e. \u00a9 Adobe Stock\" target=\"_blank\" rel=\"noopener\"><img loading=\"lazy\" decoding=\"async\" width=\"696\" height=\"464\" class=\"entry-thumb td-modal-image\" src=\"data:image\/svg+xml,%3Csvg%20xmlns=\" http:=\"\" data-lazy- data-lazy- alt=\"\" title=\"vaxccin chikungunya suspendu retire\u0301 de\u0301ce\u0300s effets secondaire moustique tigre Ma Sante\u0301\" data-lazy-src=\"https:\/\/www.europesays.com\/fr\/wp-content\/uploads\/2025\/08\/vaxccin-chikungunya-suspendu-retire-deces-effets-secondaire-moustique-tigre-Ma-Sante-696x464.jpeg\"\/><\/a>En France et en Europe, les autorit\u00e9s n\u2019ont pas encore r\u00e9agi \u00e0 la d\u00e9cision am\u00e9ricaine, mais la surveillance est renforc\u00e9e. \u00a9 Adobe Stock                                    \t\t\t             <a class=\"gofollow\" data-track=\"MjgsMCw2MA==\" href=\"https:\/\/ma-sante.news\/inscrivez-vous-a-notre-newsletter\/\" target=\"_blank\" rel=\"noopener\"><img loading=\"lazy\" decoding=\"async\" width=\"1068\" height=\"131\" src=\"data:image\/svg+xml,%3Csvg%20xmlns=\" http:=\"\" data-lazy-src=\"https:\/\/www.europesays.com\/fr\/wp-content\/uploads\/2025\/03\/banniere-newsletter.png\"\/><\/a> <\/p>\n<p><a href=\"https:\/\/ma-sante.news\/chikungunya-les-premiers-resultats-de-enquete-ansm-sur-le-vaccin-ixchiq\/\" target=\"_blank\" rel=\"noopener\">IXCHIQ, d\u00e9velopp\u00e9 par Valneva, \u00e9tait pr\u00e9sent\u00e9 comme une avanc\u00e9e majeure<\/a>. C\u2019est le premier vaccin au monde homologu\u00e9 contre le virus du chikungunya, une maladie virale transmise par <a href=\"https:\/\/ma-sante.news\/moustique-tigre-a-nous-de-jouer-pour-eviter-sa-proliferation\/\" target=\"_blank\" rel=\"noopener\">les moustiques Aedes aegypti et Aedes albopictus (le fameux moustique tigre)<\/a>. <\/p>\n<p>Le vaccin avait obtenu en novembre 2023 une autorisation de mise sur le march\u00e9 aux \u00c9tats-Unis, suivie de l\u2019Europe et du Canada.<\/p>\n<p>L\u2019espoir \u00e9tait immense. Selon <a href=\"https:\/\/www.who.int\/news-room\/fact-sheets\/detail\/chikungunya\" target=\"_blank\" rel=\"noopener\">l\u2019Organisation mondiale de la sant\u00e9 (OMS),<\/a> le chikungunya a d\u00e9j\u00e0 touch\u00e9 plus de 5 millions de personnes dans 115 pays depuis son \u00e9mergence.  Les cas progressent en Europe avec le r\u00e9chauffement climatique.<\/p>\n<p>        Un vaccin pionnier stopp\u00e9 net    <strong>Pourquoi la FDA a suspendu le vaccin ?<\/strong>    <\/p>\n<p>Le 25 ao\u00fbt, la Food and Drug Administration (FDA) a frapp\u00e9 un grand coup. La licence d\u2019IXCHIQ est suspendue sur tout le territoire am\u00e9ricain.<\/p>\n<p>Cette d\u00e9cision s\u2019appuie sur des signalements r\u00e9cents :<\/p>\n<ul class=\"wp-block-list\">\n<li>21 hospitalisations apr\u00e8s vaccination,<\/li>\n<li>3 d\u00e9c\u00e8s, dont un li\u00e9 \u00e0 une enc\u00e9phalite post-vaccinale,<\/li>\n<li>plusieurs effets ind\u00e9sirables graves ressemblant aux <a href=\"https:\/\/ma-sante.news\/chikungunya-un-premier-cas-autochtone-detecte-dans-louest\/\" target=\"_blank\" rel=\"noopener\">sympt\u00f4mes du chikungunya<\/a> lui-m\u00eame (fi\u00e8vres, douleurs articulaires invalidantes).<\/li>\n<\/ul>\n<p>La FDA pr\u00e9cise que ces \u00e9v\u00e9nements sont survenus hors des \u00c9tats-Unis, mais qu\u2019ils justifient une suspension imm\u00e9diate, \u201cpar principe de pr\u00e9caution\u201d.<\/p>\n<p>        <strong>Un revirement brutal apr\u00e8s un feu vert partiel<\/strong>    <\/p>\n<p>Ironie de l\u2019histoire, trois semaines plus t\u00f4t, le 6 ao\u00fbt, la FDA avait justement lev\u00e9 une restriction concernant les plus de 60 ans, apr\u00e8s une premi\u00e8re vague d\u2019alertes. Un \u00e9tiquetage renforc\u00e9 avait alors \u00e9t\u00e9 impos\u00e9, mentionnant des risques neurologiques rares.<\/p>\n<p>Cette volte-face soudaine fragilise la cr\u00e9dibilit\u00e9 des autorit\u00e9s sanitaires et alourdit la pression sur Valneva, d\u00e9j\u00e0 fragilis\u00e9 par l\u2019\u00e9chec de son vaccin contre la Covid-19 en 2022.<\/p>\n<p>        Quels risques pour les patients vaccin\u00e9s ?    <\/p>\n<p>Pour les personnes d\u00e9j\u00e0 vaccin\u00e9es avec IXCHIQ, la FDA et le CDC (Centers for Disease Control and Prevention) appellent \u00e0 la vigilance :<\/p>\n<ul class=\"wp-block-list\">\n<li>surveiller toute fi\u00e8vre persistante ou douleur articulaire intense,<\/li>\n<li>consulter imm\u00e9diatement en cas de sympt\u00f4mes neurologiques (confusion, convulsions, maux de t\u00eate s\u00e9v\u00e8res).<\/li>\n<\/ul>\n<p>\u00c0 ce jour, plusieurs centaines de milliers de doses avaient d\u00e9j\u00e0 \u00e9t\u00e9 distribu\u00e9es aux \u00c9tats-Unis depuis le lancement commercial en 2024. En Europe, l\u2019Agence europ\u00e9enne des m\u00e9dicaments (EMA) n\u2019a pas encore communiqu\u00e9 de nouvelle d\u00e9cision, mais la surveillance est renforc\u00e9e. En juillet dernier, l\u2019EMA avait jug\u00e9 le rapport b\u00e9n\u00e9fice-risque toujours favorable, y compris chez les seniors.<\/p>\n<p>        Et maintenant, quelles perspectives ?    <\/p>\n<p>Valneva a annonc\u00e9 coop\u00e9rer pleinement avec la FDA et poursuivre ses propres investigations cliniques. L\u2019entreprise assure que le profil global de s\u00e9curit\u00e9 d\u2019IXCHIQ reste \u201cconforme aux donn\u00e9es d\u2019essais cliniques\u201d, mais reconna\u00eet que les signaux r\u00e9cents n\u00e9cessitent des analyses approfondies (<a href=\"https:\/\/valneva.com\/wp-content\/uploads\/2025\/08\/2025_08_25_FDA_IXCHIQ_Update_PR_EN_Final2.pdf\" target=\"_blank\" rel=\"noopener\">communiqu\u00e9 Valneva<\/a>).<\/p>\n<p>Le chikungunya, lui, continue de s\u2019\u00e9tendre, y compris en Europe, o\u00f9 le moustique tigre est d\u00e9sormais implant\u00e9 dans 81 d\u00e9partements fran\u00e7ais selon Sant\u00e9 publique France. Chaque ann\u00e9e, plusieurs centaines de cas autochtones sont signal\u00e9s sur le territoire.<\/p>\n<blockquote class=\"wp-block-quote is-layout-flow wp-block-quote-is-layout-flow\">\n<p><strong>\u00c0 SAVOIR<\/strong><\/p>\n<p>Selon un m\u00e9mo de la FDA dat\u00e9 du 11 ao\u00fbt 2025, bas\u00e9 sur des donn\u00e9es communiqu\u00e9es par Valneva \u00e0 la mi\u2011ao\u00fbt, environ 22\u202f904 doses d\u2019IXCHIQ ont \u00e9t\u00e9 estim\u00e9es comme r\u00e9ellement administr\u00e9es aux \u00c9tats\u2011Unis, avec 28\u202f490 doses suppl\u00e9mentaires \u00e0 l\u2019international, soit un total mondial estim\u00e9 \u00e0 53\u202f394 doses effectivement utilis\u00e9es.<\/p>\n<\/blockquote>\n<p>  <a class=\"gofollow\" data-track=\"MTIsMCw2MA==\" href=\"https:\/\/ma-sante.news\/annonceurs\/\" target=\"_blank\" rel=\"noopener\"><img loading=\"lazy\" decoding=\"async\" width=\"2560\" height=\"2133\" src=\"data:image\/svg+xml,%3Csvg%20xmlns=\" http:=\"\" data-lazy-src=\"https:\/\/www.europesays.com\/fr\/wp-content\/uploads\/2025\/03\/pub-annonceurs-4-scaled.jpg\"\/><\/a>    <img loading=\"lazy\" decoding=\"async\" width=\"755\" height=\"495\" src=\"data:image\/svg+xml,%3Csvg%20xmlns=\" http:=\"\" data-lazy-src=\"https:\/\/www.europesays.com\/fr\/wp-content\/uploads\/2025\/03\/Image1.jpg\"\/>Inscrivez-vous \u00e0 notre newsletter <br \/>Ma Sant\u00e9                      <\/p>\n","protected":false},"excerpt":{"rendered":"En France et en Europe, les autorit\u00e9s n\u2019ont pas encore r\u00e9agi \u00e0 la d\u00e9cision am\u00e9ricaine, mais la surveillance&hellip;\n","protected":false},"author":2,"featured_media":345284,"comment_status":"","ping_status":"","sticky":false,"template":"","format":"standard","meta":{"footnotes":""},"categories":[2],"tags":[11,6443,1011,27,12,773],"class_list":{"0":"post-345283","1":"post","2":"type-post","3":"status-publish","4":"format-standard","5":"has-post-thumbnail","7":"category-actualites","8":"tag-actualites","9":"tag-chikungunya","10":"tag-fr","11":"tag-france","12":"tag-news","13":"tag-vaccin"},"share_on_mastodon":{"url":"https:\/\/pubeurope.com\/@fr\/115095385041875440","error":""},"_links":{"self":[{"href":"https:\/\/www.europesays.com\/fr\/wp-json\/wp\/v2\/posts\/345283","targetHints":{"allow":["GET"]}}],"collection":[{"href":"https:\/\/www.europesays.com\/fr\/wp-json\/wp\/v2\/posts"}],"about":[{"href":"https:\/\/www.europesays.com\/fr\/wp-json\/wp\/v2\/types\/post"}],"author":[{"embeddable":true,"href":"https:\/\/www.europesays.com\/fr\/wp-json\/wp\/v2\/users\/2"}],"replies":[{"embeddable":true,"href":"https:\/\/www.europesays.com\/fr\/wp-json\/wp\/v2\/comments?post=345283"}],"version-history":[{"count":0,"href":"https:\/\/www.europesays.com\/fr\/wp-json\/wp\/v2\/posts\/345283\/revisions"}],"wp:featuredmedia":[{"embeddable":true,"href":"https:\/\/www.europesays.com\/fr\/wp-json\/wp\/v2\/media\/345284"}],"wp:attachment":[{"href":"https:\/\/www.europesays.com\/fr\/wp-json\/wp\/v2\/media?parent=345283"}],"wp:term":[{"taxonomy":"category","embeddable":true,"href":"https:\/\/www.europesays.com\/fr\/wp-json\/wp\/v2\/categories?post=345283"},{"taxonomy":"post_tag","embeddable":true,"href":"https:\/\/www.europesays.com\/fr\/wp-json\/wp\/v2\/tags?post=345283"}],"curies":[{"name":"wp","href":"https:\/\/api.w.org\/{rel}","templated":true}]}}