{"id":345289,"date":"2025-08-26T13:52:13","date_gmt":"2025-08-26T13:52:13","guid":{"rendered":"https:\/\/www.europesays.com\/fr\/345289\/"},"modified":"2025-08-26T13:52:13","modified_gmt":"2025-08-26T13:52:13","slug":"la-47e-edition-du-livre-sur-la-place-a-devoile-son-programme-et-son-affiche","status":"publish","type":"post","link":"https:\/\/www.europesays.com\/fr\/345289\/","title":{"rendered":"la 47e \u00e9dition du Livre sur la Place a d\u00e9voil\u00e9 son programme et son affiche"},"content":{"rendered":"<p>La pr\u00e9sentation de la 47e \u00e9dition du Livre sur la Place, le salon national de la rentr\u00e9e litt\u00e9raire, s&rsquo;est tenue ce mardi matin \u00e0 l&rsquo;H\u00f4tel de Ville de Nancy. Plac\u00e9e sous la pr\u00e9sidence de Guillaume Gallienne, cette \u00e9dition promet d&rsquo;\u00eatre travers\u00e9e par l&rsquo;\u00e9lan de la sinc\u00e9rit\u00e9 et la puissance du regard int\u00e9rieur.\u00a0La 47e \u00e9dition du Livre sur la Place se tiendra \u00e0 Nancy du vendredi 12 au dimanche 14 septembre 2025.\u00a0<\/p>\n","protected":false},"excerpt":{"rendered":"La pr\u00e9sentation de la 47e \u00e9dition du Livre sur la Place, le salon national de la rentr\u00e9e litt\u00e9raire,&hellip;\n","protected":false},"author":2,"featured_media":345290,"comment_status":"","ping_status":"","sticky":false,"template":"","format":"standard","meta":{"footnotes":""},"categories":[9635],"tags":[1111,11,1687,3602,1707,1704,1706,1705,10174,1777,674,1011,27,5325,2798,775,22382,3457,1702,12,3456,25],"class_list":{"0":"post-345289","1":"post","2":"type-post","3":"status-publish","4":"format-standard","5":"has-post-thumbnail","7":"category-nancy","8":"tag-actu","9":"tag-actualites","10":"tag-culture-loisirs","11":"tag-edition-bar-le-duc","12":"tag-edition-luneville","13":"tag-edition-nancy-et-agglomeration","14":"tag-edition-pont-a-mousson","15":"tag-edition-toul","16":"tag-edition-verdun","17":"tag-eu","18":"tag-europe","19":"tag-fr","20":"tag-france","21":"tag-galerie-media","22":"tag-galerie-photo","23":"tag-grand-est","24":"tag-le-livre-sur-la-place","25":"tag-meurthe-et-moselle","26":"tag-nancy","27":"tag-news","28":"tag-region-lorraine","29":"tag-republique-francaise"},"share_on_mastodon":{"url":"https:\/\/pubeurope.com\/@fr\/115095400851369495","error":""},"_links":{"self":[{"href":"https:\/\/www.europesays.com\/fr\/wp-json\/wp\/v2\/posts\/345289","targetHints":{"allow":["GET"]}}],"collection":[{"href":"https:\/\/www.europesays.com\/fr\/wp-json\/wp\/v2\/posts"}],"about":[{"href":"https:\/\/www.europesays.com\/fr\/wp-json\/wp\/v2\/types\/post"}],"author":[{"embeddable":true,"href":"https:\/\/www.europesays.com\/fr\/wp-json\/wp\/v2\/users\/2"}],"replies":[{"embeddable":true,"href":"https:\/\/www.europesays.com\/fr\/wp-json\/wp\/v2\/comments?post=345289"}],"version-history":[{"count":0,"href":"https:\/\/www.europesays.com\/fr\/wp-json\/wp\/v2\/posts\/345289\/revisions"}],"wp:featuredmedia":[{"embeddable":true,"href":"https:\/\/www.europesays.com\/fr\/wp-json\/wp\/v2\/media\/345290"}],"wp:attachment":[{"href":"https:\/\/www.europesays.com\/fr\/wp-json\/wp\/v2\/media?parent=345289"}],"wp:term":[{"taxonomy":"category","embeddable":true,"href":"https:\/\/www.europesays.com\/fr\/wp-json\/wp\/v2\/categories?post=345289"},{"taxonomy":"post_tag","embeddable":true,"href":"https:\/\/www.europesays.com\/fr\/wp-json\/wp\/v2\/tags?post=345289"}],"curies":[{"name":"wp","href":"https:\/\/api.w.org\/{rel}","templated":true}]}}