{"id":345291,"date":"2025-08-26T13:53:27","date_gmt":"2025-08-26T13:53:27","guid":{"rendered":"https:\/\/www.europesays.com\/fr\/345291\/"},"modified":"2025-08-26T13:53:27","modified_gmt":"2025-08-26T13:53:27","slug":"roberto-alagna-en-tournee-estivale-avec-boulevard-des-italiens-dans-plusieurs-villes-du-var","status":"publish","type":"post","link":"https:\/\/www.europesays.com\/fr\/345291\/","title":{"rendered":"Roberto Alagna en tourn\u00e9e estivale avec \u00ab\u00a0Boulevard des Italiens\u00a0\u00bb dans plusieurs villes du Var"},"content":{"rendered":"<p>Apr\u00e8s avoir sillonn\u00e9 l\u2019Hexagone, avec un floril\u00e8ge de chansons du spectacle musical Al Capone, Roberto Alagna revient avec Boulevard des Italiens. Un voyage color\u00e9 aux rythmes des m\u00e9lodies traditionnelles et contemporaines qui ont nourri les inspirations du t\u00e9nor d\u2019origine sicilienne, telles que Abballati, Tu Vuo Fa l\u2019Americano, O Sole Mio, Maruzzella, Parla Pi\u00f9 Piano, Caruso et moult autres chansons napolitaines ou tarentelles endiabl\u00e9es. Dans un \u00e9crin purement acoustique, puisque Roberto Alagna sera accompagn\u00e9 \u00e0 la guitare par son vieux complice Jean-F\u00e9lix Lalanne, aux percussions, \u00e0 la guitare et \u00e0 la mandoline par Pascal Reva et enfin par Roland Romanelli, au clavier et \u00e0 accord\u00e9on.<\/p>\n<p><strong>Un ambitieux hommage \u00e0 Puccini des plus ambitieux<\/strong><\/p>\n<p>Une s\u00e9rie de concerts qui intervient apr\u00e8s une ann\u00e9e d\u00e9j\u00e0 bien remplie, puisque Roberto Alagna, que nous avons joint au t\u00e9l\u00e9phone, a fait en mars dernier son retour sur la sc\u00e8ne de la Salle Gaveau, \u00e0 Paris, avec un programme des plus ambitieux, \u00e0 l\u2019occasion du centenaire de la mort de Puccini. En alignant la totalit\u00e9 des op\u00e9ras du compositeur toscan, et en proposant au moins un extrait de chacun d\u2019eux, depuis Le Villi jusqu\u2019\u00e0 Turandot. Une v\u00e9ritable prouesse pour un t\u00e9nor ayant sur les \u00e9paules quarante ans de carri\u00e8re! \u00ab\u00a0Pour honorer la m\u00e9moire de Puccini, j\u2019ai voulu pr\u00e9senter ce programme \u00e0 diff\u00e9rents endroits, au Japon, \u00e0 la Scala, \u00e0 Strasbourg, dans le village de Torre del Lago Puccini en Italie bien s\u00fbr, l\u00e0 o\u00f9 il avait sa maison sur le lac, et je vais le refaire encore une fois \u00e0 Barcelone cette ann\u00e9e\u00a0\u00bb, nous annonce-t-il. Et de rappeler: \u00a0\u00bb On a chant\u00e9 Tosca avec mon \u00e9pouse, [la chanteuse soprano Aleksandra Kurzak, avec laquelle il vit en Pologne, ndlr] et on a fait aussi V\u00e9rone, deux fois, o\u00f9 on a chant\u00e9 A\u00efda et Carmen, puisque c\u2019\u00e9tait par ailleurs le 150e anniversaire de la cr\u00e9ation de Carmen.\u00a0\u00bb<\/p>\n<p>Autre temps fort pour Roberto Alagna au printemps dernier: ses retrouvailles avec l\u2019op\u00e9ra Bastille, avec Manon, de Jules Massenet: \u00ab\u00a0J\u2019ai retrouv\u00e9 un r\u00f4le de jeunesse, celui des Chevaliers des Grieux, dans ce lieu o\u00f9 je me sens chez moi! Cela a \u00e9t\u00e9 une belle ann\u00e9e, avec des reprises intenses. \u00c0 chaque fois je dis que je vais lever le pied, mais c\u2019est de pire en pire\u00a0\u00bb, sourit-il.<\/p>\n<p><strong>Un disque autour de \u00ab\u00a0Caruso\u00a0\u00bb enregistr\u00e9 \u00e0 Cagnes-sur-Mer<\/strong><\/p>\n<p>Car il est d\u00e9j\u00e0 attel\u00e9 \u00e0 un nouveau projet qui lui tient on ne peut plus \u00e0 c\u0153ur: \u00ab\u00a0J\u2019ai pass\u00e9 trois semaines \u00e0 composer, chose que je n\u2019avais pas faite depuis des ann\u00e9es, \u00e0 cr\u00e9er une nouvelle pi\u00e8ce musicale, avec Jean-F\u00e9lix Lalanne. Autour d\u2019une histoire que j\u2019ai imagin\u00e9e et concoct\u00e9e dans un avion, en revenant de Porto Rico, o\u00f9 j\u2019avais chant\u00e9 Othello avec mon \u00e9pouse. Une histoire sur Caruso, une fiction bas\u00e9e sur des faits r\u00e9els, autour de cette rivalit\u00e9, m\u00e2tin\u00e9e d\u2019amour et de haine, entre Giulio Gatti-Casazza, le directeur du Metropolitan \u00e0 l\u2019\u00e9poque, et cet inoubliable artiste. Dans la lign\u00e9e de la fascination-r\u00e9pulsion de Salieri \u00e0 l\u2019\u00e9gard de Mozart. On va bient\u00f4t enregistrer les voix au studio Marylin \u00e0 Cagnes-sur-Mer. J\u2019ai \u00e9crit toute l\u2019histoire, je participe aux arrangements avec l\u2019orchestre, on est tous les deux producteurs avec Jean-F\u00e9lix Lalanne, et on a d\u00e9j\u00e0 des directeurs de th\u00e9\u00e2tre preneurs du projet.\u00a0\u00bb Quant aux musiques, elles seront enregistr\u00e9es \u00e0 Vienne, avec le Morphing Orchestra.<\/p>\n<p><strong>Toujours \u00e9merveill\u00e9, \u00e0 62 ans<\/strong><\/p>\n<p>Une r\u00e9ussite dont le t\u00e9nor franco-sicilien, \u00e0 62 ans, demeure le premier surpris: \u00ab\u00a0J\u2019ai toujours consid\u00e9r\u00e9 ma carri\u00e8re comme un miracle. J\u2019\u00e9tais un enfant hyper timide, jamais je n\u2019aurais pens\u00e9 atteindre ce niveau-l\u00e0, faire tout ce que j\u2019ai fait! Je suis \u00e9merveill\u00e9, je ne suis pas quelqu\u2019un de blas\u00e9. Quand la Scala me demande tel ou tel ouvrage dans deux ans, le Metropolitan un autre en 2028 ou en 29, je me dis, mais comment est-il possible qu\u2019ils me fassent confiance? Je suis en auto-critique permanente, toujours en train de vouloir m\u2019am\u00e9liorer.\u00a0\u00bb Tout en recherchant aussi, assure-t-il, une certaine simplicit\u00e9, une proximit\u00e9 avec le public, avec lequel il n\u2019aime rien tant qu\u2019 \u00ab\u00a0entrer en communion\u00a0\u00bb. Et ce n\u2019est certainement pas cet artiste solaire qui fera mentir Jean Cocteau, lorsqu\u2019il affirmait: \u00ab\u00a0Les Italiens sont des Fran\u00e7ais de bonne humeur.\u00a0\u00bb<\/p>\n<p>Boulevard des Italiens. <b>Vendredi 29 ao\u00fbt<\/b> \u00e0 Carqueiranne. Complet. <b>Samedi 30 ao\u00fbt<\/b> \u00e0 20h30\u00e0 Roquebrune-sur-Argens, le L.A.C. (Lac. Arena. Concerts) Gratuit. www.roquebrune.com <b>Dimanche 31 ao\u00fbt<\/b> \u00e0 19h \u00e0 Brignoles, jardin Suau. Gratuit, dans la limite des disponibilit\u00e9s. www.robertoalagna.com<\/p>\n","protected":false},"excerpt":{"rendered":"Apr\u00e8s avoir sillonn\u00e9 l\u2019Hexagone, avec un floril\u00e8ge de chansons du spectacle musical Al Capone, Roberto Alagna revient avec&hellip;\n","protected":false},"author":2,"featured_media":345292,"comment_status":"","ping_status":"","sticky":false,"template":"","format":"standard","meta":{"footnotes":""},"categories":[9619],"tags":[1111,11,4156,251,1777,674,1011,27,12,882,25,2310],"class_list":{"0":"post-345291","1":"post","2":"type-post","3":"status-publish","4":"format-standard","5":"has-post-thumbnail","7":"category-toulon","8":"tag-actu","9":"tag-actualites","10":"tag-concerts","11":"tag-culture","12":"tag-eu","13":"tag-europe","14":"tag-fr","15":"tag-france","16":"tag-news","17":"tag-provence-alpes-cote-dazur","18":"tag-republique-francaise","19":"tag-toulon"},"share_on_mastodon":{"url":"https:\/\/pubeurope.com\/@fr\/115095404832120411","error":""},"_links":{"self":[{"href":"https:\/\/www.europesays.com\/fr\/wp-json\/wp\/v2\/posts\/345291","targetHints":{"allow":["GET"]}}],"collection":[{"href":"https:\/\/www.europesays.com\/fr\/wp-json\/wp\/v2\/posts"}],"about":[{"href":"https:\/\/www.europesays.com\/fr\/wp-json\/wp\/v2\/types\/post"}],"author":[{"embeddable":true,"href":"https:\/\/www.europesays.com\/fr\/wp-json\/wp\/v2\/users\/2"}],"replies":[{"embeddable":true,"href":"https:\/\/www.europesays.com\/fr\/wp-json\/wp\/v2\/comments?post=345291"}],"version-history":[{"count":0,"href":"https:\/\/www.europesays.com\/fr\/wp-json\/wp\/v2\/posts\/345291\/revisions"}],"wp:featuredmedia":[{"embeddable":true,"href":"https:\/\/www.europesays.com\/fr\/wp-json\/wp\/v2\/media\/345292"}],"wp:attachment":[{"href":"https:\/\/www.europesays.com\/fr\/wp-json\/wp\/v2\/media?parent=345291"}],"wp:term":[{"taxonomy":"category","embeddable":true,"href":"https:\/\/www.europesays.com\/fr\/wp-json\/wp\/v2\/categories?post=345291"},{"taxonomy":"post_tag","embeddable":true,"href":"https:\/\/www.europesays.com\/fr\/wp-json\/wp\/v2\/tags?post=345291"}],"curies":[{"name":"wp","href":"https:\/\/api.w.org\/{rel}","templated":true}]}}