{"id":345304,"date":"2025-08-26T14:00:12","date_gmt":"2025-08-26T14:00:12","guid":{"rendered":"https:\/\/www.europesays.com\/fr\/345304\/"},"modified":"2025-08-26T14:00:12","modified_gmt":"2025-08-26T14:00:12","slug":"pres-de-grenoble-un-celebre-acteur-cesarise-signe-dans-le-club-de-foot-de-cette-commune","status":"publish","type":"post","link":"https:\/\/www.europesays.com\/fr\/345304\/","title":{"rendered":"Pr\u00e8s de Grenoble. Un c\u00e9l\u00e8bre acteur c\u00e9saris\u00e9 signe dans le club de foot de cette commune"},"content":{"rendered":"<p>            Par<br \/>\n        <strong><br \/>\n            <a href=\"https:\/\/actu.fr\/auteur\/emma-ressegaire\" title=\"Consulter tous les articles de Emma Ressegaire\" target=\"_blank\" rel=\"noopener\">Emma Ressegaire<\/a><br \/>\n        <\/strong><\/p>\n<p>        Publi\u00e9 le<\/p>\n<p>            26 ao\u00fbt 2025 \u00e0 15h31        <\/p>\n<p>C\u2019est une <strong>information mercato<\/strong> plus que surprenante. Le 12 ao\u00fbt dernier, un <strong>club de football de l\u2019Is\u00e8re<\/strong> qui \u00e9volue en District 1, l\u2019US Gi\u00e8res, a annonc\u00e9 la signature d\u2019un nouveau joueur.\u00a0<\/p>\n<p class=\" wall-content\">Et pas n\u2019importe lequel. S\u2019il n\u2019est pas une star du ballon rond, il est une c\u00e9l\u00e9brit\u00e9 dans un tout autre domaine : <strong>le monde du cin\u00e9ma<\/strong>.<\/p>\n<p class=\" wall-content\">Fin du suspense : il s\u2019agit de <strong>Rapha\u00ebl Quenard<\/strong>. \u00ab\u00a0Un retour aux sources\u00a0\u00bb comme l\u2019explique le club sur ses r\u00e9seaux sociaux. L\u2019acteur c\u00e9saris\u00e9 en 2024 est n\u00e9 \u00e0 \u00c9chirolles mais a grandi \u00e0 Gi\u00e8res, pr\u00e8s de <a href=\"https:\/\/actu.fr\/grenoble\/\" target=\"_blank\" rel=\"noopener\">Grenoble<\/a>. C\u2019est ici qu\u2019il a jou\u00e9 au football \u00e9tant plus jeune, lui qui est un grand fan de cette discipline sportive et plus particuli\u00e8rement du PSG.\u00a0<\/p>\n<p>\u00ab\u00a0Louches improbables, chandelles de l\u2019espace\u00a0\u00bb<\/p>\n<p class=\" wall-content\">Le club est heureux d\u2019avoir fait signer son <strong>nouveau num\u00e9ro 5.<\/strong> S\u00e9duit par le projet du club, Rapha\u00ebl Quenard a paraph\u00e9 un contrat \u00e0 vie avec l\u2019USG, sous r\u00e9serve de valider sa visite m\u00e9dicale.<\/p>\n<p class=\" wall-content\">\u00ab\u00a0Louches improbables, chandelles de l\u2019espace et autres tacles appuy\u00e9s sont autant de <strong>gestes minutieusement ma\u00eetris\u00e9s<\/strong> par cet artiste du ballon rond, qui va de nouveau r\u00e9galer, comme \u00e0 la belle \u00e9poque, les aficionados du stade Paul Bourgeat\u00a0\u00bb, pr\u00e9vient le club.<\/p>\n<p>    <a href=\"https:\/\/www.facebook.com\/plugins\/post.php?href=https%3A%2F%2Fwww.facebook.com%2Fpermalink.php%3Fstory_fbid%3Dpfbid02mt6ZXsB3XBGVp2BstykkcyhBmGNWkNsZ7pN2N2iQN6AJKRqe34MaYEQNVsi9WNRsl%26id%3D100057139132270&amp;show_text=true&amp;width=350\" title=\"Ouvrie le lien\" target=\"_blank\" rel=\"noopener\">Cliquez ici pour visualiser le contenu<\/a><\/p>\n<p class=\" wall-content\">Mais encore un peu de patience avant de pouvoir le revoir sur le terrain. <strong>La recrue star de l\u2019\u00e9t\u00e9<\/strong> n\u2019a pas \u00e9t\u00e9 align\u00e9e lors du premier match de la saison.<\/p>\n<p>Votre r\u00e9gion, votre actu !<\/p>\n<p>Recevez chaque jour les infos qui comptent pour vous.<\/p>\n<p>\t<a href=\"https:\/\/actu.fr\/newsletter\" class=\"ac-btn ac-btn--corner ac-btn--medium ac-btn--blue800\" target=\"_blank\" rel=\"noopener\">S&rsquo;incrire<\/a><\/p>\n<p class=\" wall-content\">Une premi\u00e8re victoire pour l\u2019US Gi\u00e8res qui s\u2019est impos\u00e9 4-1, ce dimanche 24 ao\u00fbt, face au FC Collines lors du 1er Tour de la Coupe de France de football.<\/p>\n<p class=\" wall-content\">Personnalisez votre actualit\u00e9 en ajoutant vos villes et m\u00e9dias en favori avec <a href=\"https:\/\/moncompte.actu.fr\" title=\"D\u00e9couvez Mon Actu\" rel=\"nofollow noopener\" data-trk=\"{&quot;cta&quot;:{&quot;action&quot;:&quot;https:\\\/\\\/moncompte.actu.fr&quot;,&quot;category&quot;:&quot;mon compte&quot;,&quot;from&quot;:&quot;article footer&quot;,&quot;name&quot;:&quot;Mon actu&quot;,&quot;type&quot;:&quot;cta&quot;}}\" target=\"_blank\">Mon Actu<\/a>.<\/p>\n","protected":false},"excerpt":{"rendered":"Par Emma Ressegaire Publi\u00e9 le 26 ao\u00fbt 2025 \u00e0 15h31 C\u2019est une information mercato plus que surprenante. Le&hellip;\n","protected":false},"author":2,"featured_media":345305,"comment_status":"","ping_status":"","sticky":false,"template":"","format":"standard","meta":{"footnotes":""},"categories":[9566],"tags":[1111,11,2430,650,15922,1777,674,1011,27,2731,12,25,104],"class_list":{"0":"post-345304","1":"post","2":"type-post","3":"status-publish","4":"format-standard","5":"has-post-thumbnail","7":"category-grenoble","8":"tag-actu","9":"tag-actualites","10":"tag-auvergne-rhone-alpes","11":"tag-cinema","12":"tag-coupe-de-france-de-football","13":"tag-eu","14":"tag-europe","15":"tag-fr","16":"tag-france","17":"tag-grenoble","18":"tag-news","19":"tag-republique-francaise","20":"tag-societe"},"share_on_mastodon":{"url":"https:\/\/pubeurope.com\/@fr\/115095432363693934","error":""},"_links":{"self":[{"href":"https:\/\/www.europesays.com\/fr\/wp-json\/wp\/v2\/posts\/345304","targetHints":{"allow":["GET"]}}],"collection":[{"href":"https:\/\/www.europesays.com\/fr\/wp-json\/wp\/v2\/posts"}],"about":[{"href":"https:\/\/www.europesays.com\/fr\/wp-json\/wp\/v2\/types\/post"}],"author":[{"embeddable":true,"href":"https:\/\/www.europesays.com\/fr\/wp-json\/wp\/v2\/users\/2"}],"replies":[{"embeddable":true,"href":"https:\/\/www.europesays.com\/fr\/wp-json\/wp\/v2\/comments?post=345304"}],"version-history":[{"count":0,"href":"https:\/\/www.europesays.com\/fr\/wp-json\/wp\/v2\/posts\/345304\/revisions"}],"wp:featuredmedia":[{"embeddable":true,"href":"https:\/\/www.europesays.com\/fr\/wp-json\/wp\/v2\/media\/345305"}],"wp:attachment":[{"href":"https:\/\/www.europesays.com\/fr\/wp-json\/wp\/v2\/media?parent=345304"}],"wp:term":[{"taxonomy":"category","embeddable":true,"href":"https:\/\/www.europesays.com\/fr\/wp-json\/wp\/v2\/categories?post=345304"},{"taxonomy":"post_tag","embeddable":true,"href":"https:\/\/www.europesays.com\/fr\/wp-json\/wp\/v2\/tags?post=345304"}],"curies":[{"name":"wp","href":"https:\/\/api.w.org\/{rel}","templated":true}]}}