{"id":345308,"date":"2025-08-26T14:02:12","date_gmt":"2025-08-26T14:02:12","guid":{"rendered":"https:\/\/www.europesays.com\/fr\/345308\/"},"modified":"2025-08-26T14:02:12","modified_gmt":"2025-08-26T14:02:12","slug":"open-blot-rennes-2025-une-nouvelle-edition-avec-des-tetes-daffiche-internationales","status":"publish","type":"post","link":"https:\/\/www.europesays.com\/fr\/345308\/","title":{"rendered":"Open Blot Rennes 2025 : une nouvelle \u00e9dition avec des t\u00eates d\u2019affiche internationales"},"content":{"rendered":"\n<p>Du 8 au 14 septembre 2025, le tennis fera son grand retour \u00e0 Rennes avec la 19\u1d49 \u00e9dition de l\u2019Open Blot. Ce tournoi, d\u00e9sormais bien ancr\u00e9 dans le calendrier du circuit ATP Challenger Tour, accueillera de grands noms de la discipline, promettant une semaine intense au Libert\u00e9 et \u00e0 la salle Colette-Besson.<\/p>\n<p>\u00a0<\/p>\n<p>Un rendez-vous sportif incontournable \u00e0 Rennes<\/p>\n<p>Chaque ann\u00e9e, l\u2019Open Blot rassemble 32 joueurs professionnels venus du monde entier. Pour cette \u00e9dition 2025, les matchs se partageront entre deux sites :<\/p>\n<ul>\n<li>le Libert\u00e9, c\u0153ur du tournoi,<\/li>\n<li>la salle Colette-Besson, transform\u00e9e en \u00ab court annexe \u00bb accessible gratuitement au public.<\/li>\n<\/ul>\n<p>De quoi permettre \u00e0 tous les passionn\u00e9s de tennis \u2013 confirm\u00e9s comme simples curieux \u2013 de profiter de l\u2019ambiance et d\u2019assister \u00e0 de belles rencontres.<\/p>\n<p>Stan Wawrinka, invit\u00e9 de prestige<\/p>\n<p>L\u2019annonce a d\u00e9j\u00e0 cr\u00e9\u00e9 l\u2019\u00e9v\u00e9nement : Stanislas Wawrinka, triple vainqueur en Grand Chelem, m\u00e9daill\u00e9 olympique et ancien n\u00b03 mondial, foulera le court rennais. \u00c0 40 ans, le joueur suisse occupe toujours le 146e rang mondial, et son palmar\u00e8s comme sa long\u00e9vit\u00e9 en font une v\u00e9ritable l\u00e9gende du tennis. Sa venue \u00e0 Rennes est une occasion unique pour les amateurs de voir \u00e9voluer un champion d\u2019exception.<\/p>\n<p>Les autres joueurs d\u00e9j\u00e0 confirm\u00e9s<\/p>\n<p>Aux c\u00f4t\u00e9s de Wawrinka, plusieurs tennismen fran\u00e7ais et internationaux figurent parmi les <strong data-start=\"1733\" data-end=\"1762\">21 premiers noms d\u00e9voil\u00e9s<\/strong> :Adrian Mannarino (n\u00b073 ATP), Hugo Gaston (n\u00b0125), Pierre-Hugues Herbert (n\u00b0139), Harold Mayot (n\u00b0152)&#8230;<\/p>\n<p>Des matchs gratuits pour le public<\/p>\n<p>Avant le tournoi, les <strong data-start=\"2496\" data-end=\"2514\">qualifications<\/strong> auront lieu le dimanche 7 septembre \u00e0 la salle Colette-Besson. L\u2019acc\u00e8s est <strong data-start=\"2590\" data-end=\"2601\">gratuit<\/strong> et pourrait r\u00e9server de belles surprises, avec la pr\u00e9sence possible de joueurs de renom comme <strong data-start=\"2696\" data-end=\"2712\">Beno\u00eet Paire<\/strong>.<\/p>\n<p>\u00a0<\/p>\n<p>Infos billetterie et offre famille<\/p>\n<p data-start=\"2758\" data-end=\"2994\">Pour vivre l\u2019\u00e9v\u00e9nement de l\u2019int\u00e9rieur, la <strong data-start=\"2800\" data-end=\"2842\">billetterie de l\u2019Open Blot Rennes 2025<\/strong> est d\u2019ores et d\u00e9j\u00e0 ouverte. Cette ann\u00e9e, un <strong data-start=\"2887\" data-end=\"2903\">pack famille<\/strong> est propos\u00e9 : pour un adulte accompagn\u00e9 de deux ados (14-18 ans), une place est offerte.<\/p>\n<p data-start=\"2996\" data-end=\"3126\">Rendez-vous \u00e0 Rennes du 8 au 14 septembre pour une semaine de <strong data-start=\"3061\" data-end=\"3086\">tennis de haut niveau<\/strong>, d\u2019\u00e9motions et de belles rencontres ! Plus d&rsquo;infos : <a href=\"https:\/\/www.openderennes.org\" rel=\"noopener nofollow\" target=\"_blank\">openderennes.org<\/a><\/p>\n<p>\u00a0<\/p>\n","protected":false},"excerpt":{"rendered":"Du 8 au 14 septembre 2025, le tennis fera son grand retour \u00e0 Rennes avec la 19\u1d49 \u00e9dition&hellip;\n","protected":false},"author":2,"featured_media":345309,"comment_status":"","ping_status":"","sticky":false,"template":"","format":"standard","meta":{"footnotes":""},"categories":[2821],"tags":[1111,11,829,1777,674,1011,27,12,48146,584,25,48149,48148,48147],"class_list":{"0":"post-345308","1":"post","2":"type-post","3":"status-publish","4":"format-standard","5":"has-post-thumbnail","7":"category-rennes","8":"tag-actu","9":"tag-actualites","10":"tag-bretagne","11":"tag-eu","12":"tag-europe","13":"tag-fr","14":"tag-france","15":"tag-news","16":"tag-open-blot-rennes-2025","17":"tag-rennes","18":"tag-republique-francaise","19":"tag-stanislas-wawrinka-open-blot","20":"tag-tennis-rennes-septembre-2025","21":"tag-tournoi-atp-challenger-rennes"},"share_on_mastodon":{"url":"https:\/\/pubeurope.com\/@fr\/115095440217597637","error":""},"_links":{"self":[{"href":"https:\/\/www.europesays.com\/fr\/wp-json\/wp\/v2\/posts\/345308","targetHints":{"allow":["GET"]}}],"collection":[{"href":"https:\/\/www.europesays.com\/fr\/wp-json\/wp\/v2\/posts"}],"about":[{"href":"https:\/\/www.europesays.com\/fr\/wp-json\/wp\/v2\/types\/post"}],"author":[{"embeddable":true,"href":"https:\/\/www.europesays.com\/fr\/wp-json\/wp\/v2\/users\/2"}],"replies":[{"embeddable":true,"href":"https:\/\/www.europesays.com\/fr\/wp-json\/wp\/v2\/comments?post=345308"}],"version-history":[{"count":0,"href":"https:\/\/www.europesays.com\/fr\/wp-json\/wp\/v2\/posts\/345308\/revisions"}],"wp:featuredmedia":[{"embeddable":true,"href":"https:\/\/www.europesays.com\/fr\/wp-json\/wp\/v2\/media\/345309"}],"wp:attachment":[{"href":"https:\/\/www.europesays.com\/fr\/wp-json\/wp\/v2\/media?parent=345308"}],"wp:term":[{"taxonomy":"category","embeddable":true,"href":"https:\/\/www.europesays.com\/fr\/wp-json\/wp\/v2\/categories?post=345308"},{"taxonomy":"post_tag","embeddable":true,"href":"https:\/\/www.europesays.com\/fr\/wp-json\/wp\/v2\/tags?post=345308"}],"curies":[{"name":"wp","href":"https:\/\/api.w.org\/{rel}","templated":true}]}}