{"id":345310,"date":"2025-08-26T14:03:12","date_gmt":"2025-08-26T14:03:12","guid":{"rendered":"https:\/\/www.europesays.com\/fr\/345310\/"},"modified":"2025-08-26T14:03:12","modified_gmt":"2025-08-26T14:03:12","slug":"il-est-desormais-possible-davoir-sa-carte-badgeo-sur-son-telephone-voici-comment","status":"publish","type":"post","link":"https:\/\/www.europesays.com\/fr\/345310\/","title":{"rendered":"il est d\u00e9sormais possible d&rsquo;avoir sa carte Badgeo sur son t\u00e9l\u00e9phone, voici comment"},"content":{"rendered":"<p>            Par<br \/>\n        <strong><br \/>\n            <a href=\"https:\/\/actu.fr\/auteur\/olivia-kouassi\" title=\"Consulter tous les articles de Olivia Kouassi\" target=\"_blank\" rel=\"noopener\">Olivia Kouassi<\/a><br \/>\n        <\/strong><\/p>\n<p>        Publi\u00e9 le<\/p>\n<p>            26 ao\u00fbt 2025 \u00e0 14h56        <\/p>\n<p>Depuis mi-ao\u00fbt, la <a href=\"https:\/\/actu.fr\/tag\/compagnie-des-transports-strasbourgeois-cts\" target=\"_blank\" rel=\"noopener\">Compagnie de transports strasbourgeois<\/a> (CTS) propose un nouveau service\u2009: <strong>la d\u00e9mat\u00e9rialisation de la carte Badgeo.<\/strong> Plus besoin de penser \u00e0 sa carte, il est d\u00e9sormais possible de <strong>badger sur les bornes avec son smartphone<\/strong>. Un syst\u00e8me qui fonctionne <strong>cependant sous conditions,<\/strong> voici le d\u00e9tail.<\/p>\n<p>Un nouveau service pour les d\u00e9tenteurs d\u2019Android<\/p>\n<p class=\" wall-content\">Ce nouveau service propos\u00e9 par la CTS n\u2019est pour l\u2019instant<strong> accessible que pour les d\u00e9tenteurs de smartphones Android \u00e9quip\u00e9s de la technologie NFC.<\/strong> Des discussions sont en cours avec Apple pour \u00e9tendre le dispositif. Aucune date de mise en service pour les clients de la marque \u00e0 la pomme n\u2019a en revanche \u00e9t\u00e9 pr\u00e9cis\u00e9e.<\/p>\n<p class=\" wall-content\">La d\u00e9mat\u00e9rialisation, qui vise notamment <a href=\"https:\/\/actu.fr\/grand-est\/strasbourg_67482\/cts-a-strasbourg-la-gratuite-des-trams-et-des-bus-elargie-a-la-rentree-voici-qui-ca-concerne_61519071.html\" target=\"_blank\" rel=\"noopener\">les mineurs qui b\u00e9n\u00e9ficient de la gratuit\u00e9<\/a> et ne pourront donc plus oublier leur titre de transport,<strong> se fait directement sur l\u2019application CTS<\/strong> qui a \u00e9t\u00e9 mise \u00e0 jour. Elle est n\u00e9cessaire pour la d\u00e9mat\u00e9rialisation, la carte ne pouvant pas, pour l\u2019heure, \u00eatre install\u00e9e sur le Google Wallet par exemple. <strong>Enfin, la d\u00e9mat\u00e9rialisation entra\u00eene la d\u00e9sactivation de la carte Badgeo physique,<\/strong> un seul support nominatif ne pouvant \u00eatre utilis\u00e9 \u00e0 la fois. Il est n\u00e9anmoins possible de faire machine arri\u00e8re.<\/p>\n<p>Pas besoin de r\u00e9seau<\/p>\n<p class=\" wall-content\">Une fois install\u00e9e, pas besoin de r\u00e9seau pour valider son voyage sur les bornes.<strong> Tous les types d\u2019abonnements sont disponibles<\/strong> sous condition de se cr\u00e9er un compte individuel.<\/p>\n<p class=\" wall-content\">Personnalisez votre actualit\u00e9 en ajoutant vos villes et m\u00e9dias en favori avec <a href=\"https:\/\/moncompte.actu.fr\" title=\"D\u00e9couvez Mon Actu\" rel=\"nofollow noopener\" data-trk=\"{&quot;cta&quot;:{&quot;action&quot;:&quot;https:\\\/\\\/moncompte.actu.fr&quot;,&quot;category&quot;:&quot;mon compte&quot;,&quot;from&quot;:&quot;article footer&quot;,&quot;name&quot;:&quot;Mon actu&quot;,&quot;type&quot;:&quot;cta&quot;}}\" target=\"_blank\">Mon Actu<\/a>.<\/p>\n","protected":false},"excerpt":{"rendered":"Par Olivia Kouassi Publi\u00e9 le 26 ao\u00fbt 2025 \u00e0 14h56 Depuis mi-ao\u00fbt, la Compagnie de transports strasbourgeois (CTS)&hellip;\n","protected":false},"author":2,"featured_media":345311,"comment_status":"","ping_status":"","sticky":false,"template":"","format":"standard","meta":{"footnotes":""},"categories":[2820],"tags":[1111,11,7344,1777,674,1011,27,775,12,25,104,640],"class_list":{"0":"post-345310","1":"post","2":"type-post","3":"status-publish","4":"format-standard","5":"has-post-thumbnail","7":"category-strasbourg","8":"tag-actu","9":"tag-actualites","10":"tag-compagnie-des-transports-strasbourgeois-cts","11":"tag-eu","12":"tag-europe","13":"tag-fr","14":"tag-france","15":"tag-grand-est","16":"tag-news","17":"tag-republique-francaise","18":"tag-societe","19":"tag-strasbourg"},"share_on_mastodon":{"url":"https:\/\/pubeurope.com\/@fr\/115095444222441846","error":""},"_links":{"self":[{"href":"https:\/\/www.europesays.com\/fr\/wp-json\/wp\/v2\/posts\/345310","targetHints":{"allow":["GET"]}}],"collection":[{"href":"https:\/\/www.europesays.com\/fr\/wp-json\/wp\/v2\/posts"}],"about":[{"href":"https:\/\/www.europesays.com\/fr\/wp-json\/wp\/v2\/types\/post"}],"author":[{"embeddable":true,"href":"https:\/\/www.europesays.com\/fr\/wp-json\/wp\/v2\/users\/2"}],"replies":[{"embeddable":true,"href":"https:\/\/www.europesays.com\/fr\/wp-json\/wp\/v2\/comments?post=345310"}],"version-history":[{"count":0,"href":"https:\/\/www.europesays.com\/fr\/wp-json\/wp\/v2\/posts\/345310\/revisions"}],"wp:featuredmedia":[{"embeddable":true,"href":"https:\/\/www.europesays.com\/fr\/wp-json\/wp\/v2\/media\/345311"}],"wp:attachment":[{"href":"https:\/\/www.europesays.com\/fr\/wp-json\/wp\/v2\/media?parent=345310"}],"wp:term":[{"taxonomy":"category","embeddable":true,"href":"https:\/\/www.europesays.com\/fr\/wp-json\/wp\/v2\/categories?post=345310"},{"taxonomy":"post_tag","embeddable":true,"href":"https:\/\/www.europesays.com\/fr\/wp-json\/wp\/v2\/tags?post=345310"}],"curies":[{"name":"wp","href":"https:\/\/api.w.org\/{rel}","templated":true}]}}