{"id":345314,"date":"2025-08-26T14:05:20","date_gmt":"2025-08-26T14:05:20","guid":{"rendered":"https:\/\/www.europesays.com\/fr\/345314\/"},"modified":"2025-08-26T14:05:20","modified_gmt":"2025-08-26T14:05:20","slug":"delinquance-travaux-comment-ce-collectif-citoyen-veut-peser-dans-le-debat-a-cagnes-sur-mer-lors-des-municipales-de-2026","status":"publish","type":"post","link":"https:\/\/www.europesays.com\/fr\/345314\/","title":{"rendered":"d\u00e9linquance, travaux&#8230; Comment ce collectif citoyen veut peser dans le d\u00e9bat \u00e0 Cagnes-sur-Mer lors des municipales de 2026"},"content":{"rendered":"<p><a href=\"https:\/\/ville.cagnes.fr\/musee-renoir\/infos-pratiques-musee-renoir\/\" target=\"_blank\" rel=\" noreferrer noopener nofollow\"><img loading=\"lazy\" decoding=\"async\" width=\"630\" height=\"630\" src=\"data:image\/svg+xml,%3Csvg%20xmlns=\" http:=\"\" alt=\"\" class=\"wp-image-245695\" style=\"width:300px\" data-lazy-src=\"https:\/\/www.europesays.com\/fr\/wp-content\/uploads\/2025\/07\/NM-2025-300x300px--630x630.jpg\"\/><\/a><\/p>\n<p><strong>\u00c0 Cagnes-sur-Mer, un collectif citoyen compte bien se faire entendre : urbanisme, transports, logement, s\u00e9curit\u00e9\u2026 \u00ab\u00a0Le Cercle Cagnois\u00a0\u00bb pr\u00e9sente un programme de quatre-vingt\u202fid\u00e9es. L\u2019objectif serait \u00ab\u00a0d\u2019interpeller les \u00e9lus et de d\u00e9fendre une vision plus verte et plus \u00e9quilibr\u00e9e de la ville\u00a0\u00bb. <\/strong><\/p>\n<p>Cr\u00e9\u00e9 pour \u00ab rassembler les habitants et imaginer un autre avenir pour leur ville \u00bb, \u00ab <a href=\"https:\/\/www.lecerclecagnois.fr\/\" target=\"_blank\" rel=\"noopener nofollow\">Le Cercle Cagnois<\/a> \u00bb revendique une ind\u00e9pendance vis-\u00e0-vis des partis politiques. Son pr\u00e9sident, <a href=\"https:\/\/nicepresse.com\/pres-de-nice-ces-riverains-estiment-que-leur-quartier-historique-est-menace-par-les-bulldozers-et-comptent-bien-batailler-a-cagnes-sur-mer\/\" rel=\"nofollow noopener\" target=\"_blank\">Jean-Pierre Woignier<\/a>, est tout de m\u00eame d\u00e9crit comme proche du RN et du d\u00e9put\u00e9 <a href=\"https:\/\/nicepresse.com\/insecurite-declin-cagnes-sur-mer-a-besoin-dun-tout-nouveau-souffle-le-depute-rn-bryan-masson-a-nice-presse-dimanche\/\" rel=\"nofollow noopener\" target=\"_blank\">Bryan Masson<\/a>.<\/p>\n<p><img loading=\"lazy\" decoding=\"async\" width=\"1120\" height=\"630\" src=\"data:image\/svg+xml,%3Csvg%20xmlns=\" http:=\"\" alt=\"4 4\" class=\"wp-image-245508\" title=\"Pr\u00e8s de Nice : d\u00e9linquance, travaux... Comment ce collectif citoyen veut peser dans le d\u00e9bat \u00e0 Cagnes-sur-Mer lors des municipales de 2026 1\" data-lazy- data-lazy- data-lazy-src=\"https:\/\/www.europesays.com\/fr\/wp-content\/uploads\/2025\/08\/4-4-1120x630.jpg\"\/>[\u00a9 Romain Boisaubert \/ Nice-Presse]<\/p>\n<p>L\u2019association, qui compterait une soixantaine d\u2019adh\u00e9rents actifs, regroupe des profils vari\u00e9s, parmi lesquels on trouve des architectes, urbanistes, avocats, anciens cadres territoriaux ou \u00ab\u00a0simples riverains impliqu\u00e9s\u00a0\u00bb.<\/p>\n<p>Son objectif\u202frevendiqu\u00e9 : formuler des propositions concr\u00e8tes sur des th\u00e9matiques aussi vari\u00e9es que l\u2019am\u00e9nagement, les mobilit\u00e9s, la s\u00e9curit\u00e9 ou encore la qualit\u00e9 de vie. Un programme de quatre-vingt\u202fpages a ainsi \u00e9t\u00e9 \u00e9labor\u00e9 et sera soumis aux \u00e9lus locaux dans les semaines \u00e0 venir, avec la volont\u00e9 \u00ab\u202fd\u2019obtenir un positionnement clair des candidats aux municipales 2026.\u00bb<\/p>\n<p>Contre-projet face au \u00ab\u00a0grand b\u00e9tonnage\u00a0\u00bb<\/p>\n<p>Parmi les propositions phares figure un projet alternatif pour la Villette, alors que la municipalit\u00e9 pr\u00e9voit un \u00ab \u00e9co-quartier \u00bb (<a href=\"https:\/\/nicepresse.com\/pres-de-nice-logements-salle-de-spectacle-immenses-espaces-verts-ce-futur-quartier-de-cagnes-sur-mer-pense-comme-la-ville-de-demain\/\" rel=\"nofollow noopener\" target=\"_blank\">d\u00e9crit et d\u00e9fendu par la mairie dans cet interview<\/a>), orient\u00e9 vers la priorit\u00e9 de l\u2019habitat, avec plus de 500 logements, et 4.000\u202fm\u00b2 de commerces. \u00ab\u202f Le Cercle Cagnois \u00bb d\u00e9nonce \u00ab\u202fun b\u00e9tonnage massif \u202f\u00bb et l\u2019impact que ce programme pourrait avoir sur la circulation, le march\u00e9 immobilier et les services publics.<\/p>\n<p>En substitution, il imagine un \u00ab\u00a0poumon vert multi-usages\u00a0\u00bb de 60.\u202f000\u202fm\u00b2, int\u00e9grant un \u00ab\u00a0parc inondable\u00a0\u00bb, des \u00e9quipements publics (cr\u00e8che, m\u00e9diath\u00e8que, salle culturelle), des commerces de proximit\u00e9 et une coul\u00e9e verte reliant les Canebiers au centre-ville. Ce projet, selon ses promoteurs, pourrait \u00eatre subventionn\u00e9 \u00e0 75\u202f % gr\u00e2ce \u00e0 l\u2019Agence de l\u2019Eau et transformer l\u2019entr\u00e9e de la cit\u00e9 en \u00ab un espace apais\u00e9, propice aux mobilit\u00e9s douces et aux \u00e9v\u00e9nements publics. \u00bb<\/p>\n<p>Parmi les autres axes, la mobilit\u00e9 est \u00e9galement au centre de l\u2019attention. \u00ab\u00a0Le Cercle Cagnois\u00a0\u00bb se montre critique au sujet du futur tramway (la ligne 4), jug\u00e9 \u00ab co\u00fbteux \u00bb, \u00ab peu adapt\u00e9 \u00bb, et d\u00e9fend l\u2019alternative d\u2019un Bus \u00e0 Haut Niveau de Service (BHNS) et des mini-bus \u00e9lectriques pour irriguer les quartiers.<\/p>\n<p><img loading=\"lazy\" decoding=\"async\" width=\"1120\" height=\"630\" src=\"data:image\/svg+xml,%3Csvg%20xmlns=\" http:=\"\" alt=\"1 10\" class=\"wp-image-246449\" title=\"Pr\u00e8s de Nice : d\u00e9linquance, travaux... Comment ce collectif citoyen veut peser dans le d\u00e9bat \u00e0 Cagnes-sur-Mer lors des municipales de 2026 2\" data-lazy- data-lazy- data-lazy-src=\"https:\/\/www.europesays.com\/fr\/wp-content\/uploads\/2025\/08\/1-10-1120x630.jpg\"\/>[\u00a9 Transmis \u00e0 Nice-Presse]<\/p>\n<p>Sur le stationnement, l\u2019association milite pour la fin du contrat avec l\u2019op\u00e9rateur Indigo et la mise en place d\u2019une r\u00e9gie municipale, afin de r\u00e9tablir une heure de gratuit\u00e9 (au lieu de 30 minutes aujourd\u2019hui) et mieux accompagner les professions mobiles, comme les infirmiers. \u00ab Nous voulons permettre \u00e0 la commune de r\u00e9cup\u00e9rer l\u2019int\u00e9gralit\u00e9 des recettes afin de financer de nouveaux services. \u00bb<\/p>\n<p><a href=\"https:\/\/anneedelamer.nice.fr\/\" rel=\"nofollow noopener\" target=\"_blank\"><img loading=\"lazy\" decoding=\"async\" width=\"300\" height=\"300\" src=\"data:image\/svg+xml,%3Csvg%20xmlns=\" http:=\"\" alt=\"\" class=\"wp-image-235449\" data-lazy-src=\"https:\/\/www.europesays.com\/fr\/wp-content\/uploads\/2025\/04\/IMG_1416-2.png\"\/><\/a><\/p>\n<p>Plus de policiers municipaux\u00a0?<\/p>\n<p>Le collectif met \u00e9galement l\u2019accent sur la s\u00e9curit\u00e9 et le respect de la tranquillit\u00e9 publique, en appelant \u00e0 \u00ab une augmentation du nombre de policiers municipaux et d\u2019agents ASVP \u00bb, ainsi qu\u2019au \u00ab d\u00e9ploiement d\u2019une \u00e9quipe cynophile de nuit.\u00bb En 2024, Cagnes \u00e9tait d\u00e9j\u00e0 class\u00e9e par le minist\u00e8re de l\u2019Int\u00e9rieur comme <a href=\"https:\/\/nicepresse.com\/delinquance-cette-ville-de-la-metropole-de-nice-saffiche-comme-la-plus-sure-de-toute-la-region-provence-alpes-cote-dazur\/\" rel=\"nofollow noopener\" target=\"_blank\">la commune la plus s\u00fbre de toute la r\u00e9gion PACA<\/a>.<\/p>\n<p>Autre cheval de bataille, \u00ab la propret\u00e9 et la valorisation touristique des zones historiques \u00bb, avec la volont\u00e9 de dissimuler les poubelles dans du mobilier urbain esth\u00e9tique et de v\u00e9g\u00e9taliser davantage.<\/p>\n<p>Le collectif citoyen ne se pr\u00e9sentera pas devant les \u00e9lecteurs, mais affiche clairement son ambition, celle de peser sur les futurs choix municipaux. <\/p>\n<p>\u00ab\u202fNous remettrons bient\u00f4t nos propositions aux candidats et nous attendrons un retour clair\u202f. Quelles id\u00e9es prennent-ils, quelles id\u00e9es refusent-ils\u202f?\u202f\u00bb explique Jean-Pierre Woignier. \u00ab\u202fNous voulons que l\u2019avenir de Cagnes-sur-Mer soit pens\u00e9 avec ses habitants, et pas uniquement dans des bureaux.\u00bb<\/p>\n","protected":false},"excerpt":{"rendered":"\u00c0 Cagnes-sur-Mer, un collectif citoyen compte bien se faire entendre : urbanisme, transports, logement, s\u00e9curit\u00e9\u2026 \u00ab\u00a0Le Cercle Cagnois\u00a0\u00bb&hellip;\n","protected":false},"author":2,"featured_media":345315,"comment_status":"","ping_status":"","sticky":false,"template":"","format":"standard","meta":{"footnotes":""},"categories":[2819],"tags":[1111,11,1777,674,1011,27,12,2401,882,25],"class_list":{"0":"post-345314","1":"post","2":"type-post","3":"status-publish","4":"format-standard","5":"has-post-thumbnail","7":"category-nice","8":"tag-actu","9":"tag-actualites","10":"tag-eu","11":"tag-europe","12":"tag-fr","13":"tag-france","14":"tag-news","15":"tag-nice","16":"tag-provence-alpes-cote-dazur","17":"tag-republique-francaise"},"share_on_mastodon":{"url":"https:\/\/pubeurope.com\/@fr\/115095452074876160","error":""},"_links":{"self":[{"href":"https:\/\/www.europesays.com\/fr\/wp-json\/wp\/v2\/posts\/345314","targetHints":{"allow":["GET"]}}],"collection":[{"href":"https:\/\/www.europesays.com\/fr\/wp-json\/wp\/v2\/posts"}],"about":[{"href":"https:\/\/www.europesays.com\/fr\/wp-json\/wp\/v2\/types\/post"}],"author":[{"embeddable":true,"href":"https:\/\/www.europesays.com\/fr\/wp-json\/wp\/v2\/users\/2"}],"replies":[{"embeddable":true,"href":"https:\/\/www.europesays.com\/fr\/wp-json\/wp\/v2\/comments?post=345314"}],"version-history":[{"count":0,"href":"https:\/\/www.europesays.com\/fr\/wp-json\/wp\/v2\/posts\/345314\/revisions"}],"wp:featuredmedia":[{"embeddable":true,"href":"https:\/\/www.europesays.com\/fr\/wp-json\/wp\/v2\/media\/345315"}],"wp:attachment":[{"href":"https:\/\/www.europesays.com\/fr\/wp-json\/wp\/v2\/media?parent=345314"}],"wp:term":[{"taxonomy":"category","embeddable":true,"href":"https:\/\/www.europesays.com\/fr\/wp-json\/wp\/v2\/categories?post=345314"},{"taxonomy":"post_tag","embeddable":true,"href":"https:\/\/www.europesays.com\/fr\/wp-json\/wp\/v2\/tags?post=345314"}],"curies":[{"name":"wp","href":"https:\/\/api.w.org\/{rel}","templated":true}]}}