{"id":345318,"date":"2025-08-26T14:07:23","date_gmt":"2025-08-26T14:07:23","guid":{"rendered":"https:\/\/www.europesays.com\/fr\/345318\/"},"modified":"2025-08-26T14:07:23","modified_gmt":"2025-08-26T14:07:23","slug":"cetait-quoi-cette-mysterieuse-trainee-lumineuse-observee-dans-le-ciel-dangers-et-de-nantes","status":"publish","type":"post","link":"https:\/\/www.europesays.com\/fr\/345318\/","title":{"rendered":"C&rsquo;\u00e9tait quoi cette myst\u00e9rieuse tra\u00een\u00e9e lumineuse observ\u00e9e dans le ciel d&rsquo;Angers et de Nantes ?"},"content":{"rendered":"<p class=\"article__intro\">Lundi soir, vers 22 h 30, un \u00e9trange ph\u00e9nom\u00e8ne lumineux est apparu dans le ciel de l\u2019ouest de la France. Une tra\u00een\u00e9e blanche et mobile a travers\u00e9 le ciel, de la Bretagne \u00e0 la Normandie en passant par les Pays de la Loire, intriguant de nombreux internautes sur les r\u00e9seaux sociaux.<\/p>\n<p>\n      L\u2019actu des r\u00e9gions\n    <\/p>\n<p>\n      Chaque jour, un tour d\u2019horizon des principales infos de toutes les r\u00e9gions.\n    <\/p>\n<p>    France T\u00e9l\u00e9visions utilise votre adresse e-mail afin de vous envoyer la newsletter \u00ab\u00a0L\u2019actu des r\u00e9gions\u00a0\u00bb. Vous pouvez vous d\u00e9sinscrire \u00e0 tout moment via le lien en bas de cette newsletter. <a target=\"_blank\" href=\"https:\/\/www.francetelevisions.fr\/groupe\/confidentialite\/politique-de-confidentialite\/politique-de-confidentialite-de-france-televisions-6503\" rel=\"nofollow noopener\">Notre politique de confidentialit\u00e9<\/a><\/p>\n<p data-start=\"60\" data-end=\"323\">\u00ab\u00a0E.T. t\u00e9l\u00e9phone maison\u00a0\u00bb, \u00e9crit une internaute sous un post Instagram. Une tra\u00een\u00e9e lumineuse a \u00e9t\u00e9 aper\u00e7ue au-dessus de Nantes et d\u2019Angers ce lundi 25 ao\u00fbt, aux alentours de 22 h 30. \u00c9trange ? Certainement. Mais non, ce n\u2019est pas une attaque d\u2019extraterrestres.<\/p>\n<p data-start=\"325\" data-end=\"662\">Au premier coup d\u2019\u0153il, certains ont cru qu\u2019il s\u2019agissait des satellites Starlink, propri\u00e9t\u00e9 du milliardaire Elon Musk. Ils se d\u00e9placent en \u00ab\u00a0petits trains\u00a0\u00bb dans le ciel. Leur mission est de fournir un acc\u00e8s \u00e0 internet sur Terre. Selon <a href=\"https:\/\/findstarlink.com\/#3037656;3\" target=\"_blank\" rel=\"noopener nofollow\">le site officiel<\/a> qui recense leur activit\u00e9, ils sont effectivement pass\u00e9s au-dessus d\u2019Angers peu apr\u00e8s 22 heures.<\/p>\n<p data-start=\"664\" data-end=\"996\">Toutefois, l\u2019explication la plus probable est celle du d\u00e9gazage d\u2019une fus\u00e9e, autrement dit le moment o\u00f9 l\u2019appareil rel\u00e2che du carburant dans l\u2019atmosph\u00e8re lors de son lancement.<\/p>\n<blockquote class=\"twitter-tweet\">\n<p dir=\"ltr\" lang=\"fr\">Vers 22h45, une tra\u00een\u00e9e blanche intrigante dans le ciel breton \ud83c\udf0c<br \/>\u00c0 Auray, la trace des gaz rel\u00e2ch\u00e9s par l\u2019\u00e9tage sup\u00e9rieur de la fus\u00e9e Chang-Zheng 8, lanc\u00e9e ce soir depuis la Chine \ud83d\ude80<br \/>Encore \u00e9clair\u00e9 par le Soleil \u2192 visible comme une immense lueur blanche !<br \/>\ud83d\udcf8 Val\u00e9rie Drean\u2026 <a href=\"https:\/\/t.co\/flnln0HkYV\" rel=\"nofollow\">pic.twitter.com\/flnln0HkYV<\/a><\/p>\n<p>\u2014 M\u00e9t\u00e9o Bretagne (@MeteoBretagne) <a href=\"https:\/\/twitter.com\/MeteoBretagne\/status\/1960098275136090415?ref_src=twsrc%5Etfw\" rel=\"nofollow noopener\" target=\"_blank\">August 25, 2025<\/a><\/p><\/blockquote>\n<p data-start=\"664\" data-end=\"996\">D\u2019apr\u00e8s M\u00e9t\u00e9o Bretagne, il s\u2019agirait de la fus\u00e9e Chang-Zheng 8A, qui a d\u00e9coll\u00e9 depuis Ha\u00efnan, une \u00eele chinoise au sud du continent, lundi soir \u00e0 21 h 09.<\/p>\n<p data-start=\"998\" data-end=\"1149\">La tra\u00een\u00e9e lumineuse, blanche et mobile, a d\u2019ailleurs \u00e9t\u00e9 aper\u00e7ue en Bretagne ainsi qu\u2019au-dessus de la Normandie et de la r\u00e9gion Centre-Val de Loire.<\/p>\n<p><strong>Retrouvez-nous sur nos r\u00e9seaux sociaux ou sur\u00a0<a href=\"https:\/\/www.france.tv\/\" target=\"_blank\" rel=\"noopener nofollow\">france.tv<\/a><\/strong><\/p>\n<p>  <script async src=\"https:\/\/platform.twitter.com\/widgets.js\" charset=\"utf-8\"><\/script><\/p>\n","protected":false},"excerpt":{"rendered":"Lundi soir, vers 22 h 30, un \u00e9trange ph\u00e9nom\u00e8ne lumineux est apparu dans le ciel de l\u2019ouest de&hellip;\n","protected":false},"author":2,"featured_media":345319,"comment_status":"","ping_status":"","sticky":false,"template":"","format":"standard","meta":{"footnotes":""},"categories":[2818],"tags":[1111,11,1777,674,1011,27,766,12,2636,25],"class_list":{"0":"post-345318","1":"post","2":"type-post","3":"status-publish","4":"format-standard","5":"has-post-thumbnail","7":"category-nantes","8":"tag-actu","9":"tag-actualites","10":"tag-eu","11":"tag-europe","12":"tag-fr","13":"tag-france","14":"tag-nantes","15":"tag-news","16":"tag-pays-de-la-loire","17":"tag-republique-francaise"},"share_on_mastodon":{"url":"https:\/\/pubeurope.com\/@fr\/115095459948534882","error":""},"_links":{"self":[{"href":"https:\/\/www.europesays.com\/fr\/wp-json\/wp\/v2\/posts\/345318","targetHints":{"allow":["GET"]}}],"collection":[{"href":"https:\/\/www.europesays.com\/fr\/wp-json\/wp\/v2\/posts"}],"about":[{"href":"https:\/\/www.europesays.com\/fr\/wp-json\/wp\/v2\/types\/post"}],"author":[{"embeddable":true,"href":"https:\/\/www.europesays.com\/fr\/wp-json\/wp\/v2\/users\/2"}],"replies":[{"embeddable":true,"href":"https:\/\/www.europesays.com\/fr\/wp-json\/wp\/v2\/comments?post=345318"}],"version-history":[{"count":0,"href":"https:\/\/www.europesays.com\/fr\/wp-json\/wp\/v2\/posts\/345318\/revisions"}],"wp:featuredmedia":[{"embeddable":true,"href":"https:\/\/www.europesays.com\/fr\/wp-json\/wp\/v2\/media\/345319"}],"wp:attachment":[{"href":"https:\/\/www.europesays.com\/fr\/wp-json\/wp\/v2\/media?parent=345318"}],"wp:term":[{"taxonomy":"category","embeddable":true,"href":"https:\/\/www.europesays.com\/fr\/wp-json\/wp\/v2\/categories?post=345318"},{"taxonomy":"post_tag","embeddable":true,"href":"https:\/\/www.europesays.com\/fr\/wp-json\/wp\/v2\/tags?post=345318"}],"curies":[{"name":"wp","href":"https:\/\/api.w.org\/{rel}","templated":true}]}}