{"id":345324,"date":"2025-08-26T14:10:12","date_gmt":"2025-08-26T14:10:12","guid":{"rendered":"https:\/\/www.europesays.com\/fr\/345324\/"},"modified":"2025-08-26T14:10:12","modified_gmt":"2025-08-26T14:10:12","slug":"le-match-entre-chauray-et-les-girondins-de-bordeaux-devrait-se-jouer-au-stade-rene-gaillard","status":"publish","type":"post","link":"https:\/\/www.europesays.com\/fr\/345324\/","title":{"rendered":"le match entre Chauray et les Girondins de Bordeaux devrait se jouer au stade Ren\u00e9-Gaillard"},"content":{"rendered":"<p>Le stade Ren\u00e9-Gaillard, d\u00e9sormais priv\u00e9 des professionnels des Chamois Niortais, devrait de nouveau conna\u00eetre une belle affluence pour un match de football. Les dirigeants du FC Chauray, promu en National 2, ont d\u00e9cid\u00e9 de programmer la r\u00e9ception des Girondins de Bordeaux, le 1er\u00a0novembre 2025, dans l\u2019enceinte niortaise.<\/p>\n<p>\u00ab\u00a0Nous savons que nous devons augmenter notre capacit\u00e9 d\u2019accueil pour ce match, notamment en raison des supporteurs des Girondins. Il y a aussi des questions de s\u00e9curit\u00e9\u00a0\u00bb, indique David Rullier, le pr\u00e9sident du FC Chauray, qui travaille avec la Mairie et les services de l\u2019\u00c9tat pour le bon d\u00e9roul\u00e9 de l\u2019\u00e9v\u00e9nement. Les travaux entrepris dans le stade municipal de Chauray ont permis d\u2019atteindre une capacit\u00e9 de 1.500 places, pas encore suffisant pour cette affiche.<\/p>\n<p>Pour l\u2019heure, il s\u2019agit du seul match du FC Chauray programm\u00e9 \u00e0 Ren\u00e9-Gaillard, en attendant une \u00e9ventuelle d\u00e9cision pour d\u2019autres rencontres. \u00ab\u00a0Cela demande d\u2019\u00eatre nombreux les soirs de match, beaucoup de dirigeants et de b\u00e9n\u00e9voles\u00a0\u00bb, explique David Rullier.<\/p>\n<p>En attendant, le FC Chauray va retrouver son stade, samedi 30\u00a0ao\u00fbt 2025, pour la r\u00e9ception de la r\u00e9serve du FC Lorient, apr\u00e8s deux matchs \u00e0 l\u2019ext\u00e9rieur (<a target=\"_self\" href=\"https:\/\/www.lanouvellerepublique.fr\/deux-sevres\/commune\/chauray\/national-2-a-granville-un-bon-point-pour-chauray-1755378312\" rel=\"noopener\">un nul<\/a> et <a target=\"_self\" href=\"https:\/\/www.lanouvellerepublique.fr\/deux-sevres\/commune\/chauray\/national-2-le-fc-chauray-piege-en-fin-de-match-a-locmine-1755981555\" rel=\"noopener\">une d\u00e9faite<\/a>). Les am\u00e9nagements dans le stade ont \u00e9t\u00e9 r\u00e9alis\u00e9s pour l\u2019accueil des joueurs, des partenaires et des spectateurs. Coup d\u2019envoi \u00e0 18\u00a0h.<\/p>\n<p class=\"alireaussi\"><b>&gt;\u00a0Rejoignez la communaut\u00e9 NR\u00a0&#8211; Sports Deux-S\u00e8vres sur Facebook.<\/b><\/p>\n","protected":false},"excerpt":{"rendered":"Le stade Ren\u00e9-Gaillard, d\u00e9sormais priv\u00e9 des professionnels des Chamois Niortais, devrait de nouveau conna\u00eetre une belle affluence pour&hellip;\n","protected":false},"author":2,"featured_media":345325,"comment_status":"","ping_status":"","sticky":false,"template":"","format":"standard","meta":{"footnotes":""},"categories":[2817],"tags":[1392,1111,11,1997,22484,2545,1777,674,63,1011,27,12,6752,2219,25,60],"class_list":{"0":"post-345324","1":"post","2":"type-post","3":"status-publish","4":"format-standard","5":"has-post-thumbnail","7":"category-bordeaux","8":"tag-a-la-une-local","9":"tag-actu","10":"tag-actualites","11":"tag-bordeaux","12":"tag-chauray","13":"tag-deux-sevres","14":"tag-eu","15":"tag-europe","16":"tag-football","17":"tag-fr","18":"tag-france","19":"tag-news","20":"tag-niort","21":"tag-nouvelle-aquitaine","22":"tag-republique-francaise","23":"tag-sports"},"share_on_mastodon":{"url":"https:\/\/pubeurope.com\/@fr\/115095471701393546","error":""},"_links":{"self":[{"href":"https:\/\/www.europesays.com\/fr\/wp-json\/wp\/v2\/posts\/345324","targetHints":{"allow":["GET"]}}],"collection":[{"href":"https:\/\/www.europesays.com\/fr\/wp-json\/wp\/v2\/posts"}],"about":[{"href":"https:\/\/www.europesays.com\/fr\/wp-json\/wp\/v2\/types\/post"}],"author":[{"embeddable":true,"href":"https:\/\/www.europesays.com\/fr\/wp-json\/wp\/v2\/users\/2"}],"replies":[{"embeddable":true,"href":"https:\/\/www.europesays.com\/fr\/wp-json\/wp\/v2\/comments?post=345324"}],"version-history":[{"count":0,"href":"https:\/\/www.europesays.com\/fr\/wp-json\/wp\/v2\/posts\/345324\/revisions"}],"wp:featuredmedia":[{"embeddable":true,"href":"https:\/\/www.europesays.com\/fr\/wp-json\/wp\/v2\/media\/345325"}],"wp:attachment":[{"href":"https:\/\/www.europesays.com\/fr\/wp-json\/wp\/v2\/media?parent=345324"}],"wp:term":[{"taxonomy":"category","embeddable":true,"href":"https:\/\/www.europesays.com\/fr\/wp-json\/wp\/v2\/categories?post=345324"},{"taxonomy":"post_tag","embeddable":true,"href":"https:\/\/www.europesays.com\/fr\/wp-json\/wp\/v2\/tags?post=345324"}],"curies":[{"name":"wp","href":"https:\/\/api.w.org\/{rel}","templated":true}]}}