{"id":345326,"date":"2025-08-26T14:11:11","date_gmt":"2025-08-26T14:11:11","guid":{"rendered":"https:\/\/www.europesays.com\/fr\/345326\/"},"modified":"2025-08-26T14:11:11","modified_gmt":"2025-08-26T14:11:11","slug":"fissures-inquietantes-dans-un-batiment-toulousain-haute-garonne","status":"publish","type":"post","link":"https:\/\/www.europesays.com\/fr\/345326\/","title":{"rendered":"Fissures inqui\u00e9tantes dans un b\u00e2timent toulousain &#8211; Haute Garonne"},"content":{"rendered":"<p><strong>Samedi dernier, les sapeurs-pompiers de la Haute-Garonne sont intervenus sur la commune de Toulouse pour une reconnaissance de b\u00e2timent suite \u00e0 un signalement de fissures structurelles.<\/strong>&#13;<br \/>\n&#13;<br \/>\nL&rsquo;intervention s&rsquo;est d\u00e9roul\u00e9e au 3 impasse Cl. du Bethouart Antoine \u00e0 Toulouse. Les \u00e9quipes ont constat\u00e9 un mur porteur pr\u00e9sentant un d\u00e9crochement d&rsquo;une trentaine de centim\u00e8tres sur l&rsquo;avant-toit, avec une fissure mena\u00e7ant ruine. Cette d\u00e9formation impacte une surface de environ 5 m\u00b2.&#13;<br \/>\n&#13;<br \/>\nFace \u00e0 la situation, les pompiers ont pris des mesures pr\u00e9ventives. Un p\u00e9rim\u00e8tre de s\u00e9curit\u00e9 a \u00e9t\u00e9 mis en place autour du b\u00e2timent. Des consignes de s\u00e9curit\u00e9 ont \u00e9t\u00e9 donn\u00e9es aux locataires pour le week-end.<\/p>\n<p>                Cet article est r\u00e9serv\u00e9 aux abonn\u00e9s.<\/p>\n<p class=\"signature\" itemscope=\"\" itemprop=\"Author\" itemtype=\"http:\/\/schema.org\/Person\">\n                MS31\n            <\/p>\n","protected":false},"excerpt":{"rendered":"Samedi dernier, les sapeurs-pompiers de la Haute-Garonne sont intervenus sur la commune de Toulouse pour une reconnaissance de&hellip;\n","protected":false},"author":2,"featured_media":23669,"comment_status":"","ping_status":"","sticky":false,"template":"","format":"standard","meta":{"footnotes":""},"categories":[2816],"tags":[1111,11,1777,674,1011,27,12,2680,301,25,2312],"class_list":{"0":"post-345326","1":"post","2":"type-post","3":"status-publish","4":"format-standard","5":"has-post-thumbnail","7":"category-toulouse","8":"tag-actu","9":"tag-actualites","10":"tag-eu","11":"tag-europe","12":"tag-fr","13":"tag-france","14":"tag-news","15":"tag-occitanie","16":"tag-premium","17":"tag-republique-francaise","18":"tag-toulouse"},"share_on_mastodon":{"url":"https:\/\/pubeurope.com\/@fr\/115095475597358938","error":""},"_links":{"self":[{"href":"https:\/\/www.europesays.com\/fr\/wp-json\/wp\/v2\/posts\/345326","targetHints":{"allow":["GET"]}}],"collection":[{"href":"https:\/\/www.europesays.com\/fr\/wp-json\/wp\/v2\/posts"}],"about":[{"href":"https:\/\/www.europesays.com\/fr\/wp-json\/wp\/v2\/types\/post"}],"author":[{"embeddable":true,"href":"https:\/\/www.europesays.com\/fr\/wp-json\/wp\/v2\/users\/2"}],"replies":[{"embeddable":true,"href":"https:\/\/www.europesays.com\/fr\/wp-json\/wp\/v2\/comments?post=345326"}],"version-history":[{"count":0,"href":"https:\/\/www.europesays.com\/fr\/wp-json\/wp\/v2\/posts\/345326\/revisions"}],"wp:featuredmedia":[{"embeddable":true,"href":"https:\/\/www.europesays.com\/fr\/wp-json\/wp\/v2\/media\/23669"}],"wp:attachment":[{"href":"https:\/\/www.europesays.com\/fr\/wp-json\/wp\/v2\/media?parent=345326"}],"wp:term":[{"taxonomy":"category","embeddable":true,"href":"https:\/\/www.europesays.com\/fr\/wp-json\/wp\/v2\/categories?post=345326"},{"taxonomy":"post_tag","embeddable":true,"href":"https:\/\/www.europesays.com\/fr\/wp-json\/wp\/v2\/tags?post=345326"}],"curies":[{"name":"wp","href":"https:\/\/api.w.org\/{rel}","templated":true}]}}