{"id":345329,"date":"2025-08-26T14:13:22","date_gmt":"2025-08-26T14:13:22","guid":{"rendered":"https:\/\/www.europesays.com\/fr\/345329\/"},"modified":"2025-08-26T14:13:22","modified_gmt":"2025-08-26T14:13:22","slug":"mobilisez-vous-pour-le-don-de-sang-le-4-septembre","status":"publish","type":"post","link":"https:\/\/www.europesays.com\/fr\/345329\/","title":{"rendered":"Mobilisez-vous pour le don de sang le 4 septembre !"},"content":{"rendered":"<p data-start=\"570\" data-end=\"821\">En offrant quelques minutes de votre temps, vous pouvez contribuer \u00e0 sauver jusqu\u2019\u00e0 trois vies. Que vous soyez un donneur r\u00e9gulier ou que ce soit votre premi\u00e8re fois, vous serez accompagn\u00e9 par une \u00e9quipe m\u00e9dicale dans un cadre s\u00e9curis\u00e9 et convivial.<\/p>\n<p data-start=\"823\" data-end=\"996\"><strong>Avant de venir :<\/strong><br data-start=\"839\" data-end=\"842\"\/>\u2714\ufe0f Hydratez-vous bien.<br data-start=\"864\" data-end=\"867\"\/>\u2714\ufe0f Prenez un repas l\u00e9ger.<br data-start=\"892\" data-end=\"895\"\/>\u2714\ufe0f Pr\u00e9voyez environ une heure pour tout le processus, de l\u2019accueil au moment de repos apr\u00e8s le don.<\/p>\n<p data-start=\"823\" data-end=\"996\">\ud83d\udccd\u00a0<strong data-start=\"485\" data-end=\"493\">Lieu<\/strong>\u00a0: Th\u00e9\u00e2tre Pierre de Roubaix<br data-start=\"521\" data-end=\"524\"\/>\ud83d\udd52\u00a0<strong data-start=\"527\" data-end=\"539\">Horaires<\/strong>\u00a0: 10h30 \u00e0 13h et 15h \u00e0 19h<\/p>\n<p data-start=\"998\" data-end=\"1070\"><a href=\"https:\/\/dondesang.efs.sante.fr\/trouver-une-collecte\/138300\/sang\" rel=\"nofollow noopener\" target=\"_blank\">Prenez rendez-vous d\u00e8s maintenant pour faciliter votre accueil.<\/a><\/p>\n<p data-start=\"1072\" data-end=\"1259\">Donner son sang, c\u2019est un acte simple, rapide, mais essentiel. Ensemble, relevons le d\u00e9fi de la solidarit\u00e9. Nous comptons sur vous le jeudi 4 septembre au Th\u00e9\u00e2tre Pierre de Roubaix.<\/p>\n","protected":false},"excerpt":{"rendered":"En offrant quelques minutes de votre temps, vous pouvez contribuer \u00e0 sauver jusqu\u2019\u00e0 trois vies. Que vous soyez&hellip;\n","protected":false},"author":2,"featured_media":345330,"comment_status":"","ping_status":"","sticky":false,"template":"","format":"standard","meta":{"footnotes":""},"categories":[2815],"tags":[1111,11,10957,1777,674,1011,27,811,1307,12,25,7233],"class_list":{"0":"post-345329","1":"post","2":"type-post","3":"status-publish","4":"format-standard","5":"has-post-thumbnail","7":"category-lille","8":"tag-actu","9":"tag-actualites","10":"tag-collecte","11":"tag-eu","12":"tag-europe","13":"tag-fr","14":"tag-france","15":"tag-hauts-de-france","16":"tag-lille","17":"tag-news","18":"tag-republique-francaise","19":"tag-sang"},"share_on_mastodon":{"url":"https:\/\/pubeurope.com\/@fr\/115095483487027899","error":""},"_links":{"self":[{"href":"https:\/\/www.europesays.com\/fr\/wp-json\/wp\/v2\/posts\/345329","targetHints":{"allow":["GET"]}}],"collection":[{"href":"https:\/\/www.europesays.com\/fr\/wp-json\/wp\/v2\/posts"}],"about":[{"href":"https:\/\/www.europesays.com\/fr\/wp-json\/wp\/v2\/types\/post"}],"author":[{"embeddable":true,"href":"https:\/\/www.europesays.com\/fr\/wp-json\/wp\/v2\/users\/2"}],"replies":[{"embeddable":true,"href":"https:\/\/www.europesays.com\/fr\/wp-json\/wp\/v2\/comments?post=345329"}],"version-history":[{"count":0,"href":"https:\/\/www.europesays.com\/fr\/wp-json\/wp\/v2\/posts\/345329\/revisions"}],"wp:featuredmedia":[{"embeddable":true,"href":"https:\/\/www.europesays.com\/fr\/wp-json\/wp\/v2\/media\/345330"}],"wp:attachment":[{"href":"https:\/\/www.europesays.com\/fr\/wp-json\/wp\/v2\/media?parent=345329"}],"wp:term":[{"taxonomy":"category","embeddable":true,"href":"https:\/\/www.europesays.com\/fr\/wp-json\/wp\/v2\/categories?post=345329"},{"taxonomy":"post_tag","embeddable":true,"href":"https:\/\/www.europesays.com\/fr\/wp-json\/wp\/v2\/tags?post=345329"}],"curies":[{"name":"wp","href":"https:\/\/api.w.org\/{rel}","templated":true}]}}