{"id":345333,"date":"2025-08-26T14:15:14","date_gmt":"2025-08-26T14:15:14","guid":{"rendered":"https:\/\/www.europesays.com\/fr\/345333\/"},"modified":"2025-08-26T14:15:14","modified_gmt":"2025-08-26T14:15:14","slug":"rtm-a-marseille-de-nombreuses-stations-de-tramway-fermees-durgence-ce-quil-se-passe","status":"publish","type":"post","link":"https:\/\/www.europesays.com\/fr\/345333\/","title":{"rendered":"RTM \u00e0 Marseille. De nombreuses stations de tramway ferm\u00e9es d&rsquo;urgence, ce qu&rsquo;il se passe"},"content":{"rendered":"<p>            Par<br \/>\n        <strong><br \/>\n            <a href=\"https:\/\/actu.fr\/auteur\/thibault-nadal-actu-fr\" title=\"Consulter tous les articles de Thibault Nadal\" rel=\"nofollow noopener\" target=\"_blank\">Thibault Nadal<\/a><br \/>\n        <\/strong><\/p>\n<p>        Publi\u00e9 le<\/p>\n<p>            26 ao\u00fbt 2025 \u00e0 15h21<br \/>\n        ; mis \u00e0 jour le 26 ao\u00fbt 2025 \u00e0 16h08    <\/p>\n<p>MAJ \u00e0 16h10\u2009: L\u2019incident est termin\u00e9, la RTM annonce un retour progressif \u00e0 la normale.<\/p>\n<p class=\" wall-content\">Il ne fait pas bon de prendre le tramway en ce mardi 26\u00a0ao\u00fbt. Selon <a href=\"https:\/\/actu.fr\/tag\/rtm\" rel=\"nofollow noopener\" target=\"_blank\">la R\u00e9gie des transports m\u00e9tropolitains<\/a> (RTM), depuis le d\u00e9but de l\u2019apr\u00e8s-midi, <strong>huit stations du T2<\/strong> ne sont plus desservies et <strong>le T3 ne circule plus sur l\u2019ensemble de la ligne<\/strong>.<\/p>\n<p class=\" wall-content\">Voici ce qu\u2019il se passe.<\/p>\n<p>Une avarie et un accident<\/p>\n<p class=\" wall-content\">Un peu avant 15h ce mardi apr\u00e8s-midi, la RTM a r\u00e9v\u00e9l\u00e9 que deux de ses lignes \u00e9taient impact\u00e9es par deux incidents distincts\u2009: <strong>\u00ab\u2009une rame en avarie station Sadi Carnot\u2009\u00bb<\/strong> et \u00ab\u2009<a href=\"https:\/\/actu.fr\/tag\/accident\" rel=\"nofollow noopener\" target=\"_blank\">un accident<\/a> avec un tiers,<strong> rue de Rome<\/strong>\u2009\u00bb.<\/p>\n<p class=\" wall-content\">Huit stations du T2 ne circulent plus\u2009: Arenc Le Silo, Eurom\u00e9diterran\u00e9e Gant\u00e8s, Joliette, R\u00e9publique Dames, Sadi Carnot, Belsunce Alcazar, Canebi\u00e8re Capucins et Canebi\u00e8re Garibaldi. \u00ab\u2009La ligne circule uniquement entre R\u00e9form\u00e9s Canebi\u00e8re et La Blancarde\u2009\u00bb, pr\u00e9cise la RTM.<\/p>\n<p class=\" wall-content\">Concernant le T3, <strong>la ligne est totalement interrompue<\/strong>.<\/p>\n<p class=\" wall-content\">\n<p class=\" wall-content\">\u00ab\u2009Nous vous tiendrons inform\u00e9s de l\u2019\u00e9volution de la situation\u2009\u00bb, conclut la RTM.<\/p>\n<p class=\" wall-content\">Personnalisez votre actualit\u00e9 en ajoutant vos villes et m\u00e9dias en favori avec <a href=\"https:\/\/moncompte.actu.fr\" title=\"D\u00e9couvez Mon Actu\" rel=\"nofollow noopener\" data-trk=\"{&quot;cta&quot;:{&quot;action&quot;:&quot;https:\\\/\\\/moncompte.actu.fr&quot;,&quot;category&quot;:&quot;mon compte&quot;,&quot;from&quot;:&quot;article footer&quot;,&quot;name&quot;:&quot;Mon actu&quot;,&quot;type&quot;:&quot;cta&quot;}}\" target=\"_blank\">Mon Actu<\/a>.<\/p>\n","protected":false},"excerpt":{"rendered":"Par Thibault Nadal Publi\u00e9 le 26 ao\u00fbt 2025 \u00e0 15h21 ; mis \u00e0 jour le 26 ao\u00fbt 2025&hellip;\n","protected":false},"author":2,"featured_media":96526,"comment_status":"","ping_status":"","sticky":false,"template":"","format":"standard","meta":{"footnotes":""},"categories":[2814],"tags":[119,1111,11,1777,674,1011,27,884,12,882,25,10783,104,2803],"class_list":{"0":"post-345333","1":"post","2":"type-post","3":"status-publish","4":"format-standard","5":"has-post-thumbnail","7":"category-marseille","8":"tag-accident","9":"tag-actu","10":"tag-actualites","11":"tag-eu","12":"tag-europe","13":"tag-fr","14":"tag-france","15":"tag-marseille","16":"tag-news","17":"tag-provence-alpes-cote-dazur","18":"tag-republique-francaise","19":"tag-rtm","20":"tag-societe","21":"tag-transport"},"share_on_mastodon":{"url":"https:\/\/pubeurope.com\/@fr\/115095491467447797","error":""},"_links":{"self":[{"href":"https:\/\/www.europesays.com\/fr\/wp-json\/wp\/v2\/posts\/345333","targetHints":{"allow":["GET"]}}],"collection":[{"href":"https:\/\/www.europesays.com\/fr\/wp-json\/wp\/v2\/posts"}],"about":[{"href":"https:\/\/www.europesays.com\/fr\/wp-json\/wp\/v2\/types\/post"}],"author":[{"embeddable":true,"href":"https:\/\/www.europesays.com\/fr\/wp-json\/wp\/v2\/users\/2"}],"replies":[{"embeddable":true,"href":"https:\/\/www.europesays.com\/fr\/wp-json\/wp\/v2\/comments?post=345333"}],"version-history":[{"count":0,"href":"https:\/\/www.europesays.com\/fr\/wp-json\/wp\/v2\/posts\/345333\/revisions"}],"wp:featuredmedia":[{"embeddable":true,"href":"https:\/\/www.europesays.com\/fr\/wp-json\/wp\/v2\/media\/96526"}],"wp:attachment":[{"href":"https:\/\/www.europesays.com\/fr\/wp-json\/wp\/v2\/media?parent=345333"}],"wp:term":[{"taxonomy":"category","embeddable":true,"href":"https:\/\/www.europesays.com\/fr\/wp-json\/wp\/v2\/categories?post=345333"},{"taxonomy":"post_tag","embeddable":true,"href":"https:\/\/www.europesays.com\/fr\/wp-json\/wp\/v2\/tags?post=345333"}],"curies":[{"name":"wp","href":"https:\/\/api.w.org\/{rel}","templated":true}]}}