{"id":345338,"date":"2025-08-26T14:18:09","date_gmt":"2025-08-26T14:18:09","guid":{"rendered":"https:\/\/www.europesays.com\/fr\/345338\/"},"modified":"2025-08-26T14:18:09","modified_gmt":"2025-08-26T14:18:09","slug":"lyon-cette-superette-ne-respecte-pas-les-regles-la-prefecture-hausse-le-ton","status":"publish","type":"post","link":"https:\/\/www.europesays.com\/fr\/345338\/","title":{"rendered":"Lyon. Cette sup\u00e9rette ne respecte pas les r\u00e8gles, la pr\u00e9fecture hausse le ton"},"content":{"rendered":"<p>            Par<br \/>\n        <strong><br \/>\n            <a href=\"https:\/\/actu.fr\/auteur\/theo-zuili\" title=\"Consulter tous les articles de Th\u00e9o Zuili\" target=\"_blank\" rel=\"noopener\">Th\u00e9o Zuili<\/a><br \/>\n        <\/strong><\/p>\n<p>        Publi\u00e9 le<\/p>\n<p>            26 ao\u00fbt 2025 \u00e0 16h15        <\/p>\n<p><strong>INFO ACTU LYON.<\/strong> Une petite sup\u00e9rette de proximit\u00e9 situ\u00e9e rue Paul Bert, dans le 3\u1d49 arrondissement de <a href=\"https:\/\/actu.fr\/auvergne-rhone-alpes\/lyon_69123\" target=\"_blank\" rel=\"noopener\">Lyon<\/a>, est <strong>une nouvelle fois<\/strong> forc\u00e9e de baisser ses rideaux par la <a href=\"https:\/\/actu.fr\/tag\/prefecture-du-rhone\" target=\"_blank\" rel=\"noopener\">pr\u00e9fecture du Rh\u00f4ne<\/a>.<br \/>Dans le collimateur des autorit\u00e9s en raison de plusieurs infractions constat\u00e9es par la police municipale, l\u2019\u00e9tablissement fait l\u2019objet d\u2019un deuxi\u00e8me arr\u00eat\u00e9 pr\u00e9fectoral de fermeture administrative en pr\u00e8s de deux ans.<\/p>\n<p class=\" wall-content\">Cette fois, le magasin\u00a0\u00ab\u00a0Express City\u00a0\u00bb doit fermer deux semaines <strong>\u00e0 compter du 22 ao\u00fbt<\/strong> 2025.<\/p>\n<p>Deux fermetures en deux ans<\/p>\n<p class=\" wall-content\">L\u2019enseigne Express City (\u00e0 ne pas confondre avec les magasins de la marque Carrefour) de la rue Paul-Bert avait cumul\u00e9 les infractions : en f\u00e9vrier 2024, la pr\u00e9fecture du Rh\u00f4ne avait prononc\u00e9 <a href=\"https:\/\/actu.fr\/auvergne-rhone-alpes\/lyon_69123\/lyon-un-carrefour-express-ferme-par-la-prefecture-a-cause-d-activites-douteuses_60732176.html\" target=\"_blank\" rel=\"noopener\">sa fermeture pour une semaine<\/a> en raison de la <strong>vente illicite de cigarettes<\/strong>, l\u2019accessibilit\u00e9 au rayon des boissons alcooliques et la vente d\u2019alcool apr\u00e8s 21h, ainsi que la pr\u00e9sence d\u2019un \u00ab\u00a0tr\u00e8s gros couteau \u00e0 la port\u00e9e des clients\u00a0\u00bb.<\/p>\n<p>    <a href=\"https:\/\/www.google.com\/maps\/embed?pb=!1m18!1m12!1m3!1d1655.2139250852706!2d4.849039765088675!3d45.75662048027938!2m3!1f0!2f0!3f0!3m2!1i1024!2i768!4f13.1!3m3!1m2!1s0x47f4ebcc7af39ae5%3A0x10e365ba11c4717f!2sExpress%20city!5e0!3m2!1sfr!2sfr!4v1756216013650!5m2!1sfr!2sfr\" title=\"Ouvrie le lien\" target=\"_blank\" rel=\"noopener\">Cliquez ici pour visualiser le contenu<\/a><\/p>\n<p class=\" wall-content\">Un an plus tard, le couteau et les cigarettes avaient bien \u00e9t\u00e9 retir\u00e9s par le propri\u00e9taire, mais les forces de l\u2019ordre ont \u00e0 nouveau constat\u00e9 des <strong>ventes d\u2019alcool<\/strong> \u00e0 emporter <strong>apr\u00e8s 21h<\/strong>. Une activit\u00e9 ill\u00e9gale depuis un arr\u00eat\u00e9 pr\u00e9fectoral de f\u00e9vrier 2022.<\/p>\n<p>Une vente d\u2019alcool apr\u00e8s 21h<\/p>\n<p class=\" wall-content\">Rebelote en juin 2025 malgr\u00e9 l\u2019avertissement : le propri\u00e9taire est alors somm\u00e9 de livrer \u00ab\u00a0des explications\u00a0\u00bb \u00e0 la pr\u00e9f\u00e8te du Rh\u00f4ne tandis que cette activit\u00e9 illicite \u00ab\u00a0cause des<strong> troubles \u00e0 l\u2019ordre<\/strong>, la s\u00e9curit\u00e9 et la tranquillit\u00e9 publics\u00a0\u00bb.<\/p>\n<p class=\" wall-content\">La pr\u00e9fecture n\u2019a jamais re\u00e7u de justification du g\u00e9rant et a donc d\u00e9cid\u00e9 d\u2019agir une nouvelle fois avec une m\u00e9thode qui a d\u00e9j\u00e0 port\u00e9 ses fruits. \u00c0 compter du 22 ao\u00fbt, le g\u00e9rant est forc\u00e9 de baisser ses rideaux deux semaines.<\/p>\n<p class=\" wall-content\">Personnalisez votre actualit\u00e9 en ajoutant vos villes et m\u00e9dias en favori avec <a href=\"https:\/\/moncompte.actu.fr\" title=\"D\u00e9couvez Mon Actu\" rel=\"nofollow noopener\" data-trk=\"{&quot;cta&quot;:{&quot;action&quot;:&quot;https:\\\/\\\/moncompte.actu.fr&quot;,&quot;category&quot;:&quot;mon compte&quot;,&quot;from&quot;:&quot;article footer&quot;,&quot;name&quot;:&quot;Mon actu&quot;,&quot;type&quot;:&quot;cta&quot;}}\" target=\"_blank\">Mon Actu<\/a>.<\/p>\n","protected":false},"excerpt":{"rendered":"Par Th\u00e9o Zuili Publi\u00e9 le 26 ao\u00fbt 2025 \u00e0 16h15 INFO ACTU LYON. Une petite sup\u00e9rette de proximit\u00e9&hellip;\n","protected":false},"author":2,"featured_media":345339,"comment_status":"","ping_status":"","sticky":false,"template":"","format":"standard","meta":{"footnotes":""},"categories":[1889],"tags":[1111,11,5702,2430,1777,674,118,1011,27,2428,12,9450,25],"class_list":{"0":"post-345338","1":"post","2":"type-post","3":"status-publish","4":"format-standard","5":"has-post-thumbnail","7":"category-lyon","8":"tag-actu","9":"tag-actualites","10":"tag-alcool","11":"tag-auvergne-rhone-alpes","12":"tag-eu","13":"tag-europe","14":"tag-faits-divers","15":"tag-fr","16":"tag-france","17":"tag-lyon","18":"tag-news","19":"tag-prefecture-du-rhone","20":"tag-republique-francaise"},"share_on_mastodon":{"url":"https:\/\/pubeurope.com\/@fr\/115095503069676298","error":""},"_links":{"self":[{"href":"https:\/\/www.europesays.com\/fr\/wp-json\/wp\/v2\/posts\/345338","targetHints":{"allow":["GET"]}}],"collection":[{"href":"https:\/\/www.europesays.com\/fr\/wp-json\/wp\/v2\/posts"}],"about":[{"href":"https:\/\/www.europesays.com\/fr\/wp-json\/wp\/v2\/types\/post"}],"author":[{"embeddable":true,"href":"https:\/\/www.europesays.com\/fr\/wp-json\/wp\/v2\/users\/2"}],"replies":[{"embeddable":true,"href":"https:\/\/www.europesays.com\/fr\/wp-json\/wp\/v2\/comments?post=345338"}],"version-history":[{"count":0,"href":"https:\/\/www.europesays.com\/fr\/wp-json\/wp\/v2\/posts\/345338\/revisions"}],"wp:featuredmedia":[{"embeddable":true,"href":"https:\/\/www.europesays.com\/fr\/wp-json\/wp\/v2\/media\/345339"}],"wp:attachment":[{"href":"https:\/\/www.europesays.com\/fr\/wp-json\/wp\/v2\/media?parent=345338"}],"wp:term":[{"taxonomy":"category","embeddable":true,"href":"https:\/\/www.europesays.com\/fr\/wp-json\/wp\/v2\/categories?post=345338"},{"taxonomy":"post_tag","embeddable":true,"href":"https:\/\/www.europesays.com\/fr\/wp-json\/wp\/v2\/tags?post=345338"}],"curies":[{"name":"wp","href":"https:\/\/api.w.org\/{rel}","templated":true}]}}