{"id":345344,"date":"2025-08-26T14:22:13","date_gmt":"2025-08-26T14:22:13","guid":{"rendered":"https:\/\/www.europesays.com\/fr\/345344\/"},"modified":"2025-08-26T14:22:13","modified_gmt":"2025-08-26T14:22:13","slug":"le-parquet-de-paris-ouvre-une-enquete-sur-la-plateforme-kick-2","status":"publish","type":"post","link":"https:\/\/www.europesays.com\/fr\/345344\/","title":{"rendered":"Le parquet de Paris ouvre une enqu\u00eate sur la plateforme Kick"},"content":{"rendered":"<p><strong>r\u00e9seaux sociaux &#8211; D\u00e9j\u00e0 cible de critiques, la plateforme de streaming Kick est d\u00e9sormais aussi vis\u00e9e par une enqu\u00eate du parquet de Paris pour d\u00e9terminer si elle autorise plus g\u00e9n\u00e9ralement des pratiques ill\u00e9gales<\/strong><\/p>\n<p>La procureure de <a href=\"https:\/\/www.20minutes.fr\/paris\/?at_medium=RSS%20feed&amp;at_campaign=ynews&amp;utm_source=yahoo&amp;utm_medium=rss&amp;utm_campaign=news_feed&amp;utm_content=in_article_link\" rel=\"nofollow noopener\" target=\"_blank\" data-ylk=\"slk:Paris;elm:context_link;itc:0;sec:content-canvas\" class=\"link \">Paris <\/a>a annonc\u00e9, ce mardi, l\u2019ouverture d\u2019une enqu\u00eate sur les pratiques de la <a href=\"https:\/\/www.20minutes.fr\/high-tech\/4169018-20250822-mort-direct-jean-pormanove-cache-derriere-plateforme-australienne-streaming-kick?at_medium=RSS%20feed&amp;at_campaign=ynews&amp;utm_source=yahoo&amp;utm_medium=rss&amp;utm_campaign=news_feed&amp;utm_content=in_article_link\" rel=\"nofollow noopener\" target=\"_blank\" data-ylk=\"slk:plateforme de streaming Kick;elm:context_link;itc:0;sec:content-canvas\" class=\"link \">plateforme de streaming Kick<\/a>. Cette proc\u00e9dure est ouverte en parall\u00e8le \u00e0 celle d\u00e9j\u00e0 men\u00e9e par le parquet de Nice pour \u00e9claircir les circonstances du d\u00e9c\u00e8s en direct du <a href=\"https:\/\/www.20minutes.fr\/high-tech\/by-the-web\/4168476-20250819-createur-contenu-jean-pormanove-meurt-direct-stream?at_medium=RSS%20feed&amp;at_campaign=ynews&amp;utm_source=yahoo&amp;utm_medium=rss&amp;utm_campaign=news_feed&amp;utm_content=in_article_link\" rel=\"nofollow noopener\" target=\"_blank\" data-ylk=\"slk:streamer Jean Pormanove;elm:context_link;itc:0;sec:content-canvas\" class=\"link \">streamer Jean Pormanove<\/a>.<\/p>\n<p>Cette nouvelle enqu\u00eate a \u00e9t\u00e9 ouverte lundi \u00ab\u00a0du chef de fourniture en bande organis\u00e9e de plateforme en ligne illicite\u00a0\u00bb, pour d\u00e9terminer notamment si Kick a diffus\u00e9 \u00ab\u00a0en connaissance de cause\u00a0\u00bb des \u00ab\u00a0vid\u00e9os d\u2019atteintes volontaires \u00e0 l\u2019int\u00e9grit\u00e9 de la personne\u00a0\u00bb, a annonc\u00e9 la procureure Laure Beccuau dans un communiqu\u00e9.<\/p>\n<p>Des entorses \u00e0 la r\u00e9glementation europ\u00e9enne ?<\/p>\n<p>Les enqu\u00eateurs chercheront \u00e9galement \u00e0 d\u00e9terminer si la plateforme australienne respecte la r\u00e9glementation europ\u00e9enne sur les services num\u00e9riques (DSA). Si des manquements \u00e9taient observ\u00e9s, les responsables de Kick encourent une peine de 10 ans de prison et 1\u00a0million d\u2019euros d\u2019amende.<\/p>\n<p>Rapha\u00ebl Graven, 46 ans, connu sous le pseudo Jean Pormanove, est d\u00e9c\u00e9d\u00e9 pr\u00e8s de Nice lors d\u2019une diffusion en direct, le 18\u00a0ao\u00fbt, sur la plateforme de vid\u00e9os australienne Kick. Un drame survenu apr\u00e8s plus de 12 jours de direct le montrant, ainsi qu\u2019un autre homme, violent\u00e9 et humili\u00e9 par deux personnes.<\/p>\n<p>Suivie par pr\u00e8s de 200.000 personnes, la cha\u00eene \u00ab\u00a0Jeanpormanove\u00a0\u00bb montrait depuis des mois Rapha\u00ebl Graven se faire insulter, frapper, tirer les cheveux, menacer ou encore tirer dessus sans protection avec des projectiles de paintball. Des contenus sc\u00e9nar(&#8230;)<\/p>\n<p><a href=\"https:\/\/www.20minutes.fr\/societe\/4169592-20250826-mort-jean-pormanove-parquet-paris-ouvre-enquete-plateforme-kick?at_medium=RSS%20feed&amp;at_campaign=ynews&amp;utm_source=yahoo&amp;utm_medium=rss&amp;utm_campaign=news_feed&amp;utm_content=read_more_link&quot;\" rel=\"nofollow noopener\" target=\"_blank\" data-ylk=\"slk:Lire la suite sur 20minutes;elm:context_link;itc:0;sec:content-canvas\" class=\"link \">Lire la suite sur 20minutes<\/a><\/p>\n<p>\u00c0 lire aussi :<br \/><a href=\"https:\/\/www.20minutes.fr\/high-tech\/4169018-20250822-mort-direct-jean-pormanove-cache-derriere-plateforme-australienne-streaming-kick?at_medium=RSS%20feed&amp;at_campaign=ynews&amp;utm_source=yahoo&amp;utm_medium=rss&amp;utm_campaign=news_feed&amp;utm_content=related_content_link\" rel=\"nofollow noopener\" target=\"_blank\" data-ylk=\"slk:Mort en direct de Jean Pormanove\u00a0: Qui se cache derri\u00e8re la plateforme australienne de streaming Kick\u00a0?;elm:context_link;itc:0;sec:content-canvas\" class=\"link \">Mort en direct de Jean Pormanove\u00a0: Qui se cache derri\u00e8re la plateforme australienne de streaming Kick\u00a0?<\/a><br \/><a href=\"https:\/\/www.20minutes.fr\/politique\/4169423-20250825-mort-jean-pormanove-kick-fais-combat-lance-clara-chappaz-ministre-numerique?at_medium=RSS%20feed&amp;at_campaign=ynews&amp;utm_source=yahoo&amp;utm_medium=rss&amp;utm_campaign=news_feed&amp;utm_content=related_content_link\" rel=\"nofollow noopener\" target=\"_blank\" data-ylk=\"slk:Mort de Jean Pormanove\u00a0: \u00ab\u00a0Kick, j\u2019en fais mon combat\u00a0\u00bb, lance Clara Chappaz, la ministre du Num\u00e9rique;elm:context_link;itc:0;sec:content-canvas\" class=\"link \">Mort de Jean Pormanove\u00a0: \u00ab\u00a0Kick, j\u2019en fais mon combat\u00a0\u00bb, lance Clara Chappaz, la ministre du Num\u00e9rique<\/a><\/p>\n","protected":false},"excerpt":{"rendered":"r\u00e9seaux sociaux &#8211; D\u00e9j\u00e0 cible de critiques, la plateforme de streaming Kick est d\u00e9sormais aussi vis\u00e9e par une&hellip;\n","protected":false},"author":2,"featured_media":345345,"comment_status":"","ping_status":"","sticky":false,"template":"","format":"standard","meta":{"footnotes":""},"categories":[1888],"tags":[1111,1928,11,1927,1777,674,1011,27,47018,47019,8017,33238,12,1926,626,1925,25],"class_list":{"0":"post-345344","1":"post","2":"type-post","3":"status-publish","4":"format-standard","5":"has-post-thumbnail","7":"category-paris","8":"tag-actu","9":"tag-actu-paris","10":"tag-actualites","11":"tag-actualites-paris","12":"tag-eu","13":"tag-europe","14":"tag-fr","15":"tag-france","16":"tag-jean-pormanove","17":"tag-kick","18":"tag-la-plateforme","19":"tag-laure-beccuau","20":"tag-news","21":"tag-news-paris","22":"tag-paris","23":"tag-paris-news","24":"tag-republique-francaise"},"share_on_mastodon":{"url":"https:\/\/pubeurope.com\/@fr\/115095518925056552","error":""},"_links":{"self":[{"href":"https:\/\/www.europesays.com\/fr\/wp-json\/wp\/v2\/posts\/345344","targetHints":{"allow":["GET"]}}],"collection":[{"href":"https:\/\/www.europesays.com\/fr\/wp-json\/wp\/v2\/posts"}],"about":[{"href":"https:\/\/www.europesays.com\/fr\/wp-json\/wp\/v2\/types\/post"}],"author":[{"embeddable":true,"href":"https:\/\/www.europesays.com\/fr\/wp-json\/wp\/v2\/users\/2"}],"replies":[{"embeddable":true,"href":"https:\/\/www.europesays.com\/fr\/wp-json\/wp\/v2\/comments?post=345344"}],"version-history":[{"count":0,"href":"https:\/\/www.europesays.com\/fr\/wp-json\/wp\/v2\/posts\/345344\/revisions"}],"wp:featuredmedia":[{"embeddable":true,"href":"https:\/\/www.europesays.com\/fr\/wp-json\/wp\/v2\/media\/345345"}],"wp:attachment":[{"href":"https:\/\/www.europesays.com\/fr\/wp-json\/wp\/v2\/media?parent=345344"}],"wp:term":[{"taxonomy":"category","embeddable":true,"href":"https:\/\/www.europesays.com\/fr\/wp-json\/wp\/v2\/categories?post=345344"},{"taxonomy":"post_tag","embeddable":true,"href":"https:\/\/www.europesays.com\/fr\/wp-json\/wp\/v2\/tags?post=345344"}],"curies":[{"name":"wp","href":"https:\/\/api.w.org\/{rel}","templated":true}]}}