{"id":345350,"date":"2025-08-26T14:25:13","date_gmt":"2025-08-26T14:25:13","guid":{"rendered":"https:\/\/www.europesays.com\/fr\/345350\/"},"modified":"2025-08-26T14:25:13","modified_gmt":"2025-08-26T14:25:13","slug":"gnl-brise-glaces-nucleaires-la-russie-et-les-etats-unis-ont-discute-daccords-energetiques-en-marge-des-pourparlers-sur-lukraine","status":"publish","type":"post","link":"https:\/\/www.europesays.com\/fr\/345350\/","title":{"rendered":"GNL, brise-glaces nucl\u00e9aires&#8230; La Russie et les Etats-Unis ont discut\u00e9 d\u2019accords \u00e9nerg\u00e9tiques en marge des pourparlers sur l&rsquo;Ukraine"},"content":{"rendered":"<p>&#13;<br \/>\n\tDes responsables am\u00e9ricains et russes ont discut\u00e9 au cours du mois de plusieurs accords \u00e9nerg\u00e9tiques, en marge des n\u00e9gociations de paix en Ukraine, selon Reuters qui \u00e9voque cinq sources proches du dossier. Ces accords visaient \u00e0 encourager le Kremlin \u00e0 accepter un accord de paix et \u00e0 inciter Washington \u00e0 all\u00e9ger certaines sanctions contre la Russie, selon les sources.<\/p>\n<p>&#13;<br \/>\n\tDepuis l\u2019invasion de l\u2019Ukraine en f\u00e9vrier 2022, les sanctions occidentales ont largement isol\u00e9 la Russie des accords et investissements internationaux dans son secteur \u00e9nerg\u00e9tique.<\/p>\n<p class=\"editoTitleType1 editoTitleType1--noBorder is-margin-0\">VOS <b>INDICES<\/b><\/p>\n<p>                source<br \/>\n                <img decoding=\"async\" src=\"https:\/\/www.europesays.com\/fr\/wp-content\/uploads\/2025\/05\/logo-indice-contations.png\" alt=\"Indices &amp; cotations\"\/><\/p>\n<p>&#13;<br \/>\n\tLes responsables ont \u00e9voqu\u00e9 le possible retour d\u2019Exxon Mobil dans le projet Sakhalin-1 en Russie, ainsi que l\u2019achat par la Russie de mat\u00e9riel am\u00e9ricain pour ses projets de GNL, comme Arctic LNG 2, soumis aux sanctions. Une autre id\u00e9e \u00e9tait que les \u00c9tats-Unis ach\u00e8tent des brise-glaces nucl\u00e9aires russes, selon Reuters. Les sources se sont exprim\u00e9es sous le couvert de l&rsquo;anonymat car elles n&rsquo;\u00e9taient pas autoris\u00e9es \u00e0 faire des d\u00e9clarations publiques sur les n\u00e9gociations.<\/p>\n<p>&#13;<br \/>\n\tTrump voulait \u00ab\u00a0un gros accord\u00a0\u00bb<\/p>\n<p>&#13;<br \/>\n\tLes discussions ont eu lieu lors du voyage de l\u2019envoy\u00e9 am\u00e9ricain Steve Witkoff \u00e0 Moscou, o\u00f9 il a rencontr\u00e9 Poutine et Kirill Dmitriev. Elles ont \u00e9galement \u00e9t\u00e9 abord\u00e9es \u00e0 la Maison blanche avec Donald Trump et bri\u00e8vement lors du sommet en l\u2019Alaska. \u00ab\u00a0La Maison blanche voulait annoncer un gros accord apr\u00e8s le sommet\u00a0\u00bb, a d\u00e9clar\u00e9 une source. \u00ab\u00a0C&rsquo;est ainsi que Trump a le sentiment d&rsquo;avoir accompli quelque chose.\u00a0\u00bb<\/p>\n<p>&#13;<br \/>\n\tLe pr\u00e9sident am\u00e9ricain et son \u00e9quipe continuent de dialoguer avec la Russie et l\u2019Ukraine pour mettre fin au conflit, a pr\u00e9cis\u00e9 un responsable de la Maison blanche.<\/p>\n<p>&#13;<br \/>\n\tExxon Mobil a refus\u00e9 de commenter, tandis que Rosneft et Novatek n\u2019ont pas r\u00e9pondu \u00e0 une demande de commentaire.<\/p>\n<p>&#13;<br \/>\n\tLors de sa rencontre avec Trump en Alaska le 15 ao\u00fbt, Vladimir Poutine avait sign\u00e9 un d\u00e9cret permettant aux investisseurs \u00e9trangers, dont Exxon Mobil, de r\u00e9cup\u00e9rer des parts dans Sakhalin-1, \u00e0 condition de soutenir la lev\u00e9e des sanctions occidentales. La part de la major p\u00e9troli\u00e8re am\u00e9ricaine avait \u00e9t\u00e9 saisie \u00e0 la suite de la sortie d&rsquo;Exxon Mobil de Russie en 2022.<\/p>\n<p>&#13;<br \/>\n\t<strong>Anna Hirtenstein et Marwa Rashad \u00e0 Londres ; avec Timothy Gardner \u00e0 Washington et Sheila Dang \u00e0 Houston ; version fran\u00e7aise No\u00e9mie Naudin, \u00e9dit\u00e9 par Augustin Turpin (Reuters)<\/strong><\/p>\n<p class=\"editoTitleType1 editoTitleType1--lagoon is-uppercase\">S\u00e9lectionn\u00e9 <b>pour vous<\/b><\/p>\n<p>                                                                            <a class=\"editoCardType21__link editoCardType21__containerImage\" href=\"https:\/\/www.usinenouvelle.com\/editorial\/l-industrie-allemande-aurait-detruit-pres-de-250000-emplois-depuis-2019-selon-une-etude-d-ey.N2236600\" data-xiti-name=\"2236600\" target=\"_blank\" rel=\"noopener\"><\/p>\n<p>                                                                                                                                                    <img decoding=\"async\" src=\"data:image\/gif;base64,R0lGODdhAQABAPAAAMPDwwAAACwAAAAAAQABAAACAkQBADs=\" data-original=\"\/mediatheque\/6\/8\/4\/001530486_256x170_c.JPG\" alt=\"L'industrie allemande aurait d\u00e9truit pr\u00e8s de 250000 emplois depuis 2019, selon une \u00e9tude d'EY\"\/><\/p>\n<p>                            <\/a><\/p>\n","protected":false},"excerpt":{"rendered":"&#13; Des responsables am\u00e9ricains et russes ont discut\u00e9 au cours du mois de plusieurs accords \u00e9nerg\u00e9tiques, en marge&hellip;\n","protected":false},"author":2,"featured_media":345351,"comment_status":"","ping_status":"","sticky":false,"template":"","format":"standard","meta":{"footnotes":""},"categories":[1591],"tags":[11,11291,893,1887,12,1885,1886,132,220],"class_list":{"0":"post-345350","1":"post","2":"type-post","3":"status-publish","4":"format-standard","5":"has-post-thumbnail","7":"category-russie","8":"tag-actualites","9":"tag-eco-social","10":"tag-energie","11":"tag-federation-de-russie","12":"tag-news","13":"tag-russia","14":"tag-russian-federation","15":"tag-russie","16":"tag-ukraine"},"share_on_mastodon":{"url":"https:\/\/pubeurope.com\/@fr\/115095530784689127","error":""},"_links":{"self":[{"href":"https:\/\/www.europesays.com\/fr\/wp-json\/wp\/v2\/posts\/345350","targetHints":{"allow":["GET"]}}],"collection":[{"href":"https:\/\/www.europesays.com\/fr\/wp-json\/wp\/v2\/posts"}],"about":[{"href":"https:\/\/www.europesays.com\/fr\/wp-json\/wp\/v2\/types\/post"}],"author":[{"embeddable":true,"href":"https:\/\/www.europesays.com\/fr\/wp-json\/wp\/v2\/users\/2"}],"replies":[{"embeddable":true,"href":"https:\/\/www.europesays.com\/fr\/wp-json\/wp\/v2\/comments?post=345350"}],"version-history":[{"count":0,"href":"https:\/\/www.europesays.com\/fr\/wp-json\/wp\/v2\/posts\/345350\/revisions"}],"wp:featuredmedia":[{"embeddable":true,"href":"https:\/\/www.europesays.com\/fr\/wp-json\/wp\/v2\/media\/345351"}],"wp:attachment":[{"href":"https:\/\/www.europesays.com\/fr\/wp-json\/wp\/v2\/media?parent=345350"}],"wp:term":[{"taxonomy":"category","embeddable":true,"href":"https:\/\/www.europesays.com\/fr\/wp-json\/wp\/v2\/categories?post=345350"},{"taxonomy":"post_tag","embeddable":true,"href":"https:\/\/www.europesays.com\/fr\/wp-json\/wp\/v2\/tags?post=345350"}],"curies":[{"name":"wp","href":"https:\/\/api.w.org\/{rel}","templated":true}]}}