{"id":345354,"date":"2025-08-26T14:27:13","date_gmt":"2025-08-26T14:27:13","guid":{"rendered":"https:\/\/www.europesays.com\/fr\/345354\/"},"modified":"2025-08-26T14:27:13","modified_gmt":"2025-08-26T14:27:13","slug":"craintes-sur-lindependance-de-la-fed-alleger-les-marches-et-acheter-des-bitcoins-par-john-plassard-26-08","status":"publish","type":"post","link":"https:\/\/www.europesays.com\/fr\/345354\/","title":{"rendered":"Craintes sur l&rsquo;ind\u00e9pendance de la FED, all\u00e9ger les march\u00e9s&#8230; et acheter des Bitcoins ? par John Plassard \u2013 26\/08"},"content":{"rendered":"<p>Ce mardi 26 ao\u00fbt, Arnaud Girod, responsable de la Strat\u00e9gie Kepler Chevreux, s&rsquo;est pench\u00e9 sur les secteurs de la banque et de la d\u00e9fense qui sont victimes du retour de l&rsquo;instabilit\u00e9 politique, et la hausse du luxe malgr\u00e9 l&rsquo;incertitude politique, dans l&rsquo;\u00e9mission BFM Bourse pr\u00e9sent\u00e9e par Guillaume Sommerer. BFM Bourse est \u00e0 voir ou \u00e9couter du lundi au vendredi sur BFM Business.<\/p>\n<p>Ce mardi 26 ao\u00fbt, Antoine Larigaudrie, journlaiste BFM Business, John Plassard, associ\u00e9, responsable de la strat\u00e9gie d\u2019investissement de Cit\u00e9 Gestion, Aymeric Gestaldi, g\u00e9rant actions internationales chez Edmond de Rothschild AM, Eric Lewin, pr\u00e9sident de EL Finance, Julie Cohen-Heurton, journaliste BFM Business, et Alexandre Tixier, analyste pour le site BFM Bourse, \u00e9taient les invit\u00e9s de l&rsquo;\u00e9mission BFM Bourse pr\u00e9sent\u00e9e par Guillaume Sommerer. BFM Bourse est \u00e0 voir ou \u00e9couter du lundi au vendredi sur BFM Business.<\/p>\n<p>Ce mardi 26 ao\u00fbt, Eric Lewin, pr\u00e9sident de EL Finance, a r\u00e9pondu \u00e0 la question \u00ab Engie se distingue en Bourse significativement depuis plusieurs ann\u00e9es. \u00c0 quoi est-ce d\u00fb ? Est-ce le moment de vendre ou faut-il encore attendre un peu ? \u00bb dans la chronique Culture Bourse pr\u00e9sent\u00e9e par Julie Cohen-Heurton. BFM Bourse est \u00e0 voir ou \u00e9couter du lundi au vendredi sur BFM Business.<\/p>\n<p>Ce mardi 26 ao\u00fbt, g\u00e9rant actions internationales chez Edmond de Rothschild AM, s&rsquo;est pench\u00e9 sur l&rsquo;imposition du mouvement de l&rsquo;\u00e9tatisme aux \u00c9tats-Unis, dont la prise du contr\u00f4le de la Fed et d&rsquo;Intel par l&rsquo;\u00c9tat am\u00e9ricain, puis la publication \u00e0 venir des r\u00e9sultats de Nvidia, et le sursis du gouvernement de Bayrou avec son budget, dans l&rsquo;\u00e9mission BFM Bourse pr\u00e9sent\u00e9e par Guillaume Sommerer. BFM Bourse est \u00e0 voir ou \u00e9couter du lundi au vendredi sur BFM Business.<\/p>\n<p>Ce lundi 25 ao\u00fbt, Antoine Larigaudrie, journaliste BFM Business, John Plassard, associ\u00e9, responsable de la strat\u00e9gie d&rsquo;investissement de Cit\u00e9 Gestion, \u00c9ric Bleines, directeur de la gestion Actions chez SwissLife Gestion Priv\u00e9e, Bertrand Lamielle, directeur g\u00e9n\u00e9ral de Portzamparc Gestion, Julie Cohen-Heurton, journaliste BFM Business, Alexis Chebli, g\u00e9rant &#8211; analyste chez Gestion 21, Florian Ielpo, en charge de la macro\u00e9conomie chez Lombard Odier IM, Stanislas de Bailliencourt, g\u00e9rant chez Sycomore Asset Management, Julien Marion, journaliste BFM Business, Romain Daubry, consultant pour Bourse Direct, Marc Girault, co-fondateur de HMG, Jeanne Asseraf-Bitton, responsable de la recherche et strat\u00e9gie chez BFT-IM, Guillaume Gerino, directeur de la gestion chez Carlton S\u00e9lection, et \u00c9ric Lewin, pr\u00e9sident de EL Finance, \u00e9taient les invit\u00e9s de l&rsquo;\u00e9mission BFM Bourse pr\u00e9sent\u00e9e par Guillaume Sommerer. BFM Bourse est \u00e0 voir ou \u00e9couter du lundi au vendredi sur BFM Business.<\/p>\n<p>Ce lundi 25 ao\u00fbt , \u00c9ric Lewin, pr\u00e9sident de El Finance, a d\u00e9brief\u00e9 la s\u00e9ance du jour, dans l&rsquo;\u00e9mission BFM Bourse pr\u00e9sent\u00e9e par Guillaume Sommerer. BFM Bourse est \u00e0 voir ou \u00e9couter du lundi au vendredi sur BFM Business.<\/p>\n<p>Ce lundi 25 ao\u00fbt, Jeanne Asseraf-Bitton, responsable de la recherche et strat\u00e9gie chez BFT-IM, et Guillaume Gerino, directeur de la gestion pour Carlton S\u00e9lection, \u00e9taient les invit\u00e9s de l&rsquo;\u00e9mission BFM Bourse pr\u00e9sent\u00e9e par Guillaume Sommerer. BFM Bourse est \u00e0 voir ou \u00e9couter du lundi au vendredi sur BFM Business.<\/p>\n<p>Ce lundi 25 ao\u00fbt, Antoine Larigaudrie, journaliste BFM Business, Jeanne Asseraf-Bitton, responsable de la recherche et strat\u00e9gie chez BFT-IM, Guillaume Gerino, directeur de la gestion chez Carlton S\u00e9lection, Romain Daubry, consultant pour Bourse Direct, et \u00c9ric Lewin, pr\u00e9sident de EL Finance, \u00e9taient les invit\u00e9s de l&rsquo;\u00e9mission BFM Bourse pr\u00e9sent\u00e9e par Guillaume Sommerer. BFM Bourse est \u00e0 voir ou \u00e9couter du lundi au vendredi sur BFM Business.<\/p>\n<p>Ce lundi 25 ao\u00fbt, Jeanne Asseraf-Bitton, responsable de la recherche et strat\u00e9gie chez BFT-IM et Guillaume Gerino, directeur de la gestion chez Carlton S\u00e9lection, \u00e9taient les invit\u00e9s de l&rsquo;\u00e9mission BFM Bourse pr\u00e9sent\u00e9e par Guillaume Sommerer. BFM Bourse est \u00e0 voir ou \u00e9couter du lundi au vendredi sur BFM Business.<\/p>\n","protected":false},"excerpt":{"rendered":"Ce mardi 26 ao\u00fbt, Arnaud Girod, responsable de la Strat\u00e9gie Kepler Chevreux, s&rsquo;est pench\u00e9 sur les secteurs de&hellip;\n","protected":false},"author":2,"featured_media":17731,"comment_status":"","ping_status":"","sticky":false,"template":"","format":"standard","meta":{"footnotes":""},"categories":[1589],"tags":[11,73,1866,12,1864,1865,1863,308],"class_list":{"0":"post-345354","1":"post","2":"type-post","3":"status-publish","4":"format-standard","5":"has-post-thumbnail","7":"category-etats-unis","8":"tag-actualites","9":"tag-etats-unis","10":"tag-etats-unis-damerique","11":"tag-news","12":"tag-united-states","13":"tag-united-states-of-america","14":"tag-us","15":"tag-usa"},"share_on_mastodon":{"url":"https:\/\/pubeurope.com\/@fr\/115095538571895572","error":""},"_links":{"self":[{"href":"https:\/\/www.europesays.com\/fr\/wp-json\/wp\/v2\/posts\/345354","targetHints":{"allow":["GET"]}}],"collection":[{"href":"https:\/\/www.europesays.com\/fr\/wp-json\/wp\/v2\/posts"}],"about":[{"href":"https:\/\/www.europesays.com\/fr\/wp-json\/wp\/v2\/types\/post"}],"author":[{"embeddable":true,"href":"https:\/\/www.europesays.com\/fr\/wp-json\/wp\/v2\/users\/2"}],"replies":[{"embeddable":true,"href":"https:\/\/www.europesays.com\/fr\/wp-json\/wp\/v2\/comments?post=345354"}],"version-history":[{"count":0,"href":"https:\/\/www.europesays.com\/fr\/wp-json\/wp\/v2\/posts\/345354\/revisions"}],"wp:featuredmedia":[{"embeddable":true,"href":"https:\/\/www.europesays.com\/fr\/wp-json\/wp\/v2\/media\/17731"}],"wp:attachment":[{"href":"https:\/\/www.europesays.com\/fr\/wp-json\/wp\/v2\/media?parent=345354"}],"wp:term":[{"taxonomy":"category","embeddable":true,"href":"https:\/\/www.europesays.com\/fr\/wp-json\/wp\/v2\/categories?post=345354"},{"taxonomy":"post_tag","embeddable":true,"href":"https:\/\/www.europesays.com\/fr\/wp-json\/wp\/v2\/tags?post=345354"}],"curies":[{"name":"wp","href":"https:\/\/api.w.org\/{rel}","templated":true}]}}