{"id":345357,"date":"2025-08-26T14:29:11","date_gmt":"2025-08-26T14:29:11","guid":{"rendered":"https:\/\/www.europesays.com\/fr\/345357\/"},"modified":"2025-08-26T14:29:11","modified_gmt":"2025-08-26T14:29:11","slug":"le-service-militaire-fait-son-retour-en-allemagne-dabord-sur-la-base-du-volontariat","status":"publish","type":"post","link":"https:\/\/www.europesays.com\/fr\/345357\/","title":{"rendered":"Le service militaire fait son retour en Allemagne, d&rsquo;abord sur la base du volontariat"},"content":{"rendered":"<p>        <a class=\"Link \" href=\"https:\/\/www.lopinion.fr\/economie\/sahel-pour-seduire-les-juntes-les-etats-unis-misent-sur-le-commerce-et-les-ressources-minieres\" data-cms-ai=\"0\" rel=\"nofollow noopener\" target=\"_blank\">Sahel: pour s\u00e9duire les juntes, les Etats-Unis misent sur le commerce et les ressources mini\u00e8res<\/a><\/p>\n<p>l&rsquo;Opinion (avec AFP)<\/p>\n<p>Abidjan &#8211; \u00abDu commerce, pas de l\u2019aide\u00a0\u00bb: au Sahel, Washington d\u00e9ploie sa diplomatie au Mali, au Burkina Faso et au Niger, avec un int\u00e9r\u00eat marqu\u00e9 pour les ressources mini\u00e8res en contrepartie de son appui aux r\u00e9gimes militaires dans la lutte antijihadiste. Les Etats-Unis avaient suspendu une grande partie de leur aide au d\u00e9veloppement et de leur coop\u00e9ration militaire apr\u00e8s les coups d\u2019\u00c9tat successifs qui ont port\u00e9 des militaires \u00e0 la t\u00eate des trois pays entre 2020 et 2023. Mais depuis l\u2019arriv\u00e9e de l\u2019administration Trump, Washington affiche d\u00e9sormais une nouvelle approche: \u00abfaire de la diplomatie commerciale un axe central\u00bb de son engagement en Afrique. \u00abDu commerce, pas de l\u2019aide\u00bb, est \u00abd\u00e9sormais v\u00e9ritablement notre politique pour l\u2019Afrique\u00bb, avait d\u00e9voil\u00e9 en mai \u00e0 Abidjan Troy Fitrell, haut responsable du D\u00e9partement d\u2019\u00c9tat pour les affaires africaines. Ces derni\u00e8res semaines, plusieurs hauts responsables am\u00e9ricains se sont succ\u00e9d\u00e9 \u00e0 Bamako, Ouagadougou et \u00e0 Niamey. D\u00e9but juillet, Rudolph Atallah, directeur adjoint principal charg\u00e9 de la lutte contre le terrorisme \u00e0 la Maison-Blanche, s\u2019est rendu au Mali pour \u00aboffrir la solution am\u00e9ricaine\u00bb face au \u00abterrorisme\u00bb. Les trois pays font face depuis plus d\u2019une d\u00e9cennie aux attaques de groupes li\u00e9s \u00e0 Al-Qaida et l\u2019Etat islamique, sans parvenir \u00e0 les enrayer. \u00abNous avons des \u00e9quipements ad\u00e9quats, des connaissances et des forces pour faire face \u00e0 cette menace. Si le Mali d\u00e9cide de travailler avec nous, on saura comment faire\u00bb, avait vant\u00e9 M. Atallah, rapport\u00e9 par le quotidien d\u2019Etat. Quelques jours plus tard, William B. Stevens, sous-secr\u00e9taire d\u2019\u00c9tat adjoint pour l\u2019Afrique de l\u2019Ouest, avait aussi \u00e9voqu\u00e9 \u00e0 Bamako \u00abla lutte antiterroriste\u00bb et la possibilit\u00e9 \u00abd\u2019investissements priv\u00e9s am\u00e9ricains\u00bb, apr\u00e8s des tourn\u00e9es \u00e0 Ouagadougou et \u00e0 Niamey. \u00abWashington a propos\u00e9 de tuer les chefs des groupes jihadistes, en \u00e9change de l\u2019acc\u00e8s des entreprises am\u00e9ricaines au lithium et \u00e0 l\u2019or\u00bb, affirme Ulf Laessing, directeur du Programme Sahel \u00e0 la Fondation Konrad Adenauer au Mali. Donald Trump a mis la question des minerais au centre des n\u00e9gociations avec de nombreux Etats \u00e9trangers, comme avec l\u2019Ukraine ou dans le cadre de l\u2019accord de paix entre le Rwanda et la RDC. \u00abConvergence de vues\u00bb Un changement de cap salu\u00e9 par les r\u00e9gimes militaires sah\u00e9liens, r\u00e9unis au sein de la conf\u00e9d\u00e9ration de l\u2019Alliance des Etats du Sahel (AES) malgr\u00e9 leur politique souverainiste revendiqu\u00e9e, notamment sur les minerais. \u00abIl faut regarder l\u2019investissement, les potentialit\u00e9s de nos pays\u00bb, avait soutenu en juillet le ministre malien des Affaires \u00e9trang\u00e8res Abdoulaye Diop, se r\u00e9jouissant de \u00abla convergence de vues aujourd\u2019hui entre l\u2019administration am\u00e9ricaine et le gouvernement du Mali.\u00bb En Afrique, le Mali est parmi les plus importants producteurs d\u2019or et de lithium, m\u00e9tal star des batteries de voitures \u00e9lectriques, le Niger d\u2019uranium et le Burkina Faso d\u2019or. \u00abCertains responsables du D\u00e9partement d\u2019Etat, pr\u00e9occup\u00e9s par la fin de l\u2019USAID et la fermeture des ambassades, ont soulign\u00e9 \u00e0 l\u2019administration Trump la richesse des ressources du Mali afin de l\u2019encourager \u00e0 rester engag\u00e9e et \u00e0 maintenir ouverte l\u2019ambassade am\u00e9ricaine a Bamako \u00e0 un moment o\u00f9 la Russie et la Chine \u00e9tendent leur influence dans la r\u00e9gion\u00bb, dit Ulf Laessing. \u00abLa menace terroriste reste le principal enjeu (&#8230;) La stabilisation de la r\u00e9gion est essentielle avant tout investissement \u00e0 long terme\u00bb, ajoute Liam Karr, analyste pour l\u2019American enterprise institute. \u00abMercenaires am\u00e9ricains\u00bb Fin juillet, une d\u00e9l\u00e9gation militaire burkinab\u00e8 a s\u00e9journ\u00e9 \u00e0 Washington et des membres du Congr\u00e8s am\u00e9ricain sp\u00e9cialis\u00e9s dans \u00ables questions de financement et de s\u00e9curit\u00e9\u00bb sont attendus \u00e0 Ouagadougou, apr\u00e8s un s\u00e9jour au Mali d\u00e9but ao\u00fbt. Apr\u00e8s avoir tourn\u00e9 le dos \u00e0 la France, l\u2019ex-puissance coloniale, les juntes sah\u00e9liennes se sont rapproch\u00e9es de la Russie et sa soci\u00e9t\u00e9 de s\u00e9curit\u00e9 priv\u00e9e Wagner, devenue Africa Corps, qui les aide dans la lutte antijihadiste. Moscou a r\u00e9cemment annonc\u00e9 son intention d\u2019exploiter l\u2019uranium nig\u00e9rien, peu apr\u00e8s la nationalisation par la junte d\u2019une filiale du g\u00e9ant fran\u00e7ais de l\u2019uranium Orano. Rien de r\u00e9dhibitoire pour Washington. \u00abTrump ne voit aucun probl\u00e8me \u00e0 soutenir les efforts de la Russie dans la r\u00e9gion. Les Russes sont moins regardants sur les valeurs d\u00e9mocratiques et la promotion des droits humains, cela va de pair avec l\u2019approche de l\u2019administration Trump en mati\u00e8re de relations entre \u00c9tats\u00bb, affirme \u00e0 l\u2019AFP Bisa Williams, ancienne ambassadrice des Etats-Unis au Niger. En \u00e9change de minerais, \u00abWashington pourrait accepter de lutter contre le terrorisme au Mali\u00bb en facilitant notamment le d\u00e9ploiement de \u00abmercenaires am\u00e9ricains\u00bb, comme les Russes, pour ne \u00abpas \u00e0 d\u00e9fendre cette politique devant le Congr\u00e8s\u00bb, poursuit-elle. Lors de sa visite au Mali, Rudolph Atallah avait dit n\u2019avoir aucun probl\u00e8me avec la pr\u00e9sence russe, ajoutant que le pays \u00abest libre de choisir ses partenaires\u00bb. \u00a9 Agence France-Presse<\/p>\n","protected":false},"excerpt":{"rendered":"Sahel: pour s\u00e9duire les juntes, les Etats-Unis misent sur le commerce et les ressources mini\u00e8res l&rsquo;Opinion (avec AFP)&hellip;\n","protected":false},"author":2,"featured_media":345358,"comment_status":"","ping_status":"","sticky":false,"template":"","format":"standard","meta":{"footnotes":""},"categories":[1587],"tags":[11,672,1804,1805,1803,1777,674,1801,12,1802],"class_list":{"0":"post-345357","1":"post","2":"type-post","3":"status-publish","4":"format-standard","5":"has-post-thumbnail","7":"category-allemagne","8":"tag-actualites","9":"tag-allemagne","10":"tag-bundesrepublik-deutschland","11":"tag-de","12":"tag-deutschland","13":"tag-eu","14":"tag-europe","15":"tag-germany","16":"tag-news","17":"tag-republique-federale-dallemagne"},"share_on_mastodon":{"url":"https:\/\/pubeurope.com\/@fr\/115095546345207484","error":""},"_links":{"self":[{"href":"https:\/\/www.europesays.com\/fr\/wp-json\/wp\/v2\/posts\/345357","targetHints":{"allow":["GET"]}}],"collection":[{"href":"https:\/\/www.europesays.com\/fr\/wp-json\/wp\/v2\/posts"}],"about":[{"href":"https:\/\/www.europesays.com\/fr\/wp-json\/wp\/v2\/types\/post"}],"author":[{"embeddable":true,"href":"https:\/\/www.europesays.com\/fr\/wp-json\/wp\/v2\/users\/2"}],"replies":[{"embeddable":true,"href":"https:\/\/www.europesays.com\/fr\/wp-json\/wp\/v2\/comments?post=345357"}],"version-history":[{"count":0,"href":"https:\/\/www.europesays.com\/fr\/wp-json\/wp\/v2\/posts\/345357\/revisions"}],"wp:featuredmedia":[{"embeddable":true,"href":"https:\/\/www.europesays.com\/fr\/wp-json\/wp\/v2\/media\/345358"}],"wp:attachment":[{"href":"https:\/\/www.europesays.com\/fr\/wp-json\/wp\/v2\/media?parent=345357"}],"wp:term":[{"taxonomy":"category","embeddable":true,"href":"https:\/\/www.europesays.com\/fr\/wp-json\/wp\/v2\/categories?post=345357"},{"taxonomy":"post_tag","embeddable":true,"href":"https:\/\/www.europesays.com\/fr\/wp-json\/wp\/v2\/tags?post=345357"}],"curies":[{"name":"wp","href":"https:\/\/api.w.org\/{rel}","templated":true}]}}