{"id":345361,"date":"2025-08-26T14:31:10","date_gmt":"2025-08-26T14:31:10","guid":{"rendered":"https:\/\/www.europesays.com\/fr\/345361\/"},"modified":"2025-08-26T14:31:10","modified_gmt":"2025-08-26T14:31:10","slug":"il-y-a-eu-assez-peu-dannonces-concretes-de-la-part-de-francois-bayrou-deplore-marylise-leon-cfdt","status":"publish","type":"post","link":"https:\/\/www.europesays.com\/fr\/345361\/","title":{"rendered":"\u00ab\u00a0Il y a eu assez peu d&rsquo;annonces concr\u00e8tes\u00a0\u00bb de la part de Fran\u00e7ois Bayrou, d\u00e9plore Marylise L\u00e9on (CFDT)"},"content":{"rendered":"<p>Budget: \u00ab\u00a0Il y a eu assez peu d&rsquo;annonces concr\u00e8tes\u00a0\u00bb de la part de Fran\u00e7ois Bayrou, d\u00e9plore Marylise L\u00e9on (CFDT)Sur le m\u00eame sujet<a href=\"https:\/\/www.bfmtv.com\/politique\/gouvernement\/video-budget-2026-la-cfdt-n-est-pas-dupe-assure-marylise-leon-apres-la-prise-de-parole-de-francois-bayrou-devant-le-syndicat_VN-202508260516.html\" title=\"Budget 2026: la CFDT &quot;n&#039;est pas dupe&quot;, assure Marylise L\u00e9on apr\u00e8s la prise de parole de Fran\u00e7ois Bayrou devant le syndicat\" rel=\"nofollow noopener\" target=\"_blank\"><img width=\"16\" height=\"9\" class=\"lozad\"  alt=\"Budget 2026: la CFDT &quot;n'est pas dupe&quot;, assure Marylise L\u00e9on apr\u00e8s la prise de parole de Fran\u00e7ois Bayrou devant le syndicat\"\/>1:05Budget 2026: la CFDT \u00ab\u00a0n&rsquo;est pas dupe\u00a0\u00bb, assure Marylise L\u00e9on apr\u00e8s la prise de parole de Fran\u00e7ois Bayrou devant le syndicat<\/a><a href=\"https:\/\/www.bfmtv.com\/politique\/gouvernement\/video-budget-il-y-a-eu-assez-peu-d-annonces-concretes-de-la-part-de-francois-bayrou-deplore-marylise-leon-cfdt_VN-202508260515.html\" title=\"Budget: &quot;Il y a eu assez peu d&#039;annonces concr\u00e8tes&quot; de la part de Fran\u00e7ois Bayrou, d\u00e9plore Marylise L\u00e9on (CFDT)\" rel=\"nofollow noopener\" target=\"_blank\"><img width=\"16\" height=\"9\" class=\"lozad\"  alt=\"Budget: &quot;Il y a eu assez peu d'annonces concr\u00e8tes&quot; de la part de Fran\u00e7ois Bayrou, d\u00e9plore Marylise L\u00e9on (CFDT)\"\/>en lectureBudget: \u00ab\u00a0Il y a eu assez peu d&rsquo;annonces concr\u00e8tes\u00a0\u00bb de la part de Fran\u00e7ois Bayrou, d\u00e9plore Marylise L\u00e9on (CFDT)<\/a><a href=\"https:\/\/www.bfmtv.com\/politique\/gouvernement\/video-vote-de-confiance-lfi-et-le-rn-sont-des-organisations-politiques-antagonistes-qui-meneraient-a-une-une-crise-assure-francois-bayrou_VN-202508260513.html\" title=\"Vote de confiance: &quot;LFI et le RN sont des organisations politiques antagonistes&quot;, qui m\u00e8neraient \u00e0 une une &quot;crise&quot;, assure Fran\u00e7ois Bayrou\" rel=\"nofollow noopener\" target=\"_blank\"><img width=\"16\" height=\"9\" class=\"lozad\"  alt=\"Vote de confiance: &quot;LFI et le RN sont des organisations politiques antagonistes&quot;, qui m\u00e8neraient \u00e0 une une &quot;crise&quot;, assure Fran\u00e7ois Bayrou\"\/>1:55Vote de confiance: \u00ab\u00a0LFI et le RN sont des organisations politiques antagonistes\u00a0\u00bb, qui m\u00e8neraient \u00e0 une une \u00ab\u00a0crise\u00a0\u00bb, assure Fran\u00e7ois Bayrou<\/a><a href=\"https:\/\/www.bfmtv.com\/politique\/gouvernement\/video-chomage-les-causes-sont-multiples-et-tiennent-aux-conditions-de-travail-assure-francois-bayrou-qui-detaille-un-point-de-retour-a-l-emploi-efficace_VN-202508260507.html\" title=\"Ch\u00f4mage: &quot;Les causes sont multiples et tiennent aux conditions de travail&quot;, assure Fran\u00e7ois Bayrou qui d\u00e9taille un point de &quot;retour \u00e0 l&#039;emploi efficace&quot;\" rel=\"nofollow noopener\" target=\"_blank\"><img width=\"16\" height=\"9\" class=\"lozad\"  alt=\"Ch\u00f4mage: &quot;Les causes sont multiples et tiennent aux conditions de travail&quot;, assure Fran\u00e7ois Bayrou qui d\u00e9taille un point de &quot;retour \u00e0 l'emploi efficace&quot;\"\/>2:50Ch\u00f4mage: \u00ab\u00a0Les causes sont multiples et tiennent aux conditions de travail\u00a0\u00bb, assure Fran\u00e7ois Bayrou qui d\u00e9taille un point de \u00ab\u00a0retour \u00e0 l&#8217;emploi efficace\u00a0\u00bb<\/a><a href=\"https:\/\/www.bfmtv.com\/politique\/gouvernement\/video-budget-2026-les-niches-fiscales-injustes-seront-supprimees-et-la-bureaucratie-simplifiee-indique-francois-bayrou_VN-202508260503.html\" title=\"Budget 2026: &quot;Les niches fiscales injustes seront supprim\u00e9es&quot; et la &quot;bureaucratie simplifi\u00e9e&quot;, indique Fran\u00e7ois Bayrou\" rel=\"nofollow noopener\" target=\"_blank\"><img width=\"16\" height=\"9\" class=\"lozad\"  alt=\"Budget 2026: &quot;Les niches fiscales injustes seront supprim\u00e9es&quot; et la &quot;bureaucratie simplifi\u00e9e&quot;, indique Fran\u00e7ois Bayrou\"\/>3:46Budget 2026: \u00ab\u00a0Les niches fiscales injustes seront supprim\u00e9es\u00a0\u00bb et la \u00ab\u00a0bureaucratie simplifi\u00e9e\u00a0\u00bb, indique Fran\u00e7ois Bayrou<\/a><a href=\"https:\/\/www.bfmtv.com\/politique\/gouvernement\/video-vote-de-confiance-dans-les-13-jours-qui-viennent-les-francais-vont-choisir-s-ils-se-placent-du-cote-du-chaos-ou-de-la-responsabilite-assure-francois-bayrou_VN-202508260493.html\" title=\"Vote de confiance: &quot;Dans les 13 jours qui viennent, les Fran\u00e7ais vont choisir s&#039;ils se placent du c\u00f4t\u00e9 du chaos ou de la responsabilit\u00e9&quot;, assure Fran\u00e7ois Bayrou\" rel=\"nofollow noopener\" target=\"_blank\"><img width=\"16\" height=\"9\" class=\"lozad\"  alt=\"Vote de confiance: &quot;Dans les 13 jours qui viennent, les Fran\u00e7ais vont choisir s'ils se placent du c\u00f4t\u00e9 du chaos ou de la responsabilit\u00e9&quot;, assure Fran\u00e7ois Bayrou\"\/>2:14Vote de confiance: \u00ab\u00a0Dans les 13 jours qui viennent, les Fran\u00e7ais vont choisir s&rsquo;ils se placent du c\u00f4t\u00e9 du chaos ou de la responsabilit\u00e9\u00a0\u00bb, assure Fran\u00e7ois Bayrou<\/a><a href=\"https:\/\/www.bfmtv.com\/politique\/gouvernement\/video-vote-de-confiance-c-est-un-moment-de-clarification-et-de-verite-estime-francois-bayrou_VN-202508260491.html\" title=\"Vote de confiance: &quot;C&#039;est un moment de clarification et de v\u00e9rit\u00e9&quot;, estime Fran\u00e7ois Bayrou\" rel=\"nofollow noopener\" target=\"_blank\"><img width=\"16\" height=\"9\" class=\"lozad\"  alt=\"Vote de confiance: &quot;C'est un moment de clarification et de v\u00e9rit\u00e9&quot;, estime Fran\u00e7ois Bayrou\"\/>3:13Vote de confiance: \u00ab\u00a0C&rsquo;est un moment de clarification et de v\u00e9rit\u00e9\u00a0\u00bb, estime Fran\u00e7ois Bayrou<\/a><a href=\"https:\/\/www.bfmtv.com\/politique\/gouvernement\/video-vote-de-confiance-c-est-un-moment-extraordinairement-inquietant-et-precisement-de-bascule-assure-francois-bayrou_VN-202508260482.html\" title=\"Vote de confiance: &quot;C&#039;est un moment extraordinairement inqui\u00e9tant et pr\u00e9cis\u00e9ment de bascule&quot;, assure Fran\u00e7ois Bayrou\" rel=\"nofollow noopener\" target=\"_blank\"><img width=\"16\" height=\"9\" class=\"lozad\"  alt=\"Vote de confiance: &quot;C'est un moment extraordinairement inqui\u00e9tant et pr\u00e9cis\u00e9ment de bascule&quot;, assure Fran\u00e7ois Bayrou\"\/>1:36Vote de confiance: \u00ab\u00a0C&rsquo;est un moment extraordinairement inqui\u00e9tant et pr\u00e9cis\u00e9ment de bascule\u00a0\u00bb, assure Fran\u00e7ois Bayrou<\/a><a href=\"https:\/\/www.bfmtv.com\/police-justice\/video-mort-de-jean-pormanove-le-parquet-de-paris-annonce-l-ouverture-d-une-enquete-contre-la-plateforme-kick_VN-202508260450.html\" title=\"Mort de Jean Pormanove: le parquet de Paris annonce l&#039;ouverture d&#039;une enqu\u00eate contre la plateforme Kick\" rel=\"nofollow noopener\" target=\"_blank\"><img width=\"16\" height=\"9\" class=\"lozad\"  alt=\"Mort de Jean Pormanove: le parquet de Paris annonce l'ouverture d'une enqu\u00eate contre la plateforme Kick\"\/>0:36Mort de Jean Pormanove: le parquet de Paris annonce l&rsquo;ouverture d&rsquo;une enqu\u00eate contre la plateforme Kick<\/a><a href=\"https:\/\/www.bfmtv.com\/politique\/gouvernement\/video-budget-on-a-des-partis-irresponsables-qui-veulent-le-chaos-maximal-estime-agnes-evren-lr_VN-202508260404.html\" title=\"Budget: &quot;On a des partis irresponsables qui veulent le chaos maximal&quot;, estime Agn\u00e8s Evren (LR)\" rel=\"nofollow noopener\" target=\"_blank\"><img width=\"16\" height=\"9\" class=\"lozad\"  alt=\"Budget: &quot;On a des partis irresponsables qui veulent le chaos maximal&quot;, estime Agn\u00e8s Evren (LR)\"\/>0:57Budget: \u00ab\u00a0On a des partis irresponsables qui veulent le chaos maximal\u00a0\u00bb, estime Agn\u00e8s Evren (LR)<\/a><a href=\"https:\/\/www.bfmtv.com\/politique\/gouvernement\/video-vote-de-confiance-je-crois-qu-hier-francois-bayrou-a-presente-sa-demission-affirme-emma-rafowicz-ps_VN-202508260401.html\" title=\"Vote de confiance: &quot;Je crois qu&#039;hier Fran\u00e7ois Bayrou a pr\u00e9sent\u00e9 sa d\u00e9mission&quot;, affirme Emma Rafowicz (PS)\" rel=\"nofollow noopener\" target=\"_blank\"><img width=\"16\" height=\"9\" class=\"lozad\"  alt=\"Vote de confiance: &quot;Je crois qu'hier Fran\u00e7ois Bayrou a pr\u00e9sent\u00e9 sa d\u00e9mission&quot;, affirme Emma Rafowicz (PS)\"\/>0:59Vote de confiance: \u00ab\u00a0Je crois qu&rsquo;hier Fran\u00e7ois Bayrou a pr\u00e9sent\u00e9 sa d\u00e9mission\u00a0\u00bb, affirme Emma Rafowicz (PS)<\/a><a href=\"https:\/\/www.bfmtv.com\/politique\/gouvernement\/video-pour-louis-aliot-rn-la-dissolution-est-une-option_VN-202508260394.html\" title=\"Pour Louis Aliot (RN), &quot;la dissolution est une option&quot; \" rel=\"nofollow noopener\" target=\"_blank\"><img width=\"16\" height=\"9\" class=\"lozad\"  alt=\"Pour Louis Aliot (RN), &quot;la dissolution est une option&quot; \"\/>2:33Pour Louis Aliot (RN), \u00ab\u00a0la dissolution est une option\u00a0\u00bb<\/a><a href=\"https:\/\/www.bfmtv.com\/politique\/gouvernement\/video-budget-c-est-de-la-politique-par-la-peur-et-les-francais-n-en-veulent-plus-assure-louis-aliot-rn_VN-202508260393.html\" title=\"Budget: &quot;C&#039;est de la politique par la peur et les Fran\u00e7ais n&#039;en veulent plus&quot;, assure Louis Aliot (RN)\" rel=\"nofollow noopener\" target=\"_blank\"><img width=\"16\" height=\"9\" class=\"lozad\"  alt=\"Budget: &quot;C'est de la politique par la peur et les Fran\u00e7ais n'en veulent plus&quot;, assure Louis Aliot (RN)\"\/>1:31Budget: \u00ab\u00a0C&rsquo;est de la politique par la peur et les Fran\u00e7ais n&rsquo;en veulent plus\u00a0\u00bb, assure Louis Aliot (RN)<\/a><a href=\"https:\/\/www.bfmtv.com\/politique\/gouvernement\/video-vote-de-confiance-chaque-famille-politique-se-determinera-en-conscience-affirme-eric-lombard-ministre-de-l-economie_VN-202508260383.html\" title=\"Vote de confiance: &quot;Chaque famille politique se d\u00e9terminera en conscience&quot;, affirme \u00c9ric Lombard, ministre de l&#039;\u00c9conomie\" rel=\"nofollow noopener\" target=\"_blank\"><img width=\"16\" height=\"9\" class=\"lozad\"  alt=\"Vote de confiance: &quot;Chaque famille politique se d\u00e9terminera en conscience&quot;, affirme \u00c9ric Lombard, ministre de l'\u00c9conomie\"\/>1:03Vote de confiance: \u00ab\u00a0Chaque famille politique se d\u00e9terminera en conscience\u00a0\u00bb, affirme \u00c9ric Lombard, ministre de l&rsquo;\u00c9conomie<\/a><a class=\"jumpToVideo\" target=\"_blank\"><img class=\"thumbnailPreview\"\/><\/a><\/p>\n","protected":false},"excerpt":{"rendered":"Budget: \u00ab\u00a0Il y a eu assez peu d&rsquo;annonces concr\u00e8tes\u00a0\u00bb de la part de Fran\u00e7ois Bayrou, d\u00e9plore Marylise L\u00e9on&hellip;\n","protected":false},"author":2,"featured_media":345362,"comment_status":"","ping_status":"","sticky":false,"template":"","format":"standard","meta":{"footnotes":""},"categories":[1586],"tags":[11,1777,674,1779,1011,27,12,25,1778,364],"class_list":{"0":"post-345361","1":"post","2":"type-post","3":"status-publish","4":"format-standard","5":"has-post-thumbnail","7":"category-europe","8":"tag-actualites","9":"tag-eu","10":"tag-europe","11":"tag-european-union","12":"tag-fr","13":"tag-france","14":"tag-news","15":"tag-republique-francaise","16":"tag-ue","17":"tag-union-europeenne"},"share_on_mastodon":{"url":"https:\/\/pubeurope.com\/@fr\/115095554283391236","error":""},"_links":{"self":[{"href":"https:\/\/www.europesays.com\/fr\/wp-json\/wp\/v2\/posts\/345361","targetHints":{"allow":["GET"]}}],"collection":[{"href":"https:\/\/www.europesays.com\/fr\/wp-json\/wp\/v2\/posts"}],"about":[{"href":"https:\/\/www.europesays.com\/fr\/wp-json\/wp\/v2\/types\/post"}],"author":[{"embeddable":true,"href":"https:\/\/www.europesays.com\/fr\/wp-json\/wp\/v2\/users\/2"}],"replies":[{"embeddable":true,"href":"https:\/\/www.europesays.com\/fr\/wp-json\/wp\/v2\/comments?post=345361"}],"version-history":[{"count":0,"href":"https:\/\/www.europesays.com\/fr\/wp-json\/wp\/v2\/posts\/345361\/revisions"}],"wp:featuredmedia":[{"embeddable":true,"href":"https:\/\/www.europesays.com\/fr\/wp-json\/wp\/v2\/media\/345362"}],"wp:attachment":[{"href":"https:\/\/www.europesays.com\/fr\/wp-json\/wp\/v2\/media?parent=345361"}],"wp:term":[{"taxonomy":"category","embeddable":true,"href":"https:\/\/www.europesays.com\/fr\/wp-json\/wp\/v2\/categories?post=345361"},{"taxonomy":"post_tag","embeddable":true,"href":"https:\/\/www.europesays.com\/fr\/wp-json\/wp\/v2\/tags?post=345361"}],"curies":[{"name":"wp","href":"https:\/\/api.w.org\/{rel}","templated":true}]}}