{"id":345371,"date":"2025-08-26T14:37:21","date_gmt":"2025-08-26T14:37:21","guid":{"rendered":"https:\/\/www.europesays.com\/fr\/345371\/"},"modified":"2025-08-26T14:37:21","modified_gmt":"2025-08-26T14:37:21","slug":"super-xiii-enzo-delbe-de-retour-en-super-xiii-rugby-a-xiii","status":"publish","type":"post","link":"https:\/\/www.europesays.com\/fr\/345371\/","title":{"rendered":"Super XIII &#8211; Enzo Delb\u00e9 de retour en Super XIII &#8211; Rugby \u00e0 XIII"},"content":{"rendered":"<p style=\"text-align: justify;\"><strong>Apr\u00e8s une vir\u00e9e en Australie, le puissant troisi\u00e8me ligne catalan est de retour en France. Enzo Delb\u00e9 s\u2019est engag\u00e9 avec les Loups de Villefranche pour la saison 2025-2026 de Super XIII.\u00a0<\/strong><\/p>\n<p style=\"text-align: justify;\">Apr\u00e8s avoir r\u00e9alis\u00e9 une tr\u00e8s jolie saison, au-dessus des attentes que l\u2019on porte \u00e0 une \u00e9quipe promue, les Loups de Villefranche ne comptent pas s\u2019arr\u00eater en si bon chemin. Si l\u2019heure de la rentr\u00e9e approche \u00e0 grands pas, le mercato en Super XIII, lui, continue de battre son plein.<\/p>\n<p style=\"text-align: justify;\">Chez les Aveyronnais, on a d\u00e9cid\u00e9 de se blinder pour la saison \u00e0 venir. Si les hommes de David Collado sont pass\u00e9s tout proches de composter leur billet pour les playoffs de Super XIII la saison derni\u00e8re, l\u2019objectif est clair cette ann\u00e9e \u00e0 Villefranche. Il faut terminer dans les 6 premiers pour s\u2019offrir le droit de jouer les barrages, et pourquoi pas plus ?<\/p>\n<p>Un renfort de poids<\/p>\n<p style=\"text-align: justify;\">Avec l\u2019arriv\u00e9e d\u2019Enzo Delb\u00e9, les Loups de Villefranche-de-Rouergue se renforcent consid\u00e9rablement. Natif du Pays Catalan, le pilier ou troisi\u00e8me ligne fait ses premi\u00e8res classes sous le maillot des Geckos de Baho avant de rejoindre la commune voisine et le centre de formation de Saint-Est\u00e8ve XIII Catalan.<\/p>\n<p style=\"text-align: justify;\">Install\u00e9 en Super XIII lors de la saison 2023-2024, une nouvelle opportunit\u00e9 s\u2019offre au jeune joueur catalan. L\u2019occasion pour lui d\u2019aller se frotter \u00e0 ce qui se fait de mieux : le rugby australien. Exil\u00e9 pendant un peu plus d\u2019un an aux antipodes, il y d\u00e9couvre le haut niveau et la rigueur du rugby \u00e0 l\u2019australienne. Enrichi par cette exp\u00e9rience humaine et rugbystique, Enzo Delb\u00e9 revient gonfler les rangs des Loups et fera probablement \u00e0 nouveau des d\u00e9g\u00e2ts dans les d\u00e9fenses de Super XIII.<\/p>\n<blockquote class=\"instagram-media\" data-instgrm-captioned=\"\" data-instgrm-permalink=\"https:\/\/www.instagram.com\/p\/DNuvSTm0FDX\/?utm_source=ig_embed&amp;utm_campaign=loading\" data-instgrm-version=\"14\" style=\" background:#FFF; border:0; border-radius:3px; box-shadow:0 0 1px 0 rgba(0,0,0,0.5),0 1px 10px 0 rgba(0,0,0,0.15); margin: 1px; max-width:500px; min-width:326px; padding:0; width:99.375%; width:-webkit-calc(100% - 2px); width:calc(100% - 2px);\">\n<\/blockquote>\n<p>        <script async src=\"\/\/www.instagram.com\/embed.js\"><\/script><\/p>\n","protected":false},"excerpt":{"rendered":"Apr\u00e8s une vir\u00e9e en Australie, le puissant troisi\u00e8me ligne catalan est de retour en France. Enzo Delb\u00e9 s\u2019est&hellip;\n","protected":false},"author":2,"featured_media":345372,"comment_status":"","ping_status":"","sticky":false,"template":"","format":"standard","meta":{"footnotes":""},"categories":[1416],"tags":[48151,1011,27,48152,479,2228,1468,2229,60,2231],"class_list":{"0":"post-345371","1":"post","2":"type-post","3":"status-publish","4":"format-standard","5":"has-post-thumbnail","7":"category-rugby","8":"tag-enzo-delbe","9":"tag-fr","10":"tag-france","11":"tag-loups-villefranche","12":"tag-rugby","13":"tag-rugby-a-xiii","14":"tag-rugby-football","15":"tag-rugby-league","16":"tag-sports","17":"tag-super-xiii"},"share_on_mastodon":{"url":"https:\/\/pubeurope.com\/@fr\/115095577830962814","error":""},"_links":{"self":[{"href":"https:\/\/www.europesays.com\/fr\/wp-json\/wp\/v2\/posts\/345371","targetHints":{"allow":["GET"]}}],"collection":[{"href":"https:\/\/www.europesays.com\/fr\/wp-json\/wp\/v2\/posts"}],"about":[{"href":"https:\/\/www.europesays.com\/fr\/wp-json\/wp\/v2\/types\/post"}],"author":[{"embeddable":true,"href":"https:\/\/www.europesays.com\/fr\/wp-json\/wp\/v2\/users\/2"}],"replies":[{"embeddable":true,"href":"https:\/\/www.europesays.com\/fr\/wp-json\/wp\/v2\/comments?post=345371"}],"version-history":[{"count":0,"href":"https:\/\/www.europesays.com\/fr\/wp-json\/wp\/v2\/posts\/345371\/revisions"}],"wp:featuredmedia":[{"embeddable":true,"href":"https:\/\/www.europesays.com\/fr\/wp-json\/wp\/v2\/media\/345372"}],"wp:attachment":[{"href":"https:\/\/www.europesays.com\/fr\/wp-json\/wp\/v2\/media?parent=345371"}],"wp:term":[{"taxonomy":"category","embeddable":true,"href":"https:\/\/www.europesays.com\/fr\/wp-json\/wp\/v2\/categories?post=345371"},{"taxonomy":"post_tag","embeddable":true,"href":"https:\/\/www.europesays.com\/fr\/wp-json\/wp\/v2\/tags?post=345371"}],"curies":[{"name":"wp","href":"https:\/\/api.w.org\/{rel}","templated":true}]}}