{"id":345373,"date":"2025-08-26T14:38:11","date_gmt":"2025-08-26T14:38:11","guid":{"rendered":"https:\/\/www.europesays.com\/fr\/345373\/"},"modified":"2025-08-26T14:38:11","modified_gmt":"2025-08-26T14:38:11","slug":"lorenzo-musetti-giovanni-mpetshi-perricard-grand-chelem-us-open-premier-tour-mardi-26-aout-2025-lequipe","status":"publish","type":"post","link":"https:\/\/www.europesays.com\/fr\/345373\/","title":{"rendered":"Lorenzo Musetti &#8211; Giovanni Mpetshi Perricard, Grand Chelem, US Open, Premier tour, Mardi 26 ao\u00fbt 2025 &#8211; L&#039;\u00c9quipe"},"content":{"rendered":"<ol>\n<li><a href=\"https:\/\/news.google.com\/rss\/articles\/CBMi2AFBVV95cUxORkZoS1ZHZTJpaGJNV1RrVW9Oa0hmRFZfcHlZQ0hRQjZ4ZC1fLURMc19JRjczSHdMOU5sSUhrLXgzMEhYY1FFdUtDYmxudDdHRE9NOXlSVlJaTUlWRWpMRlpqVjJvRGswNUg3VmJhUndQQnBRTG85bDdFQlRVcmhteW5GTExpWWlQX3pVSlZ3Y3pxTFR2OC15d0FfSWRkb3R6Ylp2bUJQeW4xM0RnVnJvcENBU3gtanl5ZEN0bzI4VXQwVjJ6RnM1Vkw5ZDVJdXVIaDVfMW83MVA?oc=5\" target=\"_blank\" rel=\"nofollow noopener\">Lorenzo Musetti &#8211; Giovanni Mpetshi Perricard, Grand Chelem, US Open, Premier tour, Mardi 26 ao\u00fbt 2025<\/a>&nbsp;&nbsp;L&rsquo;\u00c9quipe<\/li>\n<li><a href=\"https:\/\/news.google.com\/rss\/articles\/CBMiywFBVV95cUxPamNLQXRLcklKV3FpQngzRmpKREljbGFTRXZ0QnM4TENUdmdqZlNLN2JQRUdlNW9EamVnYnVJQ1A1SVZ5cGVqZk5tOFZLM2I0Y0hJc1VpSVhnRkFIZWMtSDNVMTAta212WHQxelpvVldtSHZiZ3FJWk5ZcGxQLTlIZWMzejFvS2haMWQyN1diSHBLQU9tOXZ1UlBiTVdCcmJDT3dzSDRtVUxnbzR6RmJKX0NmM0ZsbEx6Wm16WG1iNHFtR243ZE9pRUV1OA?oc=5\" target=\"_blank\" rel=\"nofollow noopener\">Mpetshi Perricard pas \u00e9pargn\u00e9, Humbert et Garcia s\u2019en sortent mieux<\/a>&nbsp;&nbsp;MSN<\/li>\n<li><a href=\"https:\/\/news.google.com\/rss\/articles\/CBMiqwJBVV95cUxOaXRNNDZQY1N6b0RnanhERnF5RXhEeW1BaDdGZmF2LXdTMGxzQ3dlakJacmR0VHQwMzY1RGhmekJmYjh6LURCTUMxY2NwWmpkZXZOcUdqVHVJdjFVaEphanBQQnNfd3JydXNPNG1LWWdlX1RfWjJPTU1Rell6S0VXUk1hTVdCYmVSLVEzWEJqOGp5WExqYlBXNFVfTG93ZlFSVkd1dm01Mkd4MnpFZlBGTlpORHBwN3BMM3BXbTdoMThaZmk3OUJMZkt3WDlrc253aDlUMVBnUkI2ZDU3VmNHQ2R0bEJ6N2M0d2VCaF9xMmRydGZCT0pXek0tckpwRTJ6WW9YSHRFa1ZoNzRYMnpZclUtd1J0c1N3TG9MVWo0WDlZTTZjeUtRN1lQNA?oc=5\" target=\"_blank\" rel=\"nofollow noopener\">US Open &gt; Musetti, avant d&rsquo;affronter Mpetshi Perricard : \u00ab\u00a0Depuis mon arriv\u00e9e, je me suis entra\u00een\u00e9 trois jours avec Draper, Alcaraz et Rune. J&rsquo;ai de bonnes sensations, surtout physiquement\u00a0\u00bb<\/a>&nbsp;&nbsp;We Love Tennis<\/li>\n<li><a href=\"https:\/\/news.google.com\/rss\/articles\/CBMingFBVV95cUxQajRtWlViQ1hNczVuMkRKN25iNWtqbEwwdURtbVpIeUNtMVhJUFhwUzZHc1kyOEQ5WEV2S25MeXZmTlhHU3hCa21lM19YXzQxSmZ0c3VEbWtWOFFrZUpPQjRyczhEUmpHTEtIbk1DbU91WjFNVVdFTkZKREFMTWo2R1hQeDlWUGcwNFhoTVVrTGxVeUl0OElBb1I5MjFlZw?oc=5\" target=\"_blank\" rel=\"nofollow noopener\">Pronostic Lorenzo Musetti \u2013 Giovanni Mpetshi Perricard | US Open \u2013 26 ao\u00fbt 2025<\/a>&nbsp;&nbsp;Kelbet<\/li>\n<li><a href=\"https:\/\/news.google.com\/rss\/articles\/CBMiqAJBVV95cUxOQUp1OHg3N0JsVGMyUnpBMkk3a0RfcV9zcGp4SEhYcjdybWFKQlBlcmtMZUo5VVhkSUp6NlhkSEk2TEhCbmhnWm1QNlFYYnpPaHBPbngzMFE5eFNkdnlOZl9icXV0akh4MmNIemI5LXBMYlZQbi1NbDdZN2dYbG1md0M3aGc4N0xEQTFlVlJlenU4Uk5CMFptN1dOYUVrdFN2NTdpUEVyV2hMQklvZkJnUFZDalgyQXVfSGdrN2UwSV9VaXRWaDZIWThFaXpyVXRWTFltcnJaREoydFh2akNud0dLaFFzZ0hKaDQ3M2VWUWZXZkQzUFc0ZzQxZEJzaUg4X2xONDJWU0lMeG40NXhyU2JBOUxYNXZJb2JXZ0lvRDlJMHk0T25ISQ?oc=5\" target=\"_blank\" rel=\"nofollow noopener\">\u00ab Je vais essayer de lui faire perdre confiance au service \u00bb, Musetti discute de sa strat\u00e9gie avant son duel contre Mpetshi Perricard \u00e0 l\u2019US Open<\/a>&nbsp;&nbsp;MSN<\/li>\n<\/ol>\n","protected":false},"excerpt":{"rendered":"Lorenzo Musetti &#8211; Giovanni Mpetshi Perricard, Grand Chelem, US Open, Premier tour, Mardi 26 ao\u00fbt 2025&nbsp;&nbsp;L&rsquo;\u00c9quipe Mpetshi Perricard&hellip;\n","protected":false},"author":2,"featured_media":341965,"comment_status":"","ping_status":"","sticky":false,"template":"","format":"standard","meta":{"footnotes":""},"categories":[1415],"tags":[1011,27,60,1467],"class_list":{"0":"post-345373","1":"post","2":"type-post","3":"status-publish","4":"format-standard","5":"has-post-thumbnail","7":"category-tennis","8":"tag-fr","9":"tag-france","10":"tag-sports","11":"tag-tennis"},"share_on_mastodon":{"url":"https:\/\/pubeurope.com\/@fr\/115095581677539357","error":""},"_links":{"self":[{"href":"https:\/\/www.europesays.com\/fr\/wp-json\/wp\/v2\/posts\/345373","targetHints":{"allow":["GET"]}}],"collection":[{"href":"https:\/\/www.europesays.com\/fr\/wp-json\/wp\/v2\/posts"}],"about":[{"href":"https:\/\/www.europesays.com\/fr\/wp-json\/wp\/v2\/types\/post"}],"author":[{"embeddable":true,"href":"https:\/\/www.europesays.com\/fr\/wp-json\/wp\/v2\/users\/2"}],"replies":[{"embeddable":true,"href":"https:\/\/www.europesays.com\/fr\/wp-json\/wp\/v2\/comments?post=345373"}],"version-history":[{"count":0,"href":"https:\/\/www.europesays.com\/fr\/wp-json\/wp\/v2\/posts\/345373\/revisions"}],"wp:featuredmedia":[{"embeddable":true,"href":"https:\/\/www.europesays.com\/fr\/wp-json\/wp\/v2\/media\/341965"}],"wp:attachment":[{"href":"https:\/\/www.europesays.com\/fr\/wp-json\/wp\/v2\/media?parent=345373"}],"wp:term":[{"taxonomy":"category","embeddable":true,"href":"https:\/\/www.europesays.com\/fr\/wp-json\/wp\/v2\/categories?post=345373"},{"taxonomy":"post_tag","embeddable":true,"href":"https:\/\/www.europesays.com\/fr\/wp-json\/wp\/v2\/tags?post=345373"}],"curies":[{"name":"wp","href":"https:\/\/api.w.org\/{rel}","templated":true}]}}