{"id":345374,"date":"2025-08-26T14:40:18","date_gmt":"2025-08-26T14:40:18","guid":{"rendered":"https:\/\/www.europesays.com\/fr\/345374\/"},"modified":"2025-08-26T14:40:18","modified_gmt":"2025-08-26T14:40:18","slug":"quartararo-et-zarco-attendus-au-tournant-comme-le-leader-marquez","status":"publish","type":"post","link":"https:\/\/www.europesays.com\/fr\/345374\/","title":{"rendered":"Quartararo et Zarco attendus au tournant, comme le leader Marquez"},"content":{"rendered":"<p>Les performances de <a href=\"https:\/\/www.ledauphine.com\/p\/fabio-quartararo\" target=\"_blank\" rel=\"noopener\">Fabio Quartararo<\/a> (Yamaha) et <a href=\"https:\/\/www.ledauphine.com\/p\/johann-zarco\" target=\"_blank\" rel=\"noopener\">Johann Zarco<\/a> (Honda-LCR) seront scrut\u00e9es de pr\u00e8s ce week-end Aragon. Les deux pilotes fran\u00e7aises restent sur trois Grands Prix int\u00e9ressants et auront encore une carte \u00e0 jouer.<\/p>\n<p>Quartararo peu en r\u00e9ussite \u00e0 Aragon<\/p>\n<p>Les deux Tricolores, que l&rsquo;on n&rsquo;attendait pas \u00e0 pareille f\u00eate, ont en effet connu des derni\u00e8res semaines tr\u00e8s fastes puisque le Ni\u00e7ois <a href=\"https:\/\/www.ledauphine.com\/sport\/2025\/05\/24\/gp-de-grande-bretagne-fabio-quartararo-de-nouveau-en-pole-position-a-silverstone\" target=\"_blank\" rel=\"noopener\">a d\u00e9croch\u00e9 trois pole-positions cons\u00e9cutives<\/a>, alors que l&rsquo;Avignonnais <a href=\"https:\/\/www.ledauphine.com\/sport\/2025\/05\/11\/johann-zarco-remporte-le-grand-prix-de-france-au-mans\" target=\"_blank\" rel=\"noopener\">s&rsquo;est impos\u00e9 en France<\/a>, une premi\u00e8re depuis 1954, avant de finir deuxi\u00e8me en Angleterre.<\/p>\n<p>Mais le circuit espagnol ne leur a jamais r\u00e9ussi et ils vont donc essayer de conjurer le mauvais sort. Quartararo, qui reste sur deux abandons lors des deux derni\u00e8res \u00e9ditions (2022, <a href=\"https:\/\/www.ledauphine.com\/sport\/2024\/09\/01\/gp-d-aragon-marc-marquez-retrouve-la-victoire-qui-le-fuyait-depuis-trois-ans\" target=\"_blank\" rel=\"noopener\">2024<\/a>), est incapable d&rsquo;expliquer ce manque de performance sur le trac\u00e9 aragonais, ce qui ne l&#8217;emp\u00eache pas de viser une nouvelle belle performance.<\/p>\n<p>\u00ab Ce n&rsquo;est pas parce qu&rsquo;on n&rsquo;aime pas un trac\u00e9 qu&rsquo;on n&rsquo;y est pas performant. Ma derni\u00e8re victoire a eu lieu au Sachsenring en Allemagne (en juillet 2022, ndlr), alors que c&rsquo;est le circuit que j&rsquo;aime le moins du calendrier \u00bb, a fait valoir le champion du monde jeudi en conf\u00e9rence presse. \u00ab Ce sera important pour nous. Si on est rapide sur cette piste et qu&rsquo;on peut \u00eatre constant, je pense qu&rsquo;il n&rsquo;y aura plus de questions pour les prochaines pistes, je pense qu&rsquo;on pourra se battre pour de bonnes positions \u00bb.<\/p>\n<p>Zarco a engrang\u00e9 de la confiance<\/p>\n<p>Zarco, lui, n&rsquo;a jamais fait mieux que huiti\u00e8me en six GP \u00e0 Motorland, des difficult\u00e9s qui proviennent selon lui de la morphologie du trac\u00e9 car \u00ab cela tourne beaucoup \u00e0 gauche et je me suis rendu compte que je suis plus \u00e0 l&rsquo;aise sur les virages \u00e0 droite \u00bb, a-t-il confi\u00e9.<\/p>\n<p>Mais ses deux podiums cons\u00e9cutifs ont gonfl\u00e9 le moral du double champion du monde de Moto2 (2015, 2016) et de son \u00e9quipe, qui a constat\u00e9 que leur moto Honda pouvait \u00eatre performante m\u00eame <a href=\"https:\/\/www.ledauphine.com\/sport\/2025\/05\/25\/zarco-2e-a-silverstone-dans-un-grand-prix-marque-par-plusieurs-chutes-et-l-abandon-de-quartararo\" target=\"_blank\" rel=\"noopener\">dans des conditions normales \u00e0 Silverstone<\/a>, apr\u00e8s la victoire sous la pluie au Mans.<\/p>\n<p>Toutefois, les deux Fran\u00e7ais auront fort \u00e0 faire face au ma\u00eetre des lieux, le h\u00e9ros local <a href=\"https:\/\/www.ledauphine.com\/p\/marc-marquez\" target=\"_blank\" rel=\"noopener\">Marc Marquez<\/a>. Le Catalan s&rsquo;est en effet impos\u00e9 six fois en dix GP en Aragon dans la cat\u00e9gorie reine et sa r\u00e9action est attendue apr\u00e8s avoir laiss\u00e9 \u00e9chapper la victoire lors des trois derniers Grands Prix.<\/p>\n<p>Les fr\u00e8res Marquez meilleurs ennemis<\/p>\n<p>En septembre dernier, c&rsquo;est sur ce trac\u00e9 que le sextuple champion du monde de MotoGP a mis fin \u00e0 son interminable disette en s&rsquo;imposant au guidon de sa Ducati-Gresini apr\u00e8s 1042 jours d&rsquo;attente. \u00ab J&rsquo;aime ce circuit de Motorland Aragon, il colle tr\u00e8s bien \u00e0 mon style avec beaucoup de virages \u00e0 gauche. J&rsquo;ai beaucoup gagn\u00e9 et j&rsquo;ai toujours \u00e9t\u00e9 tr\u00e8s comp\u00e9titif donc on va essayer de continuer \u00e0 marquer des points importants \u00bb, a d\u00e9clar\u00e9 Marc Marquez.<\/p>\n<p>Encore une fois, son principal adversaire ne devrait pas \u00eatre son co\u00e9quipier italien Francesco Bagnaia, en difficult\u00e9 cette saison, mais plut\u00f4t son fr\u00e8re cadet Alex Marquez (Ducati-Gresini). \u00ab Je sais ce que j&rsquo;ai et je crois que c&rsquo;est la meilleure moto de cette ann\u00e9e. Je sais ce que j&rsquo;aurai \u00e0 disposition jusqu&rsquo;\u00e0 la fin [de la saison] et je crois qu&rsquo;on a le meilleur package \u00bb, a estim\u00e9 Alex Marquez, mettant la pression sur l&rsquo;\u00e9curie d&rsquo;usine Ducati et son fr\u00e8re, qui le devance de 24 points au championnat.<\/p>\n<p>Comme souvent dans la r\u00e9gion d\u00e9sertique d&rsquo;Alcaniz, la chaleur devrait \u00eatre une protagoniste ce week-end avec plus de 30 degr\u00e9s \u00e0 l&rsquo;ombre attendus, ce qui devrait permettre aux pilotes les plus \u00e0 l&rsquo;aise dans la gestion de leurs pneumatiques de tirer leur \u00e9pingle du jeu.<\/p>\n","protected":false},"excerpt":{"rendered":"Les performances de Fabio Quartararo (Yamaha) et Johann Zarco (Honda-LCR) seront scrut\u00e9es de pr\u00e8s ce week-end Aragon. Les&hellip;\n","protected":false},"author":2,"featured_media":345375,"comment_status":"","ping_status":"","sticky":false,"template":"","format":"standard","meta":{"footnotes":""},"categories":[1413],"tags":[1976,107,1011,27,1457,1456,517,1947,60],"class_list":{"0":"post-345374","1":"post","2":"type-post","3":"status-publish","4":"format-standard","5":"has-post-thumbnail","7":"category-moto","8":"tag-auto-moto","9":"tag-fil-info","10":"tag-fr","11":"tag-france","12":"tag-moto","13":"tag-motocycle","14":"tag-sport","15":"tag-sport-national","16":"tag-sports"},"share_on_mastodon":{"url":"https:\/\/pubeurope.com\/@fr\/115095589653935050","error":""},"_links":{"self":[{"href":"https:\/\/www.europesays.com\/fr\/wp-json\/wp\/v2\/posts\/345374","targetHints":{"allow":["GET"]}}],"collection":[{"href":"https:\/\/www.europesays.com\/fr\/wp-json\/wp\/v2\/posts"}],"about":[{"href":"https:\/\/www.europesays.com\/fr\/wp-json\/wp\/v2\/types\/post"}],"author":[{"embeddable":true,"href":"https:\/\/www.europesays.com\/fr\/wp-json\/wp\/v2\/users\/2"}],"replies":[{"embeddable":true,"href":"https:\/\/www.europesays.com\/fr\/wp-json\/wp\/v2\/comments?post=345374"}],"version-history":[{"count":0,"href":"https:\/\/www.europesays.com\/fr\/wp-json\/wp\/v2\/posts\/345374\/revisions"}],"wp:featuredmedia":[{"embeddable":true,"href":"https:\/\/www.europesays.com\/fr\/wp-json\/wp\/v2\/media\/345375"}],"wp:attachment":[{"href":"https:\/\/www.europesays.com\/fr\/wp-json\/wp\/v2\/media?parent=345374"}],"wp:term":[{"taxonomy":"category","embeddable":true,"href":"https:\/\/www.europesays.com\/fr\/wp-json\/wp\/v2\/categories?post=345374"},{"taxonomy":"post_tag","embeddable":true,"href":"https:\/\/www.europesays.com\/fr\/wp-json\/wp\/v2\/tags?post=345374"}],"curies":[{"name":"wp","href":"https:\/\/api.w.org\/{rel}","templated":true}]}}