{"id":345378,"date":"2025-08-26T14:42:11","date_gmt":"2025-08-26T14:42:11","guid":{"rendered":"https:\/\/www.europesays.com\/fr\/345378\/"},"modified":"2025-08-26T14:42:11","modified_gmt":"2025-08-26T14:42:11","slug":"vuelta-tour-despagne-valentin-paret-peintre-abandonne-la-vuelta-sur-la-4e-etape","status":"publish","type":"post","link":"https:\/\/www.europesays.com\/fr\/345378\/","title":{"rendered":"Vuelta. Tour d&rsquo;Espagne &#8211; Valentin Paret-Peintre abandonne La Vuelta sur la 4e \u00e9tape"},"content":{"rendered":"<p>Le Fran\u00e7ais <strong>Valentin Paret-Peintre<\/strong> a \u00e9t\u00e9 contraint d\u2019abandonner <strong><a href=\"https:\/\/www.cyclismactu.net\/..\/news-vuelta-route-tour-d-espagne-la-4e-etape-de-vuelta-en-france-parcours-profil-et-favoris-89794.html\" target=\"_blank\" rel=\"nofollow noopener\">La Vuelta<\/a><\/strong>\u00a0sur la 4e \u00e9tape. Malade, le coureur de la <strong>Soudal Quick-Step<\/strong> met fin pr\u00e9matur\u00e9ment \u00e0 son deuxi\u00e8me Grand Tour de la saison. Il arrivait pourtant en Espagne avec de r\u00e9elles ambitions. \u00ab\u00a0R\u00e9v\u00e9lation\u00a0\u00bb du dernier<strong> Tour de France<\/strong>,<strong> Paret-Peintre <\/strong>avait sign\u00e9 en juillet la plus grande victoire de sa jeune carri\u00e8re en s\u2019imposant au sommet du Mont Ventoux.<\/p>\n<p>Vid\u00e9o &#8211; Valentin Paret-Peintre apr\u00e8s sa victoire au Mont Ventoux Lire la suite de l&rsquo;article&#13;<\/p>\n<p>\u00a0<\/p>\n<p>&#13;<br \/>\nParet-Peintre aurait pu rentrer dans l&rsquo;histoire&#13;<\/p>\n<p>Sur <strong>La Vuelta<\/strong>, il devait mettre \u00e0 profit ses qualit\u00e9s de grimpeur-puncheur pour se distinguer dans les \u00e9tapes vallonn\u00e9es et montagneuses \u00e0 venir. Il aurait \u00e9galement pu inscrire son nom au palmar\u00e8s des trois Grands Tours, apr\u00e8s ses victoires d&rsquo;\u00e9tapes sur le <strong>Giro <\/strong>en 2024 et sur le <strong>Tour <\/strong>en 2025. Cet abandon interrompt sa dynamique, mais ne remet pas en cause l\u2019\u00e9lan pris cet \u00e9t\u00e9. Sa victoire au Mont Ventoux a confirm\u00e9 son potentiel, et il demeure l\u2019un des jeunes coureurs fran\u00e7ais les plus prometteurs. Son prochain objectif sera d\u00e9sormais de retrouver sa condition et de pr\u00e9parer la suite de la saison.<\/p>\n","protected":false},"excerpt":{"rendered":"Le Fran\u00e7ais Valentin Paret-Peintre a \u00e9t\u00e9 contraint d\u2019abandonner La Vuelta\u00a0sur la 4e \u00e9tape. Malade, le coureur de la&hellip;\n","protected":false},"author":2,"featured_media":345379,"comment_status":"","ping_status":"","sticky":false,"template":"","format":"standard","meta":{"footnotes":""},"categories":[1411],"tags":[1154,207,1011,27,209,60,3318,208],"class_list":{"0":"post-345378","1":"post","2":"type-post","3":"status-publish","4":"format-standard","5":"has-post-thumbnail","7":"category-cyclisme","8":"tag-cycling","9":"tag-cyclisme","10":"tag-fr","11":"tag-france","12":"tag-route","13":"tag-sports","14":"tag-tour-d","15":"tag-velo"},"share_on_mastodon":{"url":"https:\/\/pubeurope.com\/@fr\/115095597444936985","error":""},"_links":{"self":[{"href":"https:\/\/www.europesays.com\/fr\/wp-json\/wp\/v2\/posts\/345378","targetHints":{"allow":["GET"]}}],"collection":[{"href":"https:\/\/www.europesays.com\/fr\/wp-json\/wp\/v2\/posts"}],"about":[{"href":"https:\/\/www.europesays.com\/fr\/wp-json\/wp\/v2\/types\/post"}],"author":[{"embeddable":true,"href":"https:\/\/www.europesays.com\/fr\/wp-json\/wp\/v2\/users\/2"}],"replies":[{"embeddable":true,"href":"https:\/\/www.europesays.com\/fr\/wp-json\/wp\/v2\/comments?post=345378"}],"version-history":[{"count":0,"href":"https:\/\/www.europesays.com\/fr\/wp-json\/wp\/v2\/posts\/345378\/revisions"}],"wp:featuredmedia":[{"embeddable":true,"href":"https:\/\/www.europesays.com\/fr\/wp-json\/wp\/v2\/media\/345379"}],"wp:attachment":[{"href":"https:\/\/www.europesays.com\/fr\/wp-json\/wp\/v2\/media?parent=345378"}],"wp:term":[{"taxonomy":"category","embeddable":true,"href":"https:\/\/www.europesays.com\/fr\/wp-json\/wp\/v2\/categories?post=345378"},{"taxonomy":"post_tag","embeddable":true,"href":"https:\/\/www.europesays.com\/fr\/wp-json\/wp\/v2\/tags?post=345378"}],"curies":[{"name":"wp","href":"https:\/\/api.w.org\/{rel}","templated":true}]}}