{"id":345380,"date":"2025-08-26T14:43:09","date_gmt":"2025-08-26T14:43:09","guid":{"rendered":"https:\/\/www.europesays.com\/fr\/345380\/"},"modified":"2025-08-26T14:43:09","modified_gmt":"2025-08-26T14:43:09","slug":"transferts-lom-veut-ejecter-un-joueur-cest-valide","status":"publish","type":"post","link":"https:\/\/www.europesays.com\/fr\/345380\/","title":{"rendered":"Transferts : L\u2019OM veut \u00e9jecter un joueur, c\u2019est valid\u00e9"},"content":{"rendered":"<p>                    Dan Marciano<br \/>\n                        &#8211;<\/p>\n<p>R\u00e9dacteur<\/p>\n<p>Titulaire d&rsquo;un Master de droit international, je me suis rendu compte au bout de mon parcours universitaire qu&rsquo;il \u00e9tait important d&rsquo;\u00e9voluer dans un domaine que l&rsquo;on appr\u00e9cie. Du jour au lendemain, j&rsquo;ai d\u00e9cid\u00e9 de mettre fin au r\u00eave de mes parents, qui voyaient en moi un futur avocat, pour vivre de ma passion : le sport. Depuis, je couvre les mercatos et l&rsquo;actualit\u00e9 sportive en essayant d&rsquo;informer au mieux les lecteurs.<\/p>\n<p class=\"heading\">Apr\u00e8s avoir attir\u00e9 plusieurs recrues estivales, l\u2019OM cherche d\u00e9sormais \u00e0 all\u00e9ger son effectif. Plusieurs joueurs sont pouss\u00e9s vers la sortie, \u00e0 commencer par Azzedine Ounahi. Pr\u00eat\u00e9 au Panathina\u00efkos la saison derni\u00e8re, l\u2019international marocain ne fait plus partie des plans du club, qui souhaite lui trouver une porte de sortie rapidement. Selon un technicien, un d\u00e9part en Espagne ne lui ferait pas de mal.<\/p>\n<p>Le chantier estival de l\u2019<a href=\"https:\/\/le10sport.com\/football\/mercato\/transferts-a-lom-cinq-operations-se-preparent-en-coulisse-755656\" rel=\"nofollow noopener\" target=\"_blank\">OM<\/a> ne concerne pas seulement les arriv\u00e9es. Le club phoc\u00e9en veut d\u00e9sormais r\u00e9duire la taille de son effectif et all\u00e9ger sa masse salariale. Selon L\u2019\u00c9quipe, plusieurs joueurs sont concern\u00e9s par ce plan de d\u00e9graissage :<strong> Neal Maupay, Amine Harit, Faris Moumbagna, Derek Cornelius<\/strong> et <strong>Azzedine Ounahi <\/strong>ont tous \u00e9t\u00e9 pri\u00e9s de se trouver un nouveau club. <\/p>\n<p>                                            Ounahi pouss\u00e9 vers la sortie<\/p>\n<p>Recrut\u00e9 en janvier 2023 apr\u00e8s un <strong>Mondial <\/strong>remarqu\u00e9 avec le <strong>Maroc, Ounahi<\/strong> n\u2019a jamais r\u00e9ellement su s\u2019imposer \u00e0 l&rsquo;<strong>OM<\/strong>, malgr\u00e9 un potentiel technique certain. Pr\u00eat\u00e9 la saison derni\u00e8re au<strong> Panathina\u00efkos,<\/strong> le milieu de terrain marocain garde une bonne cote en <strong>Europe. G\u00e9rone <\/strong>surveillerait sa situation. <\/p>\n<p>                                            Un d\u00e9part en Espagne est valid\u00e9<\/p>\n<p>Ancien s\u00e9lectionneur de la <strong>Somalie, Rachid Loust\u00e8que<\/strong> l&rsquo;a encourag\u00e9 \u00e0 rejoindre la <strong>Liga <\/strong>durant ce mercato d&rsquo;\u00e9t\u00e9. \u00ab\u00a0Son pr\u00eat au Panathina\u00efkos lui a fait beaucoup de bien. L\u2019OM ne compte plus sur lui, et un transfert \u00e0 G\u00e9rone me para\u00eet une bonne option pour sa carri\u00e8re\u00a0\u00bb\u00a0a-t-il l\u00e2ch\u00e9 dans des propos rapport\u00e9s par Africa Foot.<\/p>\n","protected":false},"excerpt":{"rendered":"Dan Marciano &#8211; R\u00e9dacteur Titulaire d&rsquo;un Master de droit international, je me suis rendu compte au bout de&hellip;\n","protected":false},"author":2,"featured_media":345381,"comment_status":"","ping_status":"","sticky":false,"template":"","format":"standard","meta":{"footnotes":""},"categories":[1410],"tags":[63,1011,27,60],"class_list":{"0":"post-345380","1":"post","2":"type-post","3":"status-publish","4":"format-standard","5":"has-post-thumbnail","7":"category-football","8":"tag-football","9":"tag-fr","10":"tag-france","11":"tag-sports"},"share_on_mastodon":{"url":"https:\/\/pubeurope.com\/@fr\/115095601568746062","error":""},"_links":{"self":[{"href":"https:\/\/www.europesays.com\/fr\/wp-json\/wp\/v2\/posts\/345380","targetHints":{"allow":["GET"]}}],"collection":[{"href":"https:\/\/www.europesays.com\/fr\/wp-json\/wp\/v2\/posts"}],"about":[{"href":"https:\/\/www.europesays.com\/fr\/wp-json\/wp\/v2\/types\/post"}],"author":[{"embeddable":true,"href":"https:\/\/www.europesays.com\/fr\/wp-json\/wp\/v2\/users\/2"}],"replies":[{"embeddable":true,"href":"https:\/\/www.europesays.com\/fr\/wp-json\/wp\/v2\/comments?post=345380"}],"version-history":[{"count":0,"href":"https:\/\/www.europesays.com\/fr\/wp-json\/wp\/v2\/posts\/345380\/revisions"}],"wp:featuredmedia":[{"embeddable":true,"href":"https:\/\/www.europesays.com\/fr\/wp-json\/wp\/v2\/media\/345381"}],"wp:attachment":[{"href":"https:\/\/www.europesays.com\/fr\/wp-json\/wp\/v2\/media?parent=345380"}],"wp:term":[{"taxonomy":"category","embeddable":true,"href":"https:\/\/www.europesays.com\/fr\/wp-json\/wp\/v2\/categories?post=345380"},{"taxonomy":"post_tag","embeddable":true,"href":"https:\/\/www.europesays.com\/fr\/wp-json\/wp\/v2\/tags?post=345380"}],"curies":[{"name":"wp","href":"https:\/\/api.w.org\/{rel}","templated":true}]}}