{"id":345382,"date":"2025-08-26T14:44:13","date_gmt":"2025-08-26T14:44:13","guid":{"rendered":"https:\/\/www.europesays.com\/fr\/345382\/"},"modified":"2025-08-26T14:44:13","modified_gmt":"2025-08-26T14:44:13","slug":"exclu-public-tout-beau-tout-n9uf-lenorme-mensonge-de-loana","status":"publish","type":"post","link":"https:\/\/www.europesays.com\/fr\/345382\/","title":{"rendered":"Exclu Public : Tout beau, tout n9uf, l\u2019\u00e9norme mensonge de \u00ab\u00a0Loana\u00a0\u00bb"},"content":{"rendered":"<p>      R\u00e9sum\u00e9<\/p>\n<p>Une fausse annonce circulant sur TikTok pr\u00e9tend que Loana rejoindra l\u2019\u00e9mission de Cyril Hanouna sur W9, alors qu\u2019elle ne fait pas partie de l\u2019\u00e9quipe pr\u00e9vue.<\/p>\n<p>        Sommaire<\/p>\n<p>C&rsquo;est bient\u00f4t la rentr\u00e9e, sur W9 ! Et la toute nouvelle \u00e9mission de Cyril Hanouna arrive, plusieurs mois apr\u00e8s la fermeture d\u00e9finitive de C8. Si la liste des chroniqueurs de Baba pour TBT9 a d&rsquo;ores et d\u00e9j\u00e0 \u00e9t\u00e9 communiqu\u00e9e, ce 25 ao\u00fbt 2025, <strong>une certaine \u00ab\u00a0Loana\u00a0\u00bb a fait une grande annonce, sur TikTok.<\/strong> <\/p>\n<p>En effet, reprenant une photo de la c\u00e9l\u00e8bre <a href=\"https:\/\/vsd.fr\/73002-je-le-deteste-loana-se-confie-en-toute-franchise-sur-ses-rapports-actuels-avec-jean-edouard-lipa\/\" rel=\"nofollow noopener\" target=\"_blank\">h\u00e9ro\u00efne de t\u00e9l\u00e9r\u00e9alit\u00e9 r\u00e9v\u00e9l\u00e9e par Loft Story<\/a>, un compte a expliqu\u00e9 ce lundi : \u00ab\u00a0<strong>Retrouvez-moi d\u00e8s le 2 septembre<\/strong> deux fois par semaine dans l&rsquo;\u00e9mission tout beau tout 9 de Cvril Hanouna sur W9&Prime;.<\/p>\n<p>Et le texte reprenait m\u00eame le vocabulaire que la chanteuse de \u00ab\u00a0Comme je t&rsquo;aime\u00a0\u00bb. En effet, sur ce post, on pouvait lire : \u00ab\u00a0Mes loulous, j&rsquo;ai h\u00e2te de vous retrouver \u00e0 la rentr\u00e9e <strong>deux fois par semaine dans l&rsquo;\u00e9mission tout beau, tout 9<\/strong> sur W9 avec mon ami Cyril Hanouna\u00a0\u00bb. <\/p>\n<p>Ce n&rsquo;est pas la vraie Loana<\/p>\n<p>Plus encore, l&rsquo;information assurait : \u00ab\u00a0<strong>je serai votre chroniqueuse<\/strong> en esp\u00e9rant que vous m&rsquo;accueillerez bien\u00a0\u00bb. Et c&rsquo;est <strong>bien s\u00fbr une information inexacte. <\/strong><\/p>\n<p>En effet, depuis des mois maintenant, Cyril Hanouna parfait son \u00e9quipe. S&rsquo;il ne fera pas appel aux services de <a href=\"https:\/\/www.public.fr\/jean-michel-maire-kelly-vedovelli-beatrice-rosen-cyril-hanouna-ne-les-reprend-pas-sur-w9\" rel=\"nofollow noopener\" target=\"_blank\">Jean-Michel Maire, ni de Kelly Vedovelli<\/a>, la saison prochaine, on sait d&rsquo;ores qu&rsquo;il n&rsquo;a pas pr\u00e9vu d&rsquo;engager Loana non plus. <\/p>\n<p>Invit\u00e9e r\u00e9guli\u00e8re de ses \u00e9missions, elle ne sera pas autour de sa table comme le seront Val\u00e9rie B\u00e9na\u00efm et Raymond Aabou notamment. La blonde continue de vivre dans le sud de la France, en toute discr\u00e9tion. <\/p>\n<p>Les permanents et les occasionnels<\/p>\n<p>Pour ce qui est de Tout beau, tout neuf, on sait que <strong>Gilles Verdez<\/strong>, <strong>G\u00e9raldine Maillet<\/strong>, <strong>Isabelle Morini-Bosc<\/strong>, chroniqueurs embl\u00e9matiques de TPMP, en seront aussi. <\/p>\n<p>Par ailleurs, <strong>Danielle Moreau<\/strong> interviendra de mani\u00e8re occasionnelle tandis que <strong>Polska<\/strong>, d\u00e9barqu\u00e9e il y a deux ans, rejoint elle aussi le navire. Par contre, s&rsquo;il est une chroniqueuse qui sera bien l\u00e0, <a href=\"https:\/\/www.public.fr\/tout-beau-tout-9-cyril-hanouna-recrute-une-ancienne-ministre-du-gouvernement-macron\" rel=\"nofollow noopener\" target=\"_blank\">deux fois par semaine<\/a>, c&rsquo;est l&rsquo;ancienne ministre, Marl\u00e8ne Schiappa. <\/p>\n<p>Enceinte d&rsquo;un b\u00e9b\u00e9 miracle <a href=\"https:\/\/www.public.fr\/marlene-schiappa-se-marie-a-42-ans-avec-matthias-savignac-dans-une-ceremonie-intime-en-sicile\" rel=\"nofollow noopener\" target=\"_blank\">avec son mari, Mathias Savignac<\/a>, l&rsquo;ancienne membre du gouvernement appara\u00eetra aussi sur M6, dans l&rsquo;\u00e9mission \u00ab\u00a0Les Traitres\u00a0\u00bb. <\/p>\n<p>Toute reproduction interdite sans la mention Public et un lien r\u00e9digeant sur cet article<\/p>\n<p>      Mentionn\u00e9s dans cet article<\/p>\n<p>      Sur le m\u00eame sujet<\/p>\n","protected":false},"excerpt":{"rendered":"R\u00e9sum\u00e9 Une fausse annonce circulant sur TikTok pr\u00e9tend que Loana rejoindra l\u2019\u00e9mission de Cyril Hanouna sur W9, alors&hellip;\n","protected":false},"author":2,"featured_media":345383,"comment_status":"","ping_status":"","sticky":false,"template":"","format":"standard","meta":{"footnotes":""},"categories":[1359],"tags":[1083,58,59,5411,1011,27,13033,973,22498,22497],"class_list":{"0":"post-345382","1":"post","2":"type-post","3":"status-publish","4":"format-standard","5":"has-post-thumbnail","7":"category-people","8":"tag-cyril-hanouna","9":"tag-divertissement","10":"tag-entertainment","11":"tag-exclusivite-public","12":"tag-fr","13":"tag-france","14":"tag-loana","15":"tag-people","16":"tag-tout-9-tbt9","17":"tag-tout-beau"},"share_on_mastodon":{"url":"https:\/\/pubeurope.com\/@fr\/115095605353369016","error":""},"_links":{"self":[{"href":"https:\/\/www.europesays.com\/fr\/wp-json\/wp\/v2\/posts\/345382","targetHints":{"allow":["GET"]}}],"collection":[{"href":"https:\/\/www.europesays.com\/fr\/wp-json\/wp\/v2\/posts"}],"about":[{"href":"https:\/\/www.europesays.com\/fr\/wp-json\/wp\/v2\/types\/post"}],"author":[{"embeddable":true,"href":"https:\/\/www.europesays.com\/fr\/wp-json\/wp\/v2\/users\/2"}],"replies":[{"embeddable":true,"href":"https:\/\/www.europesays.com\/fr\/wp-json\/wp\/v2\/comments?post=345382"}],"version-history":[{"count":0,"href":"https:\/\/www.europesays.com\/fr\/wp-json\/wp\/v2\/posts\/345382\/revisions"}],"wp:featuredmedia":[{"embeddable":true,"href":"https:\/\/www.europesays.com\/fr\/wp-json\/wp\/v2\/media\/345383"}],"wp:attachment":[{"href":"https:\/\/www.europesays.com\/fr\/wp-json\/wp\/v2\/media?parent=345382"}],"wp:term":[{"taxonomy":"category","embeddable":true,"href":"https:\/\/www.europesays.com\/fr\/wp-json\/wp\/v2\/categories?post=345382"},{"taxonomy":"post_tag","embeddable":true,"href":"https:\/\/www.europesays.com\/fr\/wp-json\/wp\/v2\/tags?post=345382"}],"curies":[{"name":"wp","href":"https:\/\/api.w.org\/{rel}","templated":true}]}}