{"id":345386,"date":"2025-08-26T14:46:15","date_gmt":"2025-08-26T14:46:15","guid":{"rendered":"https:\/\/www.europesays.com\/fr\/345386\/"},"modified":"2025-08-26T14:46:15","modified_gmt":"2025-08-26T14:46:15","slug":"le-salon-du-livre-devoile-les-finalistes-de-ses-prix-litteraires","status":"publish","type":"post","link":"https:\/\/www.europesays.com\/fr\/345386\/","title":{"rendered":"Le Salon du livre d\u00e9voile les finalistes de ses prix litt\u00e9raires"},"content":{"rendered":"<p class=\"article-bodystyled__StyledText-sc-19uhgql-0 bGeyRM body-paragraph\">Le jeune auteur originaire du Lac-Saint-Jean voit effectivement son premier livre jeunesse, publi\u00e9 au printemps \u00e0 La courte \u00e9chelle, se frayer un chemin dans deux cat\u00e9gories. <\/p>\n<p class=\"article-bodystyled__StyledText-sc-19uhgql-0 bGeyRM body-paragraph\">Soit D\u00e9couverte, en compagnie du roman Contours (Stank\u00e9) d\u2019Ann-\u00c9lisabeth Pilote. Puis Jeunesse, o\u00f9 l\u2019on retrouve aussi Toxiques (Bayard Canada), \u0153uvre \u00e0 quatre mains de S\u00e9bastien Gagnon et Michel Lemieux, et Prof plan\u00e8te et sa brigade : Mission plastique (MultiMondes), livre color\u00e9 sign\u00e9 par Val\u00e9rie S. Langlois.<\/p>\n<p><img decoding=\"async\" data-chromatic=\"ignore\" alt=\"Le Jeannois d'origine Thomas Dufour est replong&#xE9; dans ses souvenirs de jeunesse pour &#xE9;crire Le club vid&#xE9;o. \" class=\"c-image\" loading=\"lazy\" src=\"https:\/\/www.europesays.com\/fr\/wp-content\/uploads\/2025\/08\/4XBR3CGZOBFXNNZX6HLHR4UQD4.jpg\"  width=\"1200\" height=\"902\"\/><\/p>\n<p class=\"image-metadata__MetadataParagraph-sc-1gfk7p2-0 cAaLKg image-metadata\">Le Jeannois d&rsquo;origine Thomas Dufour est replong\u00e9 dans ses souvenirs de jeunesse pour \u00e9crire Le club vid\u00e9o.  (Tir\u00e9e d&rsquo;internet)<\/p>\n<p class=\"article-bodystyled__StyledText-sc-19uhgql-0 bGeyRM body-paragraph\">Le jury aura par ailleurs un choix d\u00e9chirant \u00e0 faire dans la cat\u00e9gorie Roman \/ R\u00e9cit \/ Nouvelles, o\u00f9 l\u2019on retrouve trois \u0153uvres singuli\u00e8res, sign\u00e9es par des plumes famili\u00e8res: Les sentiers de neige (H\u00e9liotrope) de Kev Lambert, P\u00e9n\u00e9lope trouvera un titre (Hurlantes \u00c9ditrices) de Fran\u00e7ois Kearney, et Petite-Ville (M\u00e9moire d\u2019Encrier) de M\u00e9likah Abdelmoumen.<\/p>\n<p class=\"article-bodystyled__StyledText-sc-19uhgql-0 bGeyRM body-paragraph\">M\u00eame son de cloche dans Po\u00e9sie \/ Th\u00e9\u00e2tre, o\u00f9 deux grands noms se retrouvent. Celui de Michel Marc Bouchard, avec la version litt\u00e9raire de la pi\u00e8ce Une f\u00eate d\u2019enfants (Lem\u00e9ac), et Marie-Andr\u00e9e Gill, avec son quatri\u00e8me recueil, Uashtenam\u1d41 allumer quelque chose (La Peuplade).<\/p>\n<p><img decoding=\"async\" data-chromatic=\"ignore\" alt=\"Marie-Andr&#xE9;e Gill a lanc&#xE9; cette ann&#xE9;e son quatri&#xE8;me recueil de po&#xE9;sie: &lt;i&gt;Uashtenam&#x1D41;&lt;\/i&gt;  allumer quelque chose. \" class=\"c-image\" loading=\"lazy\" src=\"https:\/\/www.europesays.com\/fr\/wp-content\/uploads\/2025\/08\/ZKZG3AMMIZECTI4MUSP7FKUBDE.jpg\"  width=\"1200\" height=\"855\"\/><\/p>\n<p class=\"image-metadata__MetadataParagraph-sc-1gfk7p2-0 cAaLKg image-metadata\">Marie-Andr\u00e9e Gill a lanc\u00e9 cette ann\u00e9e son quatri\u00e8me recueil de po\u00e9sie: Uashtenam\u1d41  allumer quelque chose.  (Fr\u00e9d\u00e9ric Matte\/Archives Le Soleil)<\/p>\n<p class=\"article-bodystyled__StyledText-sc-19uhgql-0 bGeyRM body-paragraph\">Finalement, dans la cat\u00e9gorie Int\u00e9r\u00eat g\u00e9n\u00e9ral, trois publications sont en nomination. Soit La beaut\u00e9 de Cl\u00e9op\u00e2tre (La Peuplade) de Mustapha Fahmi, Autopsie du premier sexe (L\u2019instant m\u00eame) de Chantale Proulx, ainsi que Au temps du bois debout (Saguenayensia), de Marianne Fortin et Maxime Fleury.<\/p>\n<p><img decoding=\"async\" data-chromatic=\"ignore\" alt=\"Le livre &lt;i&gt;La beaut&#xE9; de Cl&#xE9;op&#xE2;tre&lt;\/i&gt;, de Mustapha Fahmi, se retrouve en nomination dans la cat&#xE9;gorie Int&#xE9;r&#xEA;t g&#xE9;n&#xE9;ral.\" class=\"c-image\" loading=\"lazy\" src=\"https:\/\/www.europesays.com\/fr\/wp-content\/uploads\/2025\/08\/NW2E4LMPVVCKBCWOZUCV3JJLHA.jpg\"  width=\"1200\" height=\"800\"\/><\/p>\n<p class=\"image-metadata__MetadataParagraph-sc-1gfk7p2-0 cAaLKg image-metadata\">Le livre La beaut\u00e9 de Cl\u00e9op\u00e2tre, de Mustapha Fahmi, se retrouve en nomination dans la cat\u00e9gorie Int\u00e9r\u00eat g\u00e9n\u00e9ral. (Sophie Lavoie\/Archives Le Quotidien)<\/p>\n<p class=\"article-bodystyled__StyledText-sc-19uhgql-0 bGeyRM body-paragraph\">C\u2019est le jeudi 25 septembre prochain \u00e0 19 h, \u00e0 l\u2019occasion de la c\u00e9r\u00e9monie d\u2019ouverture de la 61e \u00e9dition, dans le nouvel espace du Salon \u00e0 Place Centre-Ville Jonqui\u00e8re, que seront d\u00e9voil\u00e9s les gagnants. Tous les laur\u00e9ats recevront alors une bourse de 1000 $. <\/p>\n<p><img decoding=\"async\" data-chromatic=\"ignore\" alt=\"Marianne Fortin et Maxime Fleury ont retrac&#xE9; le parcours des premiers colons de la r&#xE9;gion, avec le livre &lt;i&gt;Au temps des bois debout&lt;\/i&gt;.\" class=\"c-image\" loading=\"lazy\" src=\"https:\/\/www.europesays.com\/fr\/wp-content\/uploads\/2025\/08\/PYKAHYZ5TNDETPJJD5LQ3KNEIM.jpg\"  width=\"1200\" height=\"789\"\/><\/p>\n<p class=\"image-metadata__MetadataParagraph-sc-1gfk7p2-0 cAaLKg image-metadata\">Marianne Fortin et Maxime Fleury ont retrac\u00e9 le parcours des premiers colons de la r\u00e9gion, avec le livre Au temps des bois debout. (Tom Core\/Archives Le Quotidien)<\/p>\n<p class=\"article-bodystyled__StyledText-sc-19uhgql-0 bGeyRM body-paragraph\">D\u2019ici l\u00e0, les 12 \u0153uvres finalistes seront pr\u00e9sent\u00e9es au public \u00e0 travers une s\u00e9rie de capsules Web, sur les r\u00e9seaux sociaux du Salon. Apr\u00e8s la tenue de l\u2019\u00e9v\u00e9nement, elles seront \u00e9galement mises en valeur dans une exposition pr\u00e9sent\u00e9e \u00e0 m\u00eame la passerelle de la Rivi\u00e8re-aux-Sables. <\/p>\n<p class=\"article-bodystyled__StyledText-sc-19uhgql-0 bGeyRM body-paragraph\">Le Salon du livre du Saguenay-Lac-Saint-Jean r\u00e9compense ainsi les meilleures \u0153uvres litt\u00e9raires r\u00e9gionales depuis plus de 30 ans. <\/p>\n","protected":false},"excerpt":{"rendered":"Le jeune auteur originaire du Lac-Saint-Jean voit effectivement son premier livre jeunesse, publi\u00e9 au printemps \u00e0 La courte&hellip;\n","protected":false},"author":2,"featured_media":345387,"comment_status":"","ping_status":"","sticky":false,"template":"","format":"standard","meta":{"footnotes":""},"categories":[1357],"tags":[1379,58,59,1011,27,1380],"class_list":{"0":"post-345386","1":"post","2":"type-post","3":"status-publish","4":"format-standard","5":"has-post-thumbnail","7":"category-livres","8":"tag-books","9":"tag-divertissement","10":"tag-entertainment","11":"tag-fr","12":"tag-france","13":"tag-livres"},"share_on_mastodon":{"url":"https:\/\/pubeurope.com\/@fr\/115095613699989244","error":""},"_links":{"self":[{"href":"https:\/\/www.europesays.com\/fr\/wp-json\/wp\/v2\/posts\/345386","targetHints":{"allow":["GET"]}}],"collection":[{"href":"https:\/\/www.europesays.com\/fr\/wp-json\/wp\/v2\/posts"}],"about":[{"href":"https:\/\/www.europesays.com\/fr\/wp-json\/wp\/v2\/types\/post"}],"author":[{"embeddable":true,"href":"https:\/\/www.europesays.com\/fr\/wp-json\/wp\/v2\/users\/2"}],"replies":[{"embeddable":true,"href":"https:\/\/www.europesays.com\/fr\/wp-json\/wp\/v2\/comments?post=345386"}],"version-history":[{"count":0,"href":"https:\/\/www.europesays.com\/fr\/wp-json\/wp\/v2\/posts\/345386\/revisions"}],"wp:featuredmedia":[{"embeddable":true,"href":"https:\/\/www.europesays.com\/fr\/wp-json\/wp\/v2\/media\/345387"}],"wp:attachment":[{"href":"https:\/\/www.europesays.com\/fr\/wp-json\/wp\/v2\/media?parent=345386"}],"wp:term":[{"taxonomy":"category","embeddable":true,"href":"https:\/\/www.europesays.com\/fr\/wp-json\/wp\/v2\/categories?post=345386"},{"taxonomy":"post_tag","embeddable":true,"href":"https:\/\/www.europesays.com\/fr\/wp-json\/wp\/v2\/tags?post=345386"}],"curies":[{"name":"wp","href":"https:\/\/api.w.org\/{rel}","templated":true}]}}