{"id":345388,"date":"2025-08-26T14:47:17","date_gmt":"2025-08-26T14:47:17","guid":{"rendered":"https:\/\/www.europesays.com\/fr\/345388\/"},"modified":"2025-08-26T14:47:17","modified_gmt":"2025-08-26T14:47:17","slug":"cest-effrayant-mais-captivant-le-littoral-francais-en-alerte-face-a-larrivee-de-la-houle-cyclonique","status":"publish","type":"post","link":"https:\/\/www.europesays.com\/fr\/345388\/","title":{"rendered":"\u00ab\u00a0C&rsquo;est effrayant, mais captivant\u00a0\u00bb : le littoral fran\u00e7ais en alerte face \u00e0 l&rsquo;arriv\u00e9e de la houle cyclonique"},"content":{"rendered":"<ul class=\"jsx-862013697 ArticleChapo__List\">\n<li class=\"jsx-862013697 ArticleChapo__List_Item flex\">Une houle \u00ab\u00a0atypique\u00a0\u00bb en \u00e9t\u00e9 s&rsquo;est abattue mardi sur le littoral atlantique.<\/li>\n<li class=\"jsx-862013697 ArticleChapo__List_Item flex\">Des vagues d\u00e9passant les 4 \u00e0 6 m\u00e8tres, caus\u00e9es par l&rsquo;ex-ouragan Erin, frappent notamment les plages de Biarritz ou de Biscarrosse dans les Landes.<\/li>\n<li class=\"jsx-862013697 ArticleChapo__List_Item flex\">Le ph\u00e9nom\u00e8ne est renforc\u00e9 par de forts coefficient de mar\u00e9e et pourrait durer jusqu&rsquo;\u00e0 vendredi.<\/li>\n<\/ul>\n<p><a href=\"https:\/\/www.tf1info.fr\/emissions\/tf1\/le-13h-10927\/\" rel=\"noopener\" class=\"jsx-484472199 Link jsx-1428418400 jsx-640816507\" target=\"_blank\"><\/p>\n<p style=\"font-weight:400\" class=\"jsx-1837267516\">Suivez la couverture compl\u00e8te<\/p>\n<p style=\"font-weight:800\" class=\"jsx-1837267516\">Le 13H<\/p>\n<p><\/a><\/p>\n<p data-module=\"article-paragraph\" class=\"jsx-3046738180 Paragraph Paragraph__End\">Elle arrive sur les c\u00f4tes bretonnes. Une houle \u00ab\u00a0atypique\u00a0\u00bb en \u00e9t\u00e9 approche du littoral du nord de la France. En cause ? L&rsquo;ex-ouragan Erin, dans l&rsquo;Atlantique, qui a menac\u00e9 la c\u00f4te orientale des \u00c9tats-Unis la semaine derni\u00e8re. Cette <a href=\"https:\/\/www.tf1info.fr\/meteo\/des-vagues-jusqu-a-5-metres-gare-a-cette-houle-cyclonique-attendue-sur-la-facade-atlantique-2390743.html\" target=\"_blank\" rel=\"noopener\">houle dite cyclonique<\/a> touche depuis mardi 26 ao\u00fbt les c\u00f4tes fran\u00e7aises, amplifi\u00e9e par les forts coefficients de mar\u00e9e. Un ph\u00e9nom\u00e8ne qui pourrait durer jusqu&rsquo;\u00e0 vendredi. Dans le d\u00e9partement des C\u00f4tes-d&rsquo;Armor, <a href=\"https:\/\/vigilance.meteofrance.fr\/fr\" target=\"_blank\" rel=\"nofollow noopener\">plac\u00e9 par M\u00e9t\u00e9o-France en vigilance jaune \u00ab\u00a0vagues-submersion\u00a0\u00bb (nouvelle fen\u00eatre)<\/a> tout comme le Finist\u00e8re et plus au sud les Pyr\u00e9n\u00e9es-Atlantiques, les Landes, la Gironde et la Charente-Maritime.<\/p>\n<p><img decoding=\"async\" src=\"https:\/\/www.europesays.com\/fr\/wp-content\/uploads\/2025\/08\/image-satellite-ouragan-erin-atlantique-2e55e1-0@1x.jpeg\" alt=\"Image satellite de l'ouragan Erin dans l'Atlantique - TF1\" loading=\"lazy\" importance=\"low\" fetchpriority=\"low\" class=\"\" data-module=\"article-image\"\/>Image satellite de l&rsquo;ouragan Erin dans l&rsquo;Atlantique &#8211; TF1<\/p>\n<p data-module=\"article-paragraph\" class=\"jsx-3046738180 Paragraph Paragraph__End\">\u00c0 Paimpol, les curieux \u00e9taient nombreux \u00e0 venir observer cette houle rare pour un mois d&rsquo;ao\u00fbt. \u00ab\u00a0C&rsquo;est effrayant, mais c&rsquo;est captivant. C&rsquo;est \u00e7a qui est bon\u00a0\u00bb, t\u00e9moigne un r\u00e9sident dans le reportage en t\u00eate de cet article. \u00ab\u00a0C&rsquo;est puissant. On voit \u00e7a plus l&rsquo;hiver, mais \u00e0 cette \u00e9poque l\u00e0 non, c&rsquo;est assez rare\u00a0\u00bb, raconte un autre.<\/p>\n<p><a href=\"https:\/\/www.tf1info.fr\/meteo\/vents-violents-et-pluies-intenses-la-tempete-tropicale-erin-premier-ouragan-de-la-saison-menace-les-caraibes-2388995.html\" rel=\"noopener\" class=\"jsx-3308031228 Link flex\" target=\"_blank\"><img decoding=\"async\" src=\"https:\/\/www.europesays.com\/fr\/wp-content\/uploads\/2025\/08\/erin-ouragan-2025-c56558-0@1x.jpeg\" alt=\"Handout \/ GETTY IMAGES NORTH AMERICA \/ Getty Images via AFP\" loading=\"lazy\" importance=\"low\" fetchpriority=\"low\" class=\"\" aria-hidden=\"true\"\/><\/p>\n<p class=\"jsx-3657663356 ReadMoreArticle__Title\">Lire aussi<\/p>\n<p class=\"jsx-3657663356\"> Vents violents et pluies intenses : Erin, le premier ouragan de la saison, menace les Cara\u00efbes<\/p>\n<p><\/a><\/p>\n<p data-module=\"article-paragraph\" class=\"jsx-3046738180 Paragraph Paragraph__End\">L&rsquo;intensit\u00e9 du ph\u00e9nom\u00e8ne devrait diminuer progressivement en Bretagne, mais pourrait se renforcer ailleurs, notamment sur les c\u00f4tes du sud-ouest. Le drapeau rouge est hiss\u00e9 sur les plages de Biarritz, les plages sont interdites \u00e0 Biscarrosse, dans les Landes. \u00c0 Saint-Jean-de-Luz, dans les Pyr\u00e9n\u00e9es-Atlantiques, les appels \u00e0 la vigilance se sont multipli\u00e9s, principalement parce que le ph\u00e9nom\u00e8ne de houle cyclonique est particulier : il s&rsquo;accompagne de peu de vents avec des submersions inattendues. En moyenne, la p\u00e9riode, c&rsquo;est-\u00e0-dire l&rsquo;espacement entre deux vagues, est de dix secondes. Avec cette houle, elle peut atteindre 20 secondes, avec des vagues plus hautes et donc plus puissantes.\u00a0<\/p>\n<p><img decoding=\"async\" src=\"https:\/\/www.europesays.com\/fr\/wp-content\/uploads\/2025\/08\/periode-de-vagues-durant-une-houle-cyclonique-ceb4b4-0@1x.jpeg\" alt=\"P\u00e9riode ente les vagues lors d'une houle cyclonique - TF1\" loading=\"lazy\" importance=\"low\" fetchpriority=\"low\" class=\"\" data-module=\"article-image\"\/>P\u00e9riode ente les vagues lors d&rsquo;une houle cyclonique &#8211; TF1<\/p>\n<p data-module=\"article-paragraph\" class=\"jsx-3046738180 Paragraph Paragraph__End\">Face \u00e0 ces risques, la ville de Biarritz a install\u00e9 sur son littoral d&rsquo;immenses sacs de sables, car d&rsquo;importantes submersions sont redout\u00e9es d\u00e8s ce mardi soir. \u00ab\u00a0On a une houle qui arrive avec une tr\u00e8s forte \u00e9nergie et on a des gros coefficients [de mar\u00e9e]. C&rsquo;est-\u00e0-dire qu&rsquo;on va avoir une grosse diff\u00e9rence entre la mar\u00e9e basse et la mar\u00e9e haute. \u00c7a va faire des vagues qui vont s\u00fbrement d\u00e9passer le promenoir\u00a0\u00bb, alerte Romain Ragouet, sauveteur sur la plage de Biarritz.\u00a0<\/p>\n<p><img decoding=\"async\" src=\"https:\/\/www.europesays.com\/fr\/wp-content\/uploads\/2025\/08\/plage-de-biarritz-houle-cyclonique-aout-2025-2599d2-0@1x.jpeg\" alt=\"La ville de Biarritz se prot\u00e8ge face \u00e0 l'arriv\u00e9e de la houle cyclonique - TF1\" loading=\"lazy\" importance=\"low\" fetchpriority=\"low\" class=\"\" data-module=\"article-image\"\/>La ville de Biarritz se prot\u00e8ge face \u00e0 l&rsquo;arriv\u00e9e de la houle cyclonique &#8211; TF1<\/p>\n<p data-module=\"article-paragraph\" class=\"jsx-3046738180 Paragraph Paragraph__End\">Ces prochains jours, la vigilance est donc de mise, pour profiter en toute s\u00e9curit\u00e9 de cette rare houle cyclonique qui frappe les c\u00f4tes fran\u00e7aises.<\/p>\n<p>La r\u00e9daction de TF1info | Reportage TF1 : Beno\u00eet CHRISTAL, Alice BROUSSE et Irvin BLONZ<\/p>\n","protected":false},"excerpt":{"rendered":"Une houle \u00ab\u00a0atypique\u00a0\u00bb en \u00e9t\u00e9 s&rsquo;est abattue mardi sur le littoral atlantique. Des vagues d\u00e9passant les 4 \u00e0&hellip;\n","protected":false},"author":2,"featured_media":345389,"comment_status":"","ping_status":"","sticky":false,"template":"","format":"standard","meta":{"footnotes":""},"categories":[1356],"tags":[1111,11,1921,829,58,59,1011,27,1922,5008,46266,11008,252,1364,133,11009],"class_list":{"0":"post-345388","1":"post","2":"type-post","3":"status-publish","4":"format-standard","5":"has-post-thumbnail","7":"category-television","8":"tag-actu","9":"tag-actualites","10":"tag-article-video","11":"tag-bretagne","12":"tag-divertissement","13":"tag-entertainment","14":"tag-fr","15":"tag-france","16":"tag-info","17":"tag-le-13h","18":"tag-ouragan","19":"tag-phenomenes-meteo","20":"tag-television","21":"tag-tv","22":"tag-video","23":"tag-video-meteo-et-intemperies"},"share_on_mastodon":{"url":"https:\/\/pubeurope.com\/@fr\/115095617305252244","error":""},"_links":{"self":[{"href":"https:\/\/www.europesays.com\/fr\/wp-json\/wp\/v2\/posts\/345388","targetHints":{"allow":["GET"]}}],"collection":[{"href":"https:\/\/www.europesays.com\/fr\/wp-json\/wp\/v2\/posts"}],"about":[{"href":"https:\/\/www.europesays.com\/fr\/wp-json\/wp\/v2\/types\/post"}],"author":[{"embeddable":true,"href":"https:\/\/www.europesays.com\/fr\/wp-json\/wp\/v2\/users\/2"}],"replies":[{"embeddable":true,"href":"https:\/\/www.europesays.com\/fr\/wp-json\/wp\/v2\/comments?post=345388"}],"version-history":[{"count":0,"href":"https:\/\/www.europesays.com\/fr\/wp-json\/wp\/v2\/posts\/345388\/revisions"}],"wp:featuredmedia":[{"embeddable":true,"href":"https:\/\/www.europesays.com\/fr\/wp-json\/wp\/v2\/media\/345389"}],"wp:attachment":[{"href":"https:\/\/www.europesays.com\/fr\/wp-json\/wp\/v2\/media?parent=345388"}],"wp:term":[{"taxonomy":"category","embeddable":true,"href":"https:\/\/www.europesays.com\/fr\/wp-json\/wp\/v2\/categories?post=345388"},{"taxonomy":"post_tag","embeddable":true,"href":"https:\/\/www.europesays.com\/fr\/wp-json\/wp\/v2\/tags?post=345388"}],"curies":[{"name":"wp","href":"https:\/\/api.w.org\/{rel}","templated":true}]}}